{"id":100548,"date":"2025-11-20T18:38:01","date_gmt":"2025-11-21T00:38:01","guid":{"rendered":"https:\/\/redsemlac.com\/semmexico\/?p=100548"},"modified":"2025-11-21T15:03:50","modified_gmt":"2025-11-21T21:03:50","slug":"lamalaeducacion-la-bandera-blanca-que-nunca-llega","status":"publish","type":"post","link":"https:\/\/redsemlac.com\/semmexico\/lamalaeducacion-la-bandera-blanca-que-nunca-llega\/","title":{"rendered":"#LaMalaEducaci\u00f3n \/ La bandera blanca que nunca llega"},"content":{"rendered":"\n<p class=\"wp-block-paragraph\">Sonia del Valle<\/p>\n\n\n\n<p class=\"wp-block-paragraph\">SemM\u00e9xico. Ciudad de M\u00e9xico. 20 de noviembre de 2025.- El secretario de Educaci\u00f3n, Mario Delgado, asegur\u00f3 hace unos d\u00edas que M\u00e9xico est\u00e1 \u201cmuy cerca de ondear la bandera blanca del analfabetismo\u201d. No es el primero en decirlo; tampoco ser\u00e1 el \u00faltimo. Lo s\u00e9 porque llevo d\u00e9cadas escuchando exactamente la misma promesa, con las mismas palabras y el mismo entusiasmo. Esa frase \u2014o alguna versi\u00f3n casi id\u00e9ntica\u2014 se la he o\u00eddo ya a diez secretarios de Educaci\u00f3n. Por eso me hizo eco inmediato.<\/p>\n\n\n\n<p class=\"wp-block-paragraph\">Reyes Tamez Guerra, secretario de Educaci\u00f3n con Vicente Fox, lo afirm\u00f3 en 2003: \u201cvamos a eliminar el analfabetismo\u201d.<br>Josefina V\u00e1zquez Mota, la primera de los tres secretarios del sexenio de Felipe Calder\u00f3n, dijo en 2006: \u201cM\u00e9xico puede ser un pa\u00eds plenamente alfabetizado\u201d. (Aj\u00e1).<br>Alonso Lujambio (QEPD), segundo secretario de Calder\u00f3n, hablaba de \u201ccerrar la brecha\u201d mientras aseguraba que incluso las telenovelas eran herramientas para combatir el rezago.<br>Jos\u00e9 C\u00f3rdova Villalobos hablaba de un gran \u201ccompromiso nacional\u201d para erradicarlo.<br>Emilio Chuayffet, ya en el sexenio de Pe\u00f1a Nieto, urg\u00eda a \u201cacelerar el paso\u201d.<br>Aurelio Nu\u00f1o presum\u00eda en 2017 que \u201csolo el 5% de la poblaci\u00f3n es analfabeta\u201d.<br>Otto Granados fue todav\u00eda m\u00e1s lejos en 2018: M\u00e9xico \u2014dec\u00eda\u2014 ya pod\u00eda \u201cconsiderarse alfabetizado\u201d porque la tasa estaba en 4%.<br>Esteban Moctezuma anunci\u00f3 en 2020 que el analfabetismo hab\u00eda bajado del 4 al 3.8%.<br>Delfina G\u00f3mez promet\u00eda no dejar a \u201cnadie atr\u00e1s\u201d.<br>Y Leticia Ram\u00edrez aseguraba que combatir el analfabetismo era congruente con \u201clos principios de la transformaci\u00f3n\u201d, y que \u201cninguna persona ser\u00eda excluida\u201d.<\/p>\n\n\n\n<p class=\"wp-block-paragraph\">Hoy, Mario Delgado retoma la tradici\u00f3n y asegura que 2026 ser\u00e1 recordado como el a\u00f1o en que \u201cizaremos la bandera blanca de la UNESCO\u201d y declararemos al pa\u00eds \u201cterritorio libre de analfabetismo\u201d.<\/p>\n\n\n\n<p class=\"wp-block-paragraph\">Si por declaraciones fuera, ya habr\u00edamos erradicado el analfabetismo tres veces.<\/p>\n\n\n\n<p class=\"wp-block-paragraph\">Porque s\u00ed, hay que reconocerlo: el optimismo de nuestros secretarios de Educaci\u00f3n es incansable. Pero la pregunta inevitable es:<br>\u00bfcu\u00e1nta distancia hay entre ese discurso y la realidad?<\/p>\n\n\n\n<p class=\"wp-block-paragraph\">Seg\u00fan el Censo 2020, m\u00e1s de 4.4 millones de personas en M\u00e9xico no saben leer ni escribir.<br>Y la mayor\u00eda \u2014seis de cada diez\u2014 son mujeres, adultas mayores, ind\u00edgenas y en condici\u00f3n de pobreza. Es decir, los sectores que hist\u00f3ricamente han sido excluidos y para quienes no basta un programa temporal, una campa\u00f1a o un gran anuncio desde el templete.<\/p>\n\n\n\n<p class=\"wp-block-paragraph\">La verdad es inc\u00f3moda:<br>M\u00e9xico no ha erradicado el analfabetismo.<br>Lo ha administrado.<br>Lo ha maquillado.<br>Lo ha usado como promesa de campa\u00f1a y como logro anticipado.<\/p>\n\n\n\n<p class=\"wp-block-paragraph\">La bandera blanca no se iza con un bolet\u00edn, ni con conferencias entusiastas, ni con frases que se repiten cada sexenio.<br>Se iza cuando ninguna mujer mayor tenga que firmar con una cruz porque nadie le ense\u00f1\u00f3 a escribir su nombre.<br>Cuando ninguna mujer u hombre ind\u00edgena diga \u201cno s\u00e9 leer\u201d como si fuera su culpa y no el abandono del Estado.<br>Cuando la alfabetizaci\u00f3n deje de ser un discurso y se convierta en un derecho ejercido.<\/p>\n\n\n\n<p class=\"wp-block-paragraph\">Mientras eso no ocurra, cada secretario podr\u00e1 anunciar su propia bandera blanca\u2026<br>pero en el pa\u00eds real, el m\u00e1stil seguir\u00e1 vac\u00edo.<\/p>\n","protected":false},"excerpt":{"rendered":"<p>Sonia del Valle SemM\u00e9xico. Ciudad de M\u00e9xico. 20 de noviembre de 2025.- El secretario de Educaci\u00f3n, Mario Delgado, asegur\u00f3 hace unos d\u00edas que M\u00e9xico est\u00e1 \u201cmuy cerca de ondear la bandera blanca del analfabetismo\u201d. No es el primero en decirlo; tampoco ser\u00e1 el \u00faltimo. Lo s\u00e9 porque llevo d\u00e9cadas escuchando exactamente la misma promesa, con [&hellip;]<\/p>\n","protected":false},"author":3,"featured_media":97789,"comment_status":"open","ping_status":"open","sticky":false,"template":"","format":"standard","meta":{"_monsterinsights_skip_tracking":false,"footnotes":""},"categories":[694],"tags":[],"class_list":["post-100548","post","type-post","status-publish","format-standard","has-post-thumbnail","category-destacadas"],"_links":{"self":[{"href":"https:\/\/redsemlac.com\/semmexico\/wp-json\/wp\/v2\/posts\/100548","targetHints":{"allow":["GET"]}}],"collection":[{"href":"https:\/\/redsemlac.com\/semmexico\/wp-json\/wp\/v2\/posts"}],"about":[{"href":"https:\/\/redsemlac.com\/semmexico\/wp-json\/wp\/v2\/types\/post"}],"author":[{"embeddable":true,"href":"https:\/\/redsemlac.com\/semmexico\/wp-json\/wp\/v2\/users\/3"}],"replies":[{"embeddable":true,"href":"https:\/\/redsemlac.com\/semmexico\/wp-json\/wp\/v2\/comments?post=100548"}],"version-history":[{"count":0,"href":"https:\/\/redsemlac.com\/semmexico\/wp-json\/wp\/v2\/posts\/100548\/revisions"}],"wp:featuredmedia":[{"embeddable":true,"href":"https:\/\/redsemlac.com\/semmexico\/wp-json\/wp\/v2\/media\/97789"}],"wp:attachment":[{"href":"https:\/\/redsemlac.com\/semmexico\/wp-json\/wp\/v2\/media?parent=100548"}],"wp:term":[{"taxonomy":"category","embeddable":true,"href":"https:\/\/redsemlac.com\/semmexico\/wp-json\/wp\/v2\/categories?post=100548"},{"taxonomy":"post_tag","embeddable":true,"href":"https:\/\/redsemlac.com\/semmexico\/wp-json\/wp\/v2\/tags?post=100548"}],"curies":[{"name":"wp","href":"https:\/\/api.w.org\/{rel}","templated":true}]}}