{"id":100543,"date":"2025-11-20T17:53:28","date_gmt":"2025-11-20T23:53:28","guid":{"rendered":"https:\/\/redsemlac.com\/semmexico\/?p=100543"},"modified":"2025-11-20T17:53:29","modified_gmt":"2025-11-20T23:53:29","slug":"opinion-franco-la-noticia-que-no-pudo-ser-en-mexico","status":"publish","type":"post","link":"https:\/\/redsemlac.com\/semmexico\/opinion-franco-la-noticia-que-no-pudo-ser-en-mexico\/","title":{"rendered":"Opini\u00f3n| Franco: la noticia que no pudo ser en M\u00e9xico"},"content":{"rendered":"\n<p class=\"wp-block-paragraph\">Gerardo Arreola<\/p>\n\n\n\n<p class=\"wp-block-paragraph\">SemM\u00e9xico, Cd. de M\u00e9xico, 20 de noviembre, 2025.- Francisco Franco muere en Madrid en la madrugada del s\u00e1bado 20 de noviembre de 1975, pero los diarios mexicanos no pueden publicar la noticia.<\/p>\n\n\n\n<p class=\"wp-block-paragraph\">Con siete horas de diferencia, en M\u00e9xico apenas termina el viernes 19. Las redacciones deber\u00edan estar entonces trepidando con la edici\u00f3n del d\u00eda siguiente, pero esa noche son salas oscuras y vac\u00edas.<\/p>\n\n\n\n<p class=\"wp-block-paragraph\">El 20 de noviembre, aniversario de la Revoluci\u00f3n Mexicana, feriado obligatorio, no se publicar\u00e1 ning\u00fan peri\u00f3dico, seg\u00fan la costumbre de la \u00e9poca.<\/p>\n\n\n\n<p class=\"wp-block-paragraph\">Una noticia y sus materiales de contexto, preparados durante semanas, tienen que esperar un d\u00eda m\u00e1s. M\u00e9xico se entera por los informativos de radio y televisi\u00f3n.<\/p>\n\n\n\n<figure class=\"wp-block-image size-full\"><a href=\"https:\/\/redsemlac.com\/semmexico\/wp-content\/uploads\/2025\/11\/opinion-noticia-que-no-pudo-ser-01.jpg\"><img loading=\"lazy\" decoding=\"async\" width=\"700\" height=\"525\" src=\"https:\/\/redsemlac.com\/semmexico\/wp-content\/uploads\/2025\/11\/opinion-noticia-que-no-pudo-ser-01.jpg\" alt=\"\" class=\"wp-image-100545\" srcset=\"https:\/\/redsemlac.com\/semmexico\/wp-content\/uploads\/2025\/11\/opinion-noticia-que-no-pudo-ser-01.jpg 700w, https:\/\/redsemlac.com\/semmexico\/wp-content\/uploads\/2025\/11\/opinion-noticia-que-no-pudo-ser-01-300x225.jpg 300w, https:\/\/redsemlac.com\/semmexico\/wp-content\/uploads\/2025\/11\/opinion-noticia-que-no-pudo-ser-01-150x113.jpg 150w, https:\/\/redsemlac.com\/semmexico\/wp-content\/uploads\/2025\/11\/opinion-noticia-que-no-pudo-ser-01-696x522.jpg 696w\" sizes=\"auto, (max-width: 700px) 100vw, 700px\" \/><\/a><\/figure>\n\n\n\n<p class=\"wp-block-paragraph\"><strong>Portada de\u00a0<em>El D\u00eda<\/em>\u00a0del 21 de noviembre de 1975. Consultado en la Biblioteca Miguel Lerdo de Tejada de la Secretar\u00eda de Hacienda, Ciudad de M\u00e9xico<\/strong><\/p>\n\n\n\n<p class=\"wp-block-paragraph\">Fue distinto con el \u00faltimo acto sanguinario del dictador, en septiembre de ese mismo a\u00f1o. Consejos de guerra sumar\u00edsimos dictan once sentencias de muerte contra miembros de grupos armados. El gobierno indulta s\u00f3lo a seis. Franco desoye el clamor mundial de clemencia, incluso de su hermano Nicol\u00e1s, de la jerarqu\u00eda cat\u00f3lica espa\u00f1ola y del Papa Paulo VI.<\/p>\n\n\n\n<p class=\"wp-block-paragraph\">Ya otra ejecuci\u00f3n hab\u00eda horrorizado al mundo: la del tambi\u00e9n militante Salvador Puig Antich, el 2 de marzo de 1974. Igual que el condenado por delitos comunes Heinz Chez, muri\u00f3 por garrote vil, una macabra herramienta de origen medieval que trituraba huesos y v\u00e9rtebras del cuello.<\/p>\n\n\n\n<p class=\"wp-block-paragraph\">Cuando transcurren los juicios de 1975, entre los directivos de los diarios mexicanos hay alguien que conoce y sigue la actualidad espa\u00f1ola al mil\u00edmetro: el subdirector de&nbsp;<em>El D\u00eda<\/em>, Jorge Aymam\u00ed Puig, catal\u00e1n exiliado, hijo de un veterano de la Rep\u00fablica.<\/p>\n\n\n\n<p class=\"wp-block-paragraph\">Ha contratado a un corresponsal que se mueve en la semi-clandestinidad, firma con el seud\u00f3nimo de Mario Zapata y env\u00eda sus textos por correo. Era el periodista, tambi\u00e9n republicano, despu\u00e9s emigrado a M\u00e9xico, Antonio P\u00e9rez Garc\u00eda.<\/p>\n\n\n\n<p class=\"wp-block-paragraph\">Aymam\u00ed cavila durante d\u00edas a medida que se perfila un desenlace fatal. Conversa con directivos y redactores, para escoger las palabras exactas que resuman el momento. Se decide por un titular: \u201cAsco mundial\u201d.<\/p>\n\n\n\n<p class=\"wp-block-paragraph\">La sentencia de muerte por fusilamiento se cumple en Burgos, Barcelona y Hoyo de Manzanares (Madrid), en la ma\u00f1ana del s\u00e1bado 27 de septiembre. Todav\u00eda es madrugada en M\u00e9xico.<\/p>\n\n\n\n<p class=\"wp-block-paragraph\">La noticia aparece primero en los vespertinos de la capital mexicana. La frase escogida para&nbsp;<em>El D\u00eda&nbsp;<\/em>se la lleva su propio diario de la tarde,&nbsp;<em>Crucero<\/em>.<\/p>\n\n\n\n<p class=\"wp-block-paragraph\">M\u00e9xico no tiene relaciones diplom\u00e1ticas con Espa\u00f1a. Al contrario, reconoce a una simb\u00f3lica embajada de la Rep\u00fablica.<\/p>\n\n\n\n<p class=\"wp-block-paragraph\">Pero el presidente Luis Echeverr\u00eda rompe los escasos v\u00ednculos bilaterales con Madrid. Cancela todos los vuelos entre ambos pa\u00edses, cierra la oficina comercial espa\u00f1ola y la agencia de noticias EFE. Pide que el r\u00e9gimen de Franco sea expulsado de la ONU.<\/p>\n\n\n\n<p class=\"wp-block-paragraph\">Cuando en octubre Franco enferma de gripa, a sus 82 a\u00f1os, las redacciones mexicanas, como las de muchas partes del mundo, entran en alerta.<\/p>\n\n\n\n<p class=\"wp-block-paragraph\"><strong>Prensa, censura y estruendo<\/strong><\/p>\n\n\n\n<p class=\"wp-block-paragraph\">El cardi\u00f3logo Jos\u00e9 Luis Palma G\u00e1miz era el m\u00e1s joven del equipo m\u00e9dico. En su testimonio (<em>El paciente de El Pardo<\/em>, Ed Rey Lear, Madrid, 2004), revela conflictos subyacentes en la larga agon\u00eda del caudillo:<\/p>\n\n\n\n<p class=\"wp-block-paragraph\">\u201cEl miedo al futuro de la clase pol\u00edtica del franquismo termin\u00f3 inoculando y traduci\u00e9ndose en otro miedo: el temor al presente implacable que cada uno de los m\u00e9dicos que atend\u00edan a Franco sent\u00eda en su interior, ante la sola idea de que fuera a \u00e9l a quien se le muriera el general.<\/p>\n\n\n\n<p class=\"wp-block-paragraph\">\u201cS\u00f3lo el miedo es capaz de explicar, nunca de justificar, el silencio que se impuso a los m\u00e9dicos que atendieron a Franco desde los primeros d\u00edas de su enfermedad\u201d.<\/p>\n\n\n\n<p class=\"wp-block-paragraph\">El propio Franco se negaba a difundir su estado de salud, recuerda Palma. Pero sus colegas de especialidad alegaban que el jefe de Estado pod\u00eda morir en cualquier momento. \u201cNo est\u00e1bamos dispuestos a hacernos c\u00f3mplices de los oscuros intereses de algunos, ocultando por m\u00e1s d\u00edas lo que ten\u00eda que ser del conocimiento general\u201d.<\/p>\n\n\n\n<p class=\"wp-block-paragraph\">Por fin hay un parte del equipo m\u00e9dico y luego otros, eso s\u00ed, rebuscados y cuidadosos hasta el extremo. Enmedio de guardias de 24 horas, la agencia espa\u00f1ola Europa Press y la France Presse tienen fuentes que les permiten estar en punta en la cobertura de prensa.<\/p>\n\n\n\n<p class=\"wp-block-paragraph\">Palma confirma que fue el yerno de Franco, Crist\u00f3bal Mart\u00ednez-Bordi\u00fa, el autor de las fotos que cimbraron a Espa\u00f1a y recorrieron el mundo, nueve a\u00f1os despu\u00e9s. Las que mostraron al que fuera el implacable jefe de un r\u00e9gimen dictatorial convertido en poco menos que un cad\u00e1ver, intubado, rodeado de sondas y aparatos. Las fotos que provocaron una amplia pol\u00e9mica en la prensa, como&nbsp;<a href=\"https:\/\/www.rtve.es\/noticias\/20251105\/1-tve-estrena-documental-sobre-imagenes-mas-polemicas-franco\/16801365.shtml\" target=\"_blank\" rel=\"noreferrer noopener\">acaba de registrar la Televisi\u00f3n Espa\u00f1ola<\/a>.<\/p>\n\n\n\n<figure class=\"wp-block-image size-full\"><a href=\"https:\/\/redsemlac.com\/semmexico\/wp-content\/uploads\/2025\/11\/opinion-noticia-que-no-pudo-ser-02.jpg\"><img loading=\"lazy\" decoding=\"async\" width=\"518\" height=\"754\" src=\"https:\/\/redsemlac.com\/semmexico\/wp-content\/uploads\/2025\/11\/opinion-noticia-que-no-pudo-ser-02.jpg\" alt=\"\" class=\"wp-image-100546\" srcset=\"https:\/\/redsemlac.com\/semmexico\/wp-content\/uploads\/2025\/11\/opinion-noticia-que-no-pudo-ser-02.jpg 518w, https:\/\/redsemlac.com\/semmexico\/wp-content\/uploads\/2025\/11\/opinion-noticia-que-no-pudo-ser-02-206x300.jpg 206w, https:\/\/redsemlac.com\/semmexico\/wp-content\/uploads\/2025\/11\/opinion-noticia-que-no-pudo-ser-02-150x218.jpg 150w, https:\/\/redsemlac.com\/semmexico\/wp-content\/uploads\/2025\/11\/opinion-noticia-que-no-pudo-ser-02-300x437.jpg 300w\" sizes=\"auto, (max-width: 518px) 100vw, 518px\" \/><\/a><\/figure>\n\n\n\n<p class=\"wp-block-paragraph\"><strong>Portada de\u00a0<em>La Revista<\/em>, con la imagen de Franco en agon\u00eda, publicada en octubre de 1984<\/strong><\/p>\n\n\n\n<p class=\"wp-block-paragraph\">Al final de una larga lista de ataques que estremecen durante semanas ese organismo colapsado, Franco est\u00e1 muerto a las 2:40, recuerda el cardi\u00f3logo.<\/p>\n\n\n\n<p class=\"wp-block-paragraph\">A las 4:58 circula un breve pero contundente despacho de Europa Press: \u201cFranco ha muerto\u201d. Queda registrada como hora de la muerte las 5:25. A las 10 de la ma\u00f1ana el jefe de gobierno, Carlos Arias Navarro, hace el anuncio oficial.<\/p>\n\n\n\n<p class=\"wp-block-paragraph\">En M\u00e9xico, Aymam\u00ed ha cavilado de nuevo durante semanas para escoger el titular y la imagen que llevar\u00e1 la portada de&nbsp;<em>El D\u00eda&nbsp;<\/em>cuando llegue el momento.<\/p>\n\n\n\n<p class=\"wp-block-paragraph\">Se inclina por el futuro: \u201cDemocracia, clama Espa\u00f1a tras la muerte del dictador\u201d. Y escoge de s\u00edntesis hist\u00f3rica una imagen: el encuentro con Hitler en la localidad francesa de Hendaya, fronteriza con Espa\u00f1a, el 23 de octubre de 1940. Un Franco sonriente levanta el brazo derecho, en el saludo nazi.<\/p>\n\n\n\n<figure class=\"wp-block-image size-full\"><a href=\"https:\/\/redsemlac.com\/semmexico\/wp-content\/uploads\/2025\/11\/opinion-noticia-que-no-pudo-ser-03.jpg\"><img loading=\"lazy\" decoding=\"async\" width=\"700\" height=\"525\" src=\"https:\/\/redsemlac.com\/semmexico\/wp-content\/uploads\/2025\/11\/opinion-noticia-que-no-pudo-ser-03.jpg\" alt=\"\" class=\"wp-image-100544\" srcset=\"https:\/\/redsemlac.com\/semmexico\/wp-content\/uploads\/2025\/11\/opinion-noticia-que-no-pudo-ser-03.jpg 700w, https:\/\/redsemlac.com\/semmexico\/wp-content\/uploads\/2025\/11\/opinion-noticia-que-no-pudo-ser-03-300x225.jpg 300w, https:\/\/redsemlac.com\/semmexico\/wp-content\/uploads\/2025\/11\/opinion-noticia-que-no-pudo-ser-03-150x113.jpg 150w, https:\/\/redsemlac.com\/semmexico\/wp-content\/uploads\/2025\/11\/opinion-noticia-que-no-pudo-ser-03-696x522.jpg 696w\" sizes=\"auto, (max-width: 700px) 100vw, 700px\" \/><\/a><\/figure>\n\n\n\n<p class=\"wp-block-paragraph\"><strong>Dossier sobre Franco en\u00a0<em>El D\u00eda<\/em>\u00a0de M\u00e9xico, 21 de noviembre de 1975. Consultado en la Biblioteca Miguel Lerdo de Tejada de la Secretar\u00eda de Hacienda, Ciudad de M\u00e9xico<\/strong><\/p>\n\n\n\n<p class=\"wp-block-paragraph\"><a href=\"https:\/\/garreola89.medium.com\/?source=post_page---post_author_info--b84f6ce0b16a---------------------------------------\"><\/a><\/p>\n\n\n\n<p class=\"wp-block-paragraph\"><a href=\"https:\/\/garreola89.medium.com\/?source=post_page---post_author_info--b84f6ce0b16a---------------------------------------\">&nbsp;<\/a>Periodista mexicano. Autor \u2018Cuba. El futuro a debate\u2019. M\u00e9xico, CA, Caribe y temas globales que pasan por este cruce de caminos. X: @GerardoArreola<\/p>\n","protected":false},"excerpt":{"rendered":"<p>Gerardo Arreola SemM\u00e9xico, Cd. de M\u00e9xico, 20 de noviembre, 2025.- Francisco Franco muere en Madrid en la madrugada del s\u00e1bado 20 de noviembre de 1975, pero los diarios mexicanos no pueden publicar la noticia. Con siete horas de diferencia, en M\u00e9xico apenas termina el viernes 19. Las redacciones deber\u00edan estar entonces trepidando con la edici\u00f3n [&hellip;]<\/p>\n","protected":false},"author":3,"featured_media":87106,"comment_status":"open","ping_status":"open","sticky":false,"template":"","format":"standard","meta":{"_monsterinsights_skip_tracking":false,"footnotes":""},"categories":[82,110,35],"tags":[],"class_list":["post-100543","post","type-post","status-publish","format-standard","has-post-thumbnail","category-la-opinion","category-la-opinion-columnas","category-opinion"],"_links":{"self":[{"href":"https:\/\/redsemlac.com\/semmexico\/wp-json\/wp\/v2\/posts\/100543","targetHints":{"allow":["GET"]}}],"collection":[{"href":"https:\/\/redsemlac.com\/semmexico\/wp-json\/wp\/v2\/posts"}],"about":[{"href":"https:\/\/redsemlac.com\/semmexico\/wp-json\/wp\/v2\/types\/post"}],"author":[{"embeddable":true,"href":"https:\/\/redsemlac.com\/semmexico\/wp-json\/wp\/v2\/users\/3"}],"replies":[{"embeddable":true,"href":"https:\/\/redsemlac.com\/semmexico\/wp-json\/wp\/v2\/comments?post=100543"}],"version-history":[{"count":0,"href":"https:\/\/redsemlac.com\/semmexico\/wp-json\/wp\/v2\/posts\/100543\/revisions"}],"wp:featuredmedia":[{"embeddable":true,"href":"https:\/\/redsemlac.com\/semmexico\/wp-json\/wp\/v2\/media\/87106"}],"wp:attachment":[{"href":"https:\/\/redsemlac.com\/semmexico\/wp-json\/wp\/v2\/media?parent=100543"}],"wp:term":[{"taxonomy":"category","embeddable":true,"href":"https:\/\/redsemlac.com\/semmexico\/wp-json\/wp\/v2\/categories?post=100543"},{"taxonomy":"post_tag","embeddable":true,"href":"https:\/\/redsemlac.com\/semmexico\/wp-json\/wp\/v2\/tags?post=100543"}],"curies":[{"name":"wp","href":"https:\/\/api.w.org\/{rel}","templated":true}]}}