{"id":100513,"date":"2025-11-19T11:24:57","date_gmt":"2025-11-19T17:24:57","guid":{"rendered":"https:\/\/redsemlac.com\/semmexico\/?p=100513"},"modified":"2025-11-19T11:24:57","modified_gmt":"2025-11-19T17:24:57","slug":"bellas-y-airosas-mi-vida-radiofonica-25-aniversario-radio-pachuca-uaeh","status":"publish","type":"post","link":"https:\/\/redsemlac.com\/semmexico\/bellas-y-airosas-mi-vida-radiofonica-25-aniversario-radio-pachuca-uaeh\/","title":{"rendered":"Bellas y airosas | Mi vida radiof\u00f3nica: 25 ANIVERSARIO RADIO PACHUCA UAEH\u00a0"},"content":{"rendered":"\n<p class=\"wp-block-paragraph\"><\/p>\n\n\n\n<p class=\"wp-block-paragraph\"><strong>Elvira Hern\u00e1ndez Carballido<\/strong><\/p>\n\n\n\n<p class=\"wp-block-paragraph\">Quiero celebrar a mi adorada XHUAH-FM 99.7 FM, Radio Universidad Pachuca, la primera estaci\u00f3n de nuestra instituci\u00f3n y que este 20 de noviembre cumplir\u00e1 25 a\u00f1os de vida.&nbsp;<\/p>\n\n\n\n<p class=\"wp-block-paragraph\">C\u00f3mo no agradecer su existencia si fue aqu\u00ed donde aprend\u00ed que el micr\u00f3fono representa a un amigo muy cercano, al que pod\u00eda murmurarle muy de cerca y sin temor reflexiones e ideas, voces garzas, latidos universitarios. Quiz\u00e1 por ello intentaba desenvolverme lo mejor posible: hablar de manera clara y directa, expresar siempre de frente mis comentarios, hacer referencia a los temas m\u00e1s importantes relacionados con la comunicaci\u00f3n, con la realidad actual y hasta conmigo misma.&nbsp;<\/p>\n\n\n\n<p class=\"wp-block-paragraph\">Ante el micr\u00f3fono he sido la doctora que recomienda \u201cpomada para todos los dolores comunicativos, remedio para toda clase de errores y recetas para la desilusi\u00f3n\u201d. Soy la periodista que ama su oficio, la feminista rebeldemente abnegada, el eco de mi sindicato, una mujer generosa hasta la ignominia.&nbsp;<\/p>\n\n\n\n<p class=\"wp-block-paragraph\">Gracias a Radio Universidad Pachuca la cabina de radio es la tribuna ideal para decir en voz alta lo que pienso y siento, en lo que creo y lo que me indigna, lo que aprendo y hasta lo que sue\u00f1o. Representa el espacio preferido para escucharme y escuchar a colegas admirables, a la comunidad estudiantil, a la fuerza sindical. Radio Universidad Pachuca es un sitio ideal para respirar f\u00e1cilmente un ambiente de solidaridad y amistad, de ideas y mensajes, de humor y cr\u00edtica.&nbsp;<\/p>\n\n\n\n<p class=\"wp-block-paragraph\">Aqu\u00ed aprend\u00ed a valorar cada recurso radiof\u00f3nico y los trato de aprovechar al m\u00e1ximo, comprendiendo su importancia. Hice a un lado mis gustos musicales y prefer\u00ed la m\u00fasica de fondo ideal ante cualquier charla ya que mi voz y la de mis amigos\/ amigas requieren un fondo musical solidario, \u00edntimo y de calidad. Descubr\u00ed la bondad de la escaleta porque atisb\u00e9 c\u00f3mo pod\u00eda dibujar cada minuto de vida radiof\u00f3nica donde el inicio de programa acelera tu pulso y c\u00f3mo pod\u00eda llegar hasta el final con una sonrisa de orgullo, sin prisas. Disfruto tanto el placer de hacer guiones que ahora a trav\u00e9s de ellos escribo mi diario, expreso mis sensaciones y hasta confieso alg\u00fan de amor imposible.&nbsp;<\/p>\n\n\n\n<p class=\"wp-block-paragraph\">Me enamoro de cada programa o colaboraci\u00f3n donde me han abierto el espacio y todo porque significa la suma de horas con voces y sonidos, de compromiso y esfuerzo, de conocimientos e ideas, de sue\u00f1os y verdades, de una lucha permanente contra el silencio y de lealtad con la expresi\u00f3n oral.&nbsp;<\/p>\n\n\n\n<p class=\"wp-block-paragraph\">Gracias a Radio Universidad Pachuca hoy este medio sonoro es, ha sido y ser\u00e1 mi delirio y mi pasi\u00f3n, mi pretexto para estar con las personas que estimo y adoro, mi pasatiempo feliz y el gran compromiso de hablar p\u00fablicamente, mi tentaci\u00f3n y mi pecado, mi m\u00e1scara y mi espejo, mi voz m\u00e1s aut\u00e9ntica y mi tono m\u00e1s natural e imagino cautiverios sonoros solidarios representados en ti querido radioescucha que nos permites estar en tu alcoba, en tu cocina, en tu taxi, en tu coche, en tus o\u00eddos&#8230;&nbsp;<\/p>\n\n\n\n<p class=\"wp-block-paragraph\">No tengo duda que 25 a\u00f1os es poco y mucho, ayer y ma\u00f1ana, cinco momentos inolvidable multiplicados por 5 latidos eternos:&nbsp;<\/p>\n\n\n\n<ul class=\"wp-block-list\">\n<li>El primero, expresado en la creatividad radiof\u00f3nica\u00a0<\/li>\n\n\n\n<li>El segundo, representado en la pluralidad de ideas.<\/li>\n\n\n\n<li>El tercero, atrapado en la magia de la comunicaci\u00f3n.<\/li>\n\n\n\n<li>El cuarto, en el respeto a la libertad de expresi\u00f3n.<\/li>\n\n\n\n<li>El quinto, en cada una de las voces que a su manera, a su estilo, desde su autenticidad, da vida a mi amor por la radio.\u00a0<\/li>\n<\/ul>\n\n\n\n<p class=\"wp-block-paragraph\">Feliz aniversario radio universidad Pachuca XHUAH 99.7 FM. Mi hogar, mi expresi\u00f3n natural, la familia m\u00e1s sonora, amistades eternas de sonoras expresiones garzas.<\/p>\n","protected":false},"excerpt":{"rendered":"<p>Elvira Hern\u00e1ndez Carballido Quiero celebrar a mi adorada XHUAH-FM 99.7 FM, Radio Universidad Pachuca, la primera estaci\u00f3n de nuestra instituci\u00f3n y que este 20 de noviembre cumplir\u00e1 25 a\u00f1os de vida.&nbsp; C\u00f3mo no agradecer su existencia si fue aqu\u00ed donde aprend\u00ed que el micr\u00f3fono representa a un amigo muy cercano, al que pod\u00eda murmurarle muy [&hellip;]<\/p>\n","protected":false},"author":3,"featured_media":70197,"comment_status":"open","ping_status":"open","sticky":false,"template":"","format":"standard","meta":{"_monsterinsights_skip_tracking":false,"footnotes":""},"categories":[202,35],"tags":[],"class_list":["post-100513","post","type-post","status-publish","format-standard","has-post-thumbnail","category-elvira-hernandez-carballido","category-opinion"],"_links":{"self":[{"href":"https:\/\/redsemlac.com\/semmexico\/wp-json\/wp\/v2\/posts\/100513","targetHints":{"allow":["GET"]}}],"collection":[{"href":"https:\/\/redsemlac.com\/semmexico\/wp-json\/wp\/v2\/posts"}],"about":[{"href":"https:\/\/redsemlac.com\/semmexico\/wp-json\/wp\/v2\/types\/post"}],"author":[{"embeddable":true,"href":"https:\/\/redsemlac.com\/semmexico\/wp-json\/wp\/v2\/users\/3"}],"replies":[{"embeddable":true,"href":"https:\/\/redsemlac.com\/semmexico\/wp-json\/wp\/v2\/comments?post=100513"}],"version-history":[{"count":0,"href":"https:\/\/redsemlac.com\/semmexico\/wp-json\/wp\/v2\/posts\/100513\/revisions"}],"wp:featuredmedia":[{"embeddable":true,"href":"https:\/\/redsemlac.com\/semmexico\/wp-json\/wp\/v2\/media\/70197"}],"wp:attachment":[{"href":"https:\/\/redsemlac.com\/semmexico\/wp-json\/wp\/v2\/media?parent=100513"}],"wp:term":[{"taxonomy":"category","embeddable":true,"href":"https:\/\/redsemlac.com\/semmexico\/wp-json\/wp\/v2\/categories?post=100513"},{"taxonomy":"post_tag","embeddable":true,"href":"https:\/\/redsemlac.com\/semmexico\/wp-json\/wp\/v2\/tags?post=100513"}],"curies":[{"name":"wp","href":"https:\/\/api.w.org\/{rel}","templated":true}]}}