{"id":100508,"date":"2025-11-19T11:23:02","date_gmt":"2025-11-19T17:23:02","guid":{"rendered":"https:\/\/redsemlac.com\/semmexico\/?p=100508"},"modified":"2025-11-19T11:23:03","modified_gmt":"2025-11-19T17:23:03","slug":"los-cabos-se-configura-como-un-modelo-de-gobierno-orientado-a-la-proteccion-y-fortalecimiento-de-las-mujeres","status":"publish","type":"post","link":"https:\/\/redsemlac.com\/semmexico\/los-cabos-se-configura-como-un-modelo-de-gobierno-orientado-a-la-proteccion-y-fortalecimiento-de-las-mujeres\/","title":{"rendered":"Los Cabos se configura como un modelo de gobierno orientado a la protecci\u00f3n y fortalecimiento de las mujeres"},"content":{"rendered":"\n<ul class=\"wp-block-list\">\n<li>Atenci\u00f3n integral a 14,881 mujeres mediante servicios especializados, Casas de Medio Camino y Unidades M\u00f3viles Violeta.<br><\/li>\n\n\n\n<li>Tecnolog\u00eda, alumbrado seguro y capacitaci\u00f3n comunitaria articulan una estrategia que eleva los est\u00e1ndares de protecci\u00f3n y acompa\u00f1amiento.<\/li>\n<\/ul>\n\n\n\n<p class=\"wp-block-paragraph\">Redacci\u00f3n <\/p>\n\n\n\n<p class=\"wp-block-paragraph\">SemM\u00e9xico, Los Cabos, 19 de noviembre de 2025.-El Primer Informe de Labores del alcalde Christian Ag\u00fandez G\u00f3mez transparent\u00f3, entre otros rubros, la estrategia orientada a fortalecer la atenci\u00f3n y el acompa\u00f1amiento a las ciudadanas del municipio. Durante el acto, se expuso la pol\u00edtica p\u00fablica que articula servicios, impulsa infraestructura especializada y despliega acciones territoriales para mejorar condiciones de seguridad, justicia y bienestar de este grupo poblacional.\u00a0<\/p>\n\n\n\n<p class=\"wp-block-paragraph\">Por ejemplo, el Instituto de las Mujeres del Municipio de Los Cabos constituye uno de los pilares de esta estrategia. Durante el periodo informado, brind\u00f3 atenci\u00f3n a 14,881 mujeres, mediante un conjunto de servicios jur\u00eddicos, psicol\u00f3gicos y de intervenci\u00f3n comunitaria. A este esfuerzo se suma la operaci\u00f3n de Casas de Medio Camino en San Jos\u00e9 del Cabo y Cabo San Lucas, concebidas como espacios seguros con atenci\u00f3n m\u00e9dica, apoyo econ\u00f3mico y acompa\u00f1amiento profesional, orientados a resguardar y restaurar la integridad de quienes enfrentan situaciones de violencia.&nbsp;<\/p>\n\n\n\n<figure class=\"wp-block-image size-full\"><a href=\"https:\/\/redsemlac.com\/semmexico\/wp-content\/uploads\/2025\/11\/WhatsApp-Image-2025-11-19-at-1.56.36-AM-1.jpeg\"><img loading=\"lazy\" decoding=\"async\" width=\"960\" height=\"720\" src=\"https:\/\/redsemlac.com\/semmexico\/wp-content\/uploads\/2025\/11\/WhatsApp-Image-2025-11-19-at-1.56.36-AM-1.jpeg\" alt=\"\" class=\"wp-image-100510\" srcset=\"https:\/\/redsemlac.com\/semmexico\/wp-content\/uploads\/2025\/11\/WhatsApp-Image-2025-11-19-at-1.56.36-AM-1.jpeg 960w, https:\/\/redsemlac.com\/semmexico\/wp-content\/uploads\/2025\/11\/WhatsApp-Image-2025-11-19-at-1.56.36-AM-1-300x225.jpeg 300w, https:\/\/redsemlac.com\/semmexico\/wp-content\/uploads\/2025\/11\/WhatsApp-Image-2025-11-19-at-1.56.36-AM-1-768x576.jpeg 768w, https:\/\/redsemlac.com\/semmexico\/wp-content\/uploads\/2025\/11\/WhatsApp-Image-2025-11-19-at-1.56.36-AM-1-150x113.jpeg 150w, https:\/\/redsemlac.com\/semmexico\/wp-content\/uploads\/2025\/11\/WhatsApp-Image-2025-11-19-at-1.56.36-AM-1-696x522.jpeg 696w\" sizes=\"auto, (max-width: 960px) 100vw, 960px\" \/><\/a><\/figure>\n\n\n\n<p class=\"wp-block-paragraph\">La pol\u00edtica p\u00fablica se extiende hacia la zona rural mediante las Unidades M\u00f3viles Violeta, que trasladan terapias, asesor\u00eda legal y trabajo social a La Ribera, Santiago y Miraflores. Esta presencia en territorio se complementa con acciones de sensibilizaci\u00f3n comunitaria que han convocado a amplios segmentos poblacionales: 560 asistentes en actividades formativas, 600 en pl\u00e1ticas de orientaci\u00f3n, 1,000 en marchas, 2,000 en jornadas de violent\u00f3metros y 5,000 en procesos de distribuci\u00f3n informativa. Estas intervenciones conforman un tejido participativo que favorece la prevenci\u00f3n y promueve entornos de corresponsabilidad social.&nbsp;<\/p>\n\n\n\n<p class=\"wp-block-paragraph\">El fortalecimiento institucional integra, adem\u00e1s, mecanismos tecnol\u00f3gicos orientados a la respuesta inmediata. La Mesa Violeta de Los Cabos, conformada por instancias de seguridad, justicia y salud, articula la operaci\u00f3n de la aplicaci\u00f3n \u201cApoyo Violeta\u201d y del \u201cBot\u00f3n Violeta\u201d, ambos conectados al Centro de Control y Monitoreo C2. Este sistema utiliza georreferenciaci\u00f3n y monitoreo inteligente para facilitar intervenciones \u00e1giles, precisas y especializadas en situaciones de riesgo.&nbsp;<\/p>\n\n\n\n<p class=\"wp-block-paragraph\">La dimensi\u00f3n urbana de la pol\u00edtica de g\u00e9nero adquiere relevancia mediante el programa \u201cSenderos Seguros\u201d, cuyo despliegue incorpora alumbrado solar, rehabilitaci\u00f3n de tramos peatonales y coordinaci\u00f3n operativa entre diversas \u00e1reas municipales. El prop\u00f3sito es garantizar tr\u00e1nsitos confiables para ni\u00f1as, j\u00f3venes, mujeres y adultas mayores en trayectos escolares, laborales y recreativos, y consolidar corredores con est\u00e1ndares de accesibilidad, iluminaci\u00f3n y vigilancia.&nbsp;<\/p>\n\n\n\n<figure class=\"wp-block-image size-large\"><a href=\"https:\/\/redsemlac.com\/semmexico\/wp-content\/uploads\/2025\/11\/WhatsApp-Image-2025-11-19-at-1.56.36-AM-2.jpeg\"><img loading=\"lazy\" decoding=\"async\" width=\"1024\" height=\"768\" src=\"https:\/\/redsemlac.com\/semmexico\/wp-content\/uploads\/2025\/11\/WhatsApp-Image-2025-11-19-at-1.56.36-AM-2-1024x768.jpeg\" alt=\"\" class=\"wp-image-100511\" srcset=\"https:\/\/redsemlac.com\/semmexico\/wp-content\/uploads\/2025\/11\/WhatsApp-Image-2025-11-19-at-1.56.36-AM-2-1024x768.jpeg 1024w, https:\/\/redsemlac.com\/semmexico\/wp-content\/uploads\/2025\/11\/WhatsApp-Image-2025-11-19-at-1.56.36-AM-2-300x225.jpeg 300w, https:\/\/redsemlac.com\/semmexico\/wp-content\/uploads\/2025\/11\/WhatsApp-Image-2025-11-19-at-1.56.36-AM-2-768x576.jpeg 768w, https:\/\/redsemlac.com\/semmexico\/wp-content\/uploads\/2025\/11\/WhatsApp-Image-2025-11-19-at-1.56.36-AM-2-150x113.jpeg 150w, https:\/\/redsemlac.com\/semmexico\/wp-content\/uploads\/2025\/11\/WhatsApp-Image-2025-11-19-at-1.56.36-AM-2-696x522.jpeg 696w, https:\/\/redsemlac.com\/semmexico\/wp-content\/uploads\/2025\/11\/WhatsApp-Image-2025-11-19-at-1.56.36-AM-2-1068x801.jpeg 1068w, https:\/\/redsemlac.com\/semmexico\/wp-content\/uploads\/2025\/11\/WhatsApp-Image-2025-11-19-at-1.56.36-AM-2.jpeg 1280w\" sizes=\"auto, (max-width: 1024px) 100vw, 1024px\" \/><\/a><\/figure>\n\n\n\n<p class=\"wp-block-paragraph\">La administraci\u00f3n profundiza esta l\u00ednea de acci\u00f3n con procesos de formaci\u00f3n y articulaci\u00f3n institucional. En el marco del D\u00eda Internacional de la Mujer, se realizaron actividades de capacitaci\u00f3n que involucraron a 2,632 personas; y mediante un convenio con el Instituto Estatal Electoral de Baja California Sur se fortaleci\u00f3 la formaci\u00f3n en derechos pol\u00edtico-electorales de mujeres del municipio. Asimismo, Los Cabos particip\u00f3 en los 16 d\u00edas de activismo convocados por la Organizaci\u00f3n de las Naciones Unidas, integrando acciones de sensibilizaci\u00f3n y organizaci\u00f3n comunitaria.&nbsp;<\/p>\n\n\n\n<p class=\"wp-block-paragraph\">El informe evidencia una administraci\u00f3n que inscribe la igualdad sustantiva en la planeaci\u00f3n, el presupuesto y la implementaci\u00f3n operativa, estableciendo un modelo de intervenci\u00f3n p\u00fablica que vincula infraestructura social, tecnolog\u00eda, acompa\u00f1amiento profesional y participaci\u00f3n comunitaria. El conjunto de acciones descritas configura una pol\u00edtica territorial que dota a las mujeres de servicios especializados, rutas de protecci\u00f3n y espacios de resguardo, y consolida una gesti\u00f3n municipal que convierte la agenda de g\u00e9nero en una dimensi\u00f3n estructural del gobierno local.&nbsp;<\/p>\n","protected":false},"excerpt":{"rendered":"<p>Redacci\u00f3n SemM\u00e9xico, Los Cabos, 19 de noviembre de 2025.-El Primer Informe de Labores del alcalde Christian Ag\u00fandez G\u00f3mez transparent\u00f3, entre otros rubros, la estrategia orientada a fortalecer la atenci\u00f3n y el acompa\u00f1amiento a las ciudadanas del municipio. Durante el acto, se expuso la pol\u00edtica p\u00fablica que articula servicios, impulsa infraestructura especializada y despliega acciones territoriales [&hellip;]<\/p>\n","protected":false},"author":3,"featured_media":100509,"comment_status":"open","ping_status":"open","sticky":false,"template":"","format":"standard","meta":{"_monsterinsights_skip_tracking":false,"footnotes":""},"categories":[700],"tags":[],"class_list":["post-100508","post","type-post","status-publish","format-standard","has-post-thumbnail","category-estados"],"_links":{"self":[{"href":"https:\/\/redsemlac.com\/semmexico\/wp-json\/wp\/v2\/posts\/100508","targetHints":{"allow":["GET"]}}],"collection":[{"href":"https:\/\/redsemlac.com\/semmexico\/wp-json\/wp\/v2\/posts"}],"about":[{"href":"https:\/\/redsemlac.com\/semmexico\/wp-json\/wp\/v2\/types\/post"}],"author":[{"embeddable":true,"href":"https:\/\/redsemlac.com\/semmexico\/wp-json\/wp\/v2\/users\/3"}],"replies":[{"embeddable":true,"href":"https:\/\/redsemlac.com\/semmexico\/wp-json\/wp\/v2\/comments?post=100508"}],"version-history":[{"count":0,"href":"https:\/\/redsemlac.com\/semmexico\/wp-json\/wp\/v2\/posts\/100508\/revisions"}],"wp:featuredmedia":[{"embeddable":true,"href":"https:\/\/redsemlac.com\/semmexico\/wp-json\/wp\/v2\/media\/100509"}],"wp:attachment":[{"href":"https:\/\/redsemlac.com\/semmexico\/wp-json\/wp\/v2\/media?parent=100508"}],"wp:term":[{"taxonomy":"category","embeddable":true,"href":"https:\/\/redsemlac.com\/semmexico\/wp-json\/wp\/v2\/categories?post=100508"},{"taxonomy":"post_tag","embeddable":true,"href":"https:\/\/redsemlac.com\/semmexico\/wp-json\/wp\/v2\/tags?post=100508"}],"curies":[{"name":"wp","href":"https:\/\/api.w.org\/{rel}","templated":true}]}}