{"id":100490,"date":"2025-11-19T10:47:20","date_gmt":"2025-11-19T16:47:20","guid":{"rendered":"https:\/\/redsemlac.com\/semmexico\/?p=100490"},"modified":"2025-11-19T10:47:20","modified_gmt":"2025-11-19T16:47:20","slug":"rumores-de-cafe-mario-declama-verde-que-te-quiero-verde","status":"publish","type":"post","link":"https:\/\/redsemlac.com\/semmexico\/rumores-de-cafe-mario-declama-verde-que-te-quiero-verde\/","title":{"rendered":"Rumores de caf\u00e9 | Mario declama Verde que te quiero verde)"},"content":{"rendered":"\n<p class=\"wp-block-paragraph\">Isabel Ortega Morales (me asumo como periodista, aunque tengo malquerientes)<\/p>\n\n\n\n<p class=\"wp-block-paragraph\">SemM\u00e9xico\/Ceprovysa, Tlapa, Guerrero, 19 de noviembre, 2025.- Doy un sorbo a mi caf\u00e9, es un caf\u00e9 largo o lungo, que es una extracci\u00f3n m\u00e1s prolongada del espresso, pero sin espuma y m\u00e1s agua, le he agregado unas gotas de vainilla, solo 3, para que no domine. He llegado unos minutos antes a la cita y en mi cabeza bulle la informaci\u00f3n de que los arrecifes de coral est\u00e1n siendo afectados por el cambio clim\u00e1tico y la contaminaci\u00f3n y como efecto\u2026<\/p>\n\n\n\n<p class=\"wp-block-paragraph\">Mi reflexi\u00f3n se interrumpe ante la llegada de mi amigo que coloca la mano izquierda en una de las sillas de la mesa y se lleva la otra a la cabeza y cual un tenor en escena sale de sus labios una estrofa que dice:<\/p>\n\n\n\n<p class=\"wp-block-paragraph\">\u201cVerde que te quiero verde, Verde viento. Verdes ramas. El barco sobre la mar y el caballo en la monta\u00f1a\u2026\u201d<\/p>\n\n\n\n<p class=\"wp-block-paragraph\">Me mira y sonr\u00ede ante mi expresi\u00f3n que realiza la pregunta sin emitir sonido.<\/p>\n\n\n\n<p class=\"wp-block-paragraph\">Pide un caf\u00e9 como el que degusto y en tanto lo sirven, sigue declamando \u201cverde que te quiero verde. Bajo la luna gitana, las cosas la est\u00e1n mirando y ella no puede mirarlas\u201d.<\/p>\n\n\n\n<p class=\"wp-block-paragraph\">La mirada respetuosa del chico con el caf\u00e9 en una charola nos lleva a interrumpir y tras darle un sorbo le pregunto \u00bfqui\u00e9n se est\u00e1 poniendo verde?.<\/p>\n\n\n\n<p class=\"wp-block-paragraph\">Sin m\u00e1s me dice con una adivinanza \u00bfQui\u00e9n ha sido tricolor, se volvi\u00f3 naranja, coqueteo con el guinda y busca nuevo color? Esos elementos son suficientes y le digo -\u00a1Mario Moreno Arcos! Pero \u00bfy ese poema de Federico Garc\u00eda Lorca, es un indicativo de ruta? \u00a1Bravo! Me dice mientras aplaude y mueve su melena.<\/p>\n\n\n\n<p class=\"wp-block-paragraph\">Pues resulta que desde las m\u00e1s altas esferas -no desde las que est\u00e1n en el Estado? Le interrumpo, y \u00e9l me dice \u00a1No! Desde ese lugar, en un lugar\u2026 Mario sostuvo una reuni\u00f3n y qu\u00e9 crees que le ofrecieron?<\/p>\n\n\n\n<p class=\"wp-block-paragraph\">Ops, se termin\u00f3 el caf\u00e9 y el rumor del caf\u00e9 de hoy. Hasta el pr\u00f3ximo caf\u00e9 donde los rumores, a veces son ciertos, a veces tienen alg\u00fan fundamento de verdad o se convierten solo en\u2026chismes que el tiempo nos revela su verdad o lo que se esconde tras ello. Pero, cuando el rio suena \u00bfagua lleva?, dice la voz de la experiencia, a veces un rumor s\u00ed, ni probado, pero tampoco no refutado, pero\u2026es rumor<\/p>\n","protected":false},"excerpt":{"rendered":"<p>Isabel Ortega Morales (me asumo como periodista, aunque tengo malquerientes) SemM\u00e9xico\/Ceprovysa, Tlapa, Guerrero, 19 de noviembre, 2025.- Doy un sorbo a mi caf\u00e9, es un caf\u00e9 largo o lungo, que es una extracci\u00f3n m\u00e1s prolongada del espresso, pero sin espuma y m\u00e1s agua, le he agregado unas gotas de vainilla, solo 3, para que no [&hellip;]<\/p>\n","protected":false},"author":3,"featured_media":100491,"comment_status":"open","ping_status":"open","sticky":false,"template":"","format":"standard","meta":{"_monsterinsights_skip_tracking":false,"footnotes":""},"categories":[198,35],"tags":[],"class_list":["post-100490","post","type-post","status-publish","format-standard","has-post-thumbnail","category-isabel-ortega-morales","category-opinion"],"_links":{"self":[{"href":"https:\/\/redsemlac.com\/semmexico\/wp-json\/wp\/v2\/posts\/100490","targetHints":{"allow":["GET"]}}],"collection":[{"href":"https:\/\/redsemlac.com\/semmexico\/wp-json\/wp\/v2\/posts"}],"about":[{"href":"https:\/\/redsemlac.com\/semmexico\/wp-json\/wp\/v2\/types\/post"}],"author":[{"embeddable":true,"href":"https:\/\/redsemlac.com\/semmexico\/wp-json\/wp\/v2\/users\/3"}],"replies":[{"embeddable":true,"href":"https:\/\/redsemlac.com\/semmexico\/wp-json\/wp\/v2\/comments?post=100490"}],"version-history":[{"count":0,"href":"https:\/\/redsemlac.com\/semmexico\/wp-json\/wp\/v2\/posts\/100490\/revisions"}],"wp:featuredmedia":[{"embeddable":true,"href":"https:\/\/redsemlac.com\/semmexico\/wp-json\/wp\/v2\/media\/100491"}],"wp:attachment":[{"href":"https:\/\/redsemlac.com\/semmexico\/wp-json\/wp\/v2\/media?parent=100490"}],"wp:term":[{"taxonomy":"category","embeddable":true,"href":"https:\/\/redsemlac.com\/semmexico\/wp-json\/wp\/v2\/categories?post=100490"},{"taxonomy":"post_tag","embeddable":true,"href":"https:\/\/redsemlac.com\/semmexico\/wp-json\/wp\/v2\/tags?post=100490"}],"curies":[{"name":"wp","href":"https:\/\/api.w.org\/{rel}","templated":true}]}}