{"id":100445,"date":"2025-11-14T17:38:44","date_gmt":"2025-11-14T23:38:44","guid":{"rendered":"https:\/\/redsemlac.com\/semmexico\/?p=100445"},"modified":"2025-11-14T17:38:44","modified_gmt":"2025-11-14T23:38:44","slug":"la-opinion-la-batalla-del-clima-se-atasca","status":"publish","type":"post","link":"https:\/\/redsemlac.com\/semmexico\/la-opinion-la-batalla-del-clima-se-atasca\/","title":{"rendered":"La opini\u00f3n| La batalla del clima se atasca"},"content":{"rendered":"\n<p class=\"wp-block-paragraph\"><strong>Claudia Corichi<\/strong><\/p>\n\n\n\n<p class=\"wp-block-paragraph\">SemM\u00e9xico, Cd. de M\u00e9xico, 14 de noviembre, 2025.- El&nbsp;<strong>panorama<\/strong>&nbsp;es&nbsp;<strong>sombr\u00edo&nbsp;<\/strong>y&nbsp;<strong>alarmante.&nbsp;<\/strong>Una d\u00e9cada despu\u00e9s del&nbsp;<strong>Acuerdo de Par\u00eds<\/strong>&nbsp;que busca frenar el aumento de la&nbsp;<strong>temperatura global&nbsp;<\/strong>a final del siglo, y a 30 a\u00f1os de la primera conferencia de la&nbsp;<strong>ONU<\/strong>&nbsp;sobre&nbsp;<strong>cambio clim\u00e1tico,&nbsp;<\/strong>los resultados perfilan un&nbsp;<strong>estancamiento&nbsp;<\/strong>en la&nbsp;<strong>lucha<\/strong>&nbsp;contra el&nbsp;<strong>calentamiento planetario.<\/strong><\/p>\n\n\n\n<p class=\"wp-block-paragraph\">El&nbsp;<strong>Programa de Naciones Unidas para el Medio Ambiente (PNUMA)<\/strong>&nbsp;present\u00f3 el m\u00e1s reciente informe sobre brecha de emisiones que subraya una ligera reducci\u00f3n, dejando al mundo en un&nbsp;<strong>camino peligroso&nbsp;<\/strong>de intensificaci\u00f3n de los<strong>&nbsp;riesgos&nbsp;<\/strong>y los&nbsp;<strong>da\u00f1os.<\/strong><\/p>\n\n\n\n<p class=\"wp-block-paragraph\"><strong>Cada cinco a\u00f1o<\/strong>s los&nbsp;<strong>pa\u00edses firmantes&nbsp;<\/strong>de Par\u00eds deben presentar un&nbsp;<strong>reporte&nbsp;<\/strong>de sus&nbsp;<strong>metas&nbsp;<\/strong>de&nbsp;<strong>contenci\u00f3n<\/strong>&nbsp;de&nbsp;<strong>contaminantes.&nbsp;<\/strong>La \u00faltima evaluaci\u00f3n es preocupante porque explica que no estamos por debajo de los dos grados respecto a los niveles preindustriales. El&nbsp;<strong>PNUMA&nbsp;<\/strong>reporta que las actuales&nbsp;<strong>proyecciones&nbsp;<\/strong>son de&nbsp;<strong>2.8 \u00b0C.<\/strong><\/p>\n\n\n\n<p class=\"wp-block-paragraph\">Otra agencia de la&nbsp;<strong>ONU,<\/strong>&nbsp;la&nbsp;<strong>Organizaci\u00f3n Meteorol\u00f3gica Mundial<\/strong>&nbsp;ofreci\u00f3&nbsp;<strong>datos&nbsp;<\/strong>que francamente&nbsp;<strong>horrorizan:<\/strong>&nbsp;el a\u00f1o&nbsp;<strong>2025<\/strong>&nbsp;se disputa con el 2023, el&nbsp;<strong>segundo o tercer a\u00f1o m\u00e1s c\u00e1lido&nbsp;<\/strong>desde que se tienen registros.&nbsp;<strong>2024 ocupa el primer lugar.<\/strong>&nbsp;Estos resultados se conocieron en la conferencia de l\u00edderes previa a la cumbre del clima.<\/p>\n\n\n\n<p class=\"wp-block-paragraph\">Con este panorama ha arrancado la&nbsp;<strong>COP30&nbsp;<\/strong>en&nbsp;<strong>Bel\u00e9m,<\/strong>&nbsp;en el coraz\u00f3n de la&nbsp;<strong>Amazonia brasile\u00f1a&nbsp;<\/strong>que acoge del 10 al 21 de noviembre a&nbsp;<strong>50,000 delegadas&nbsp;<\/strong>y&nbsp;<strong>delegados&nbsp;<\/strong>de&nbsp;<strong>195 pa\u00edses&nbsp;<\/strong>para hacer un corte de caja y evaluar las medidas para<strong>&nbsp;mitigar<\/strong>&nbsp;el&nbsp;<strong>sobrecalentamiento<\/strong>&nbsp;que experimenta el planeta.<\/p>\n\n\n\n<p class=\"wp-block-paragraph\">A la conferencia de apertura&nbsp;<strong>no acudieron<\/strong>&nbsp;los<strong>&nbsp;presidentes&nbsp;<\/strong>de las<strong>&nbsp;naciones&nbsp;<\/strong>que&nbsp;<strong>m\u00e1s gases&nbsp;<\/strong>de&nbsp;<strong>efecto invernadero<\/strong>&nbsp;emiten:&nbsp;<strong>China, Estados Unidos, India y Rusia,&nbsp;<\/strong>lo que frustra el logro de las metas propuestas en las \u00faltimas cumbres. Sin su intervenci\u00f3n, los objetivos resultan inalcanzables.<\/p>\n\n\n\n<p class=\"wp-block-paragraph\">En enero, al asumir el cargo por segunda vez como presidente,&nbsp;<strong>Donald Trump&nbsp;<\/strong>firm\u00f3 la salida de su pa\u00eds del&nbsp;<strong>pacto de Par\u00eds<\/strong>&nbsp;y su gobierno ha rechazado todos los informes de la&nbsp;<strong>ONU<\/strong>&nbsp;al afirmar que no aceptar\u00e1<strong>&nbsp;ning\u00fan acuerdo ambiental&nbsp;<\/strong>que perjudique los intereses de sus ciudadanos, como si el cambio clim\u00e1tico no afectara a todas las personas.<\/p>\n\n\n\n<p class=\"wp-block-paragraph\">Expertos han llamado la atenci\u00f3n sobre el&nbsp;<strong>incumplimiento<\/strong>&nbsp;de los&nbsp;<strong>compromisos clim\u00e1ticos&nbsp;<\/strong>por parte de&nbsp;<strong>Am\u00e9rica Latina,&nbsp;<\/strong>que se a\u00f1ade al&nbsp;<strong>negacionismo&nbsp;<\/strong>de mandatarios como el argentino&nbsp;<strong>Milei.&nbsp;<\/strong>Justamente en el acto inaugural, el presidente&nbsp;<strong>Lula<\/strong>&nbsp;urgi\u00f3 a la comunidad internacional a infligir una&nbsp;<strong>nueva derrota a los negacionistas&nbsp;<\/strong>y advirti\u00f3 sobre los intereses que intentan deslegitimar a la ciencia.<\/p>\n\n\n\n<p class=\"wp-block-paragraph\">La&nbsp;<strong>internacional ultraderechista<\/strong>&nbsp;que tiene su epicentro en la&nbsp;<strong>Casa Blanca<\/strong>&nbsp;acusa de&nbsp;<strong>fanatismo clim\u00e1tico&nbsp;<\/strong>a quienes defienden la urgente necesidad de&nbsp;<strong>reducir&nbsp;<\/strong>los&nbsp;<strong>contaminantes<\/strong>&nbsp;en el mundo. Y no se inmutan ante los&nbsp;<strong>desastres naturales&nbsp;<\/strong>provocados por&nbsp;<strong>huracanes (Jamaica), tifones (Indonesia), Dana (Valencia) e incendios (California)<\/strong>&nbsp;que han dejado cientos de v\u00edctimas y una estela de&nbsp;<strong>destrucci\u00f3n apocal\u00edptica.<\/strong><\/p>\n\n\n\n<p class=\"wp-block-paragraph\">Ser\u00eda deseable que la mayor parte de pa\u00edses en nuestra regi\u00f3n, que tienen escasos fondos para atender la&nbsp;<strong>emergencia clim\u00e1tica,&nbsp;<\/strong>alcancen una voz y una&nbsp;<strong>agenda com\u00fan<\/strong>&nbsp;mediante una&nbsp;<strong>hoja de ruta&nbsp;<\/strong>que deje atr\u00e1s los&nbsp;<strong>combustibles f\u00f3siles<\/strong>&nbsp;y transiten al uso intensivo de&nbsp;<strong>energ\u00edas limpias y renovables,<\/strong>&nbsp;comenzando por nuestro pa\u00eds.<\/p>\n\n\n\n<p class=\"wp-block-paragraph\">El mundo arde, el tiempo apremia y la derecha lo niega.<\/p>\n\n\n\n<p class=\"wp-block-paragraph\"><strong>@ClauCorichi<\/strong><\/p>\n\n\n\n<p class=\"wp-block-paragraph\"><\/p>\n","protected":false},"excerpt":{"rendered":"<p>Claudia Corichi SemM\u00e9xico, Cd. de M\u00e9xico, 14 de noviembre, 2025.- El&nbsp;panorama&nbsp;es&nbsp;sombr\u00edo&nbsp;y&nbsp;alarmante.&nbsp;Una d\u00e9cada despu\u00e9s del&nbsp;Acuerdo de Par\u00eds&nbsp;que busca frenar el aumento de la&nbsp;temperatura global&nbsp;a final del siglo, y a 30 a\u00f1os de la primera conferencia de la&nbsp;ONU&nbsp;sobre&nbsp;cambio clim\u00e1tico,&nbsp;los resultados perfilan un&nbsp;estancamiento&nbsp;en la&nbsp;lucha&nbsp;contra el&nbsp;calentamiento planetario. El&nbsp;Programa de Naciones Unidas para el Medio Ambiente (PNUMA)&nbsp;present\u00f3 el m\u00e1s reciente [&hellip;]<\/p>\n","protected":false},"author":3,"featured_media":79168,"comment_status":"open","ping_status":"open","sticky":false,"template":"","format":"standard","meta":{"_monsterinsights_skip_tracking":false,"footnotes":""},"categories":[82,110,35],"tags":[],"class_list":["post-100445","post","type-post","status-publish","format-standard","has-post-thumbnail","category-la-opinion","category-la-opinion-columnas","category-opinion"],"_links":{"self":[{"href":"https:\/\/redsemlac.com\/semmexico\/wp-json\/wp\/v2\/posts\/100445","targetHints":{"allow":["GET"]}}],"collection":[{"href":"https:\/\/redsemlac.com\/semmexico\/wp-json\/wp\/v2\/posts"}],"about":[{"href":"https:\/\/redsemlac.com\/semmexico\/wp-json\/wp\/v2\/types\/post"}],"author":[{"embeddable":true,"href":"https:\/\/redsemlac.com\/semmexico\/wp-json\/wp\/v2\/users\/3"}],"replies":[{"embeddable":true,"href":"https:\/\/redsemlac.com\/semmexico\/wp-json\/wp\/v2\/comments?post=100445"}],"version-history":[{"count":0,"href":"https:\/\/redsemlac.com\/semmexico\/wp-json\/wp\/v2\/posts\/100445\/revisions"}],"wp:featuredmedia":[{"embeddable":true,"href":"https:\/\/redsemlac.com\/semmexico\/wp-json\/wp\/v2\/media\/79168"}],"wp:attachment":[{"href":"https:\/\/redsemlac.com\/semmexico\/wp-json\/wp\/v2\/media?parent=100445"}],"wp:term":[{"taxonomy":"category","embeddable":true,"href":"https:\/\/redsemlac.com\/semmexico\/wp-json\/wp\/v2\/categories?post=100445"},{"taxonomy":"post_tag","embeddable":true,"href":"https:\/\/redsemlac.com\/semmexico\/wp-json\/wp\/v2\/tags?post=100445"}],"curies":[{"name":"wp","href":"https:\/\/api.w.org\/{rel}","templated":true}]}}