{"id":100426,"date":"2025-11-14T17:05:39","date_gmt":"2025-11-14T23:05:39","guid":{"rendered":"https:\/\/redsemlac.com\/semmexico\/?p=100426"},"modified":"2025-11-14T17:05:39","modified_gmt":"2025-11-14T23:05:39","slug":"tras-localizacion-con-vida-a-mariana-valeria-ibarra-amnistia-internacional-exige-proteccion-e-investigacion","status":"publish","type":"post","link":"https:\/\/redsemlac.com\/semmexico\/tras-localizacion-con-vida-a-mariana-valeria-ibarra-amnistia-internacional-exige-proteccion-e-investigacion\/","title":{"rendered":"Tras localizaci\u00f3n con vida a Mariana Valeria Ibarra; Amnist\u00eda Internacional exige protecci\u00f3n e investigaci\u00f3n"},"content":{"rendered":"\n<p class=\"wp-block-paragraph\">Redacci\u00f3n<\/p>\n\n\n\n<p class=\"wp-block-paragraph\">SemM\u00e9xico. Ciudad de M\u00e9xico. 14 de noviembre de 2025 \u2014 Amnist\u00eda Internacional M\u00e9xico inform\u00f3 este jueves sobre la localizaci\u00f3n con vida de Mariana Valeria Ibarra, buscadora e hija de una integrante del colectivo Hasta Encontrarte, en el estado de Guanajuato. La organizaci\u00f3n celebr\u00f3 el hallazgo y expres\u00f3 su solidaridad con la joven, su familia y el colectivo.<\/p>\n\n\n\n<p class=\"wp-block-paragraph\">De acuerdo con la organizaci\u00f3n, el caso de Mariana evidencia los riesgos que enfrentan las personas dedicadas a la b\u00fasqueda de desaparecidos en M\u00e9xico, especialmente las mujeres buscadoras, quienes realizan esta labor en medio de condiciones adversas y una crisis de desapariciones que contin\u00faa profundiz\u00e1ndose.<\/p>\n\n\n\n<p class=\"wp-block-paragraph\">Amnist\u00eda Internacional M\u00e9xico exigi\u00f3 a la Fiscal\u00eda General del Estado de Guanajuato (FGE Guanajuato) y a la Comisi\u00f3n Estatal de B\u00fasqueda implementar de manera inmediata medidas de protecci\u00f3n para garantizar la seguridad de Mariana, su familia y las integrantes del colectivo Hasta Encontrarte, mediante acciones \u201cadecuadas, efectivas y con enfoque de g\u00e9nero\u201d.<\/p>\n\n\n\n<p class=\"wp-block-paragraph\">Asimismo, la organizaci\u00f3n pidi\u00f3 llevar a cabo una investigaci\u00f3n exhaustiva, imparcial y diligente para esclarecer los hechos que llevaron a la desaparici\u00f3n de Mariana y asegurar que el caso no quede en la impunidad.<\/p>\n\n\n\n<p class=\"wp-block-paragraph\">\u201cLas mujeres buscadoras realizan una labor fundamental frente a la crisis de desapariciones en M\u00e9xico. Deben poder ejercer su derecho a buscar a sus seres queridos en condiciones de seguridad y dignidad\u201d, se\u00f1al\u00f3 Amnist\u00eda Internacional en su posicionamiento.<\/p>\n\n\n\n<p class=\"wp-block-paragraph\">La organizaci\u00f3n adelant\u00f3 que continuar\u00e1 dando seguimiento al caso y reiter\u00f3 su compromiso con la protecci\u00f3n de todas las personas buscadoras en el pa\u00eds.<\/p>\n\n\n\n<p class=\"wp-block-paragraph\"><\/p>\n","protected":false},"excerpt":{"rendered":"<p>Redacci\u00f3n SemM\u00e9xico. Ciudad de M\u00e9xico. 14 de noviembre de 2025 \u2014 Amnist\u00eda Internacional M\u00e9xico inform\u00f3 este jueves sobre la localizaci\u00f3n con vida de Mariana Valeria Ibarra, buscadora e hija de una integrante del colectivo Hasta Encontrarte, en el estado de Guanajuato. La organizaci\u00f3n celebr\u00f3 el hallazgo y expres\u00f3 su solidaridad con la joven, su familia [&hellip;]<\/p>\n","protected":false},"author":3,"featured_media":100427,"comment_status":"open","ping_status":"open","sticky":false,"template":"","format":"standard","meta":{"_monsterinsights_skip_tracking":false,"footnotes":""},"categories":[48],"tags":[],"class_list":["post-100426","post","type-post","status-publish","format-standard","has-post-thumbnail","category-no-mas-impunidad-no-mas-impunidad"],"_links":{"self":[{"href":"https:\/\/redsemlac.com\/semmexico\/wp-json\/wp\/v2\/posts\/100426","targetHints":{"allow":["GET"]}}],"collection":[{"href":"https:\/\/redsemlac.com\/semmexico\/wp-json\/wp\/v2\/posts"}],"about":[{"href":"https:\/\/redsemlac.com\/semmexico\/wp-json\/wp\/v2\/types\/post"}],"author":[{"embeddable":true,"href":"https:\/\/redsemlac.com\/semmexico\/wp-json\/wp\/v2\/users\/3"}],"replies":[{"embeddable":true,"href":"https:\/\/redsemlac.com\/semmexico\/wp-json\/wp\/v2\/comments?post=100426"}],"version-history":[{"count":0,"href":"https:\/\/redsemlac.com\/semmexico\/wp-json\/wp\/v2\/posts\/100426\/revisions"}],"wp:featuredmedia":[{"embeddable":true,"href":"https:\/\/redsemlac.com\/semmexico\/wp-json\/wp\/v2\/media\/100427"}],"wp:attachment":[{"href":"https:\/\/redsemlac.com\/semmexico\/wp-json\/wp\/v2\/media?parent=100426"}],"wp:term":[{"taxonomy":"category","embeddable":true,"href":"https:\/\/redsemlac.com\/semmexico\/wp-json\/wp\/v2\/categories?post=100426"},{"taxonomy":"post_tag","embeddable":true,"href":"https:\/\/redsemlac.com\/semmexico\/wp-json\/wp\/v2\/tags?post=100426"}],"curies":[{"name":"wp","href":"https:\/\/api.w.org\/{rel}","templated":true}]}}