{"id":10042,"date":"2019-07-23T17:16:17","date_gmt":"2019-07-23T17:16:17","guid":{"rendered":"https:\/\/redsemlac.com\/semmexico\/?p=10042"},"modified":"2023-07-21T14:51:22","modified_gmt":"2023-07-21T19:51:22","slug":"el-colectivo-de-menores-trans-podra-cambiar-su-sexo-en-los-registros-publicos-antes-de-cumplir-los-18","status":"publish","type":"post","link":"https:\/\/redsemlac.com\/semmexico\/el-colectivo-de-menores-trans-podra-cambiar-su-sexo-en-los-registros-publicos-antes-de-cumplir-los-18\/","title":{"rendered":"El colectivo de menores trans podr\u00e1 cambiar su sexo en los registros p\u00fablicos antes de cumplir los 18"},"content":{"rendered":"\n<p class=\"wp-block-paragraph\"> <strong>La sentencia del Tribunal Constitucional demuestra un cambio en el entendimiento del libre desarrollo y la no discriminaci\u00f3n por cuesti\u00f3n de edad.<\/strong><\/p>\n\n\n\n<p class=\"wp-block-paragraph\"> <strong>Redacci\u00f3n\u00a0<\/strong><br><\/p>\n\n\n\n<p class=\"wp-block-paragraph\">SemM\u00e9xico\/AmecoPress. Madrid. 23 julio  2019.- Una sentencia del Tribunal Constitucional dictamina que las personas trans menores de edad podr\u00e1n cambiar de sexo en los registros p\u00fablicos. La decisi\u00f3n, adem\u00e1s de dar un paso al libre desarrollo de la personalidad y la no discriminaci\u00f3n por cuestiones de edad, supone un cambio en el criterio que anteriormente ten\u00eda el Estado Espa\u00f1ol por el que las personas trans ten\u00edan que esperar a cumplir la mayor\u00eda de edad para cambiar su sexo legalmente.<\/p>\n\n\n\n<p class=\"wp-block-paragraph\">La Federaci\u00f3n Estatal de Lesbianas, Gais, Trans y Bisexuales (FELGTB) aplaude la decisi\u00f3n y lo considera un gran avance. Con la sentencia del alto tribunal, se anula el art\u00edculo de la ley de registros que obligaba a las personas menores a hacer el cambio de nombre y sexo una vez alcanzada la mayor\u00eda de edad o de lo contrario, deb\u00edan entrar en una batalla judicial tediosa para luchar por la libertad de reconocerse con su sexo. No hace falta mirar muy lejos para recordar que hasta 2007 el proceso para el cambio de sexo registral se ten\u00eda que demandar al Estado aportando pruebas periciales que demostrasen que se hab\u00eda acudido a cirug\u00eda.<\/p>\n\n\n\n<p class=\"wp-block-paragraph\">Es el \u00e1mbito educativo y sanitario el campo de batalla para el colectivo de menores trans. Seg\u00fan comentan desde la FELGTB es aqu\u00ed donde m\u00e1s se va a notar este avance por la diversidad. \u201cAhora, va a ser imposible negar la identidad de una persona menor de edad en el colegio y ser\u00e1 m\u00e1s dif\u00edcil negar los tratamientos a aquellas que ya cuenten con el cambio de sexo en el registro\u201d comentan. La tranquilidad que supone el reconocimiento de su identidad en la vida de la poblaci\u00f3n menor trans reduce dr\u00e1sticamente los problemas de salud mental. Acciones como llamar a la persona por su nombre sentido, utilizar el g\u00e9nero real y respectar su identidad de g\u00e9nero reduce enormemente los intentos de suicidio y otros problemas derivados de la transfob\u00eda.<\/p>\n\n\n\n<p class=\"wp-block-paragraph\">La decisi\u00f3n supone un avance real para las personas trans pero a\u00fan hay mucho por hacer para que exista una igualdad real y legal; mientras se siga requiriendo un diagn\u00f3stico psiqui\u00e1trico para describir que existe una discordancia entre la identidad de g\u00e9nero y el sexo asignado al nacer -disforia de g\u00e9nero- y no se reconozca la autodeterminaci\u00f3n de g\u00e9nero como una realidad quedar\u00e1 camino por recorrer. Desde la Federaci\u00f3n insisten en que no cesar\u00e1n hasta conseguir una igualdad real garantizada por el blindaje de los derechos que las personas trans necesitan y merecen, porque defender los derechos del colectivo trans es defender los derechos humanos.<\/p>\n","protected":false},"excerpt":{"rendered":"<p> La sentencia del Tribunal Constitucional demuestra un cambio en el entendimiento del libre desarrollo y la no discriminaci\u00f3n por cuesti\u00f3n de edad.<\/p>\n","protected":false},"author":3,"featured_media":10043,"comment_status":"open","ping_status":"open","sticky":false,"template":"","format":"standard","meta":{"_monsterinsights_skip_tracking":false,"footnotes":""},"categories":[690,53],"tags":[],"class_list":["post-10042","post","type-post","status-publish","format-standard","has-post-thumbnail","category-690","category-internacional"],"_links":{"self":[{"href":"https:\/\/redsemlac.com\/semmexico\/wp-json\/wp\/v2\/posts\/10042","targetHints":{"allow":["GET"]}}],"collection":[{"href":"https:\/\/redsemlac.com\/semmexico\/wp-json\/wp\/v2\/posts"}],"about":[{"href":"https:\/\/redsemlac.com\/semmexico\/wp-json\/wp\/v2\/types\/post"}],"author":[{"embeddable":true,"href":"https:\/\/redsemlac.com\/semmexico\/wp-json\/wp\/v2\/users\/3"}],"replies":[{"embeddable":true,"href":"https:\/\/redsemlac.com\/semmexico\/wp-json\/wp\/v2\/comments?post=10042"}],"version-history":[{"count":0,"href":"https:\/\/redsemlac.com\/semmexico\/wp-json\/wp\/v2\/posts\/10042\/revisions"}],"wp:featuredmedia":[{"embeddable":true,"href":"https:\/\/redsemlac.com\/semmexico\/wp-json\/wp\/v2\/media\/10043"}],"wp:attachment":[{"href":"https:\/\/redsemlac.com\/semmexico\/wp-json\/wp\/v2\/media?parent=10042"}],"wp:term":[{"taxonomy":"category","embeddable":true,"href":"https:\/\/redsemlac.com\/semmexico\/wp-json\/wp\/v2\/categories?post=10042"},{"taxonomy":"post_tag","embeddable":true,"href":"https:\/\/redsemlac.com\/semmexico\/wp-json\/wp\/v2\/tags?post=10042"}],"curies":[{"name":"wp","href":"https:\/\/api.w.org\/{rel}","templated":true}]}}