{"id":10039,"date":"2019-07-23T17:11:17","date_gmt":"2019-07-23T17:11:17","guid":{"rendered":"https:\/\/redsemlac.com\/semmexico\/?p=10039"},"modified":"2023-07-21T14:51:22","modified_gmt":"2023-07-21T19:51:22","slug":"la-caravana-abriendo-fronteras-muestra-su-solidaridad-con-las-temporeras-marroquies-que-trabajan-en-los-campos-de-huelva","status":"publish","type":"post","link":"https:\/\/redsemlac.com\/semmexico\/la-caravana-abriendo-fronteras-muestra-su-solidaridad-con-las-temporeras-marroquies-que-trabajan-en-los-campos-de-huelva\/","title":{"rendered":"La Caravana Abriendo Fronteras muestra su solidaridad con las temporeras marroqu\u00edes que trabajan en los campos de Huelva"},"content":{"rendered":"\n<p class=\"wp-block-paragraph\"><strong>Gloria L\u00f3pez<\/strong><\/p>\n\n\n\n<p class=\"wp-block-paragraph\">SemM\u00e9xico\/AmecoPress.  Madrid.  23 julio 2019.- La Caravana Abriendo Fronteras recorri\u00f3 Huelva en solidaridad con las temporeras marroqu\u00edes. Concretamente, las 300 personas que componen la iniciativa fueron a las puertas de la sede de la Federaci\u00f3n Onubense de Empresarios (FOE), en una protesta que record\u00f3 que \u00e9sta es responsable de un plan que resulta claramente insuficiente para proteger a las temporeras. All\u00ed, denunciaron la discriminaci\u00f3n y el maltrato que reciben las personas migrantes, en especial las mujeres, que vienen a trabajar en los campos de Huelva.<\/p>\n\n\n\n<figure class=\"wp-block-image\"><a href=\"http:\/\/amecopress.net\/IMG\/jpg\/en_la_puerta.jpg\" target=\"_blank\" rel=\"noreferrer noopener\"><img decoding=\"async\" src=\"https:\/\/ci4.googleusercontent.com\/proxy\/X0QGpxMW_AgL69T0kPqE7sg7qkgS78zoP2V5U4hsS4WQWiqG6LDdY5yqJbPYcQz9YjuWh8ghnkqh5n7QvSLBGZQ0igy2VN2sBsLe7-Nw6nKcRwj9oS6sHOv_IJXzgtE=s0-d-e1-ft#http:\/\/amecopress.net\/local\/cache-vignettes\/L750xH391\/en_la_puerta-8d6c2.jpg\" alt=\"JPEG\"\/><\/a><\/figure>\n\n\n\n<p class=\"wp-block-paragraph\">El colectivo Mujeres 24h escenific\u00f3 en una performance a pie de calle el trato degradante y las condiciones de explotaci\u00f3n laboral a las que algunas empresas onubenses someten a trabajadoras extranjeras. Privarlas de su pasaporte y salario hasta poco antes de finalizar la temporada de recolecta, es una medida enfocada a controlar su libertad de movimiento hasta que queden liberadas de su carga contractual. Alargar la jornada sin abonar las horas extraordinarias, y otras muchas vulneraciones del derecho laboral, violan las premisas de un convenio colectivo de por s\u00ed poco garantista de la dignidad del trabajo agr\u00edcola.<\/p>\n\n\n\n<p class=\"wp-block-paragraph\">Las denuncias de diez trabajadoras de origen marroqu\u00ed ante la Guardia Civil contra un manijero y la empresa Do\u00f1ana 1998, por delitos sexuales y por vulnerar derechos laborales, sacaron a la luz p\u00fablica el pasado mayo el secreto a voces que rodea los campos de Huelva. Tras diversos bloqueos en el proceso de denuncia y el abandono de algunas de estas mujeres, que no encontraron demasiado apoyo, la organizaci\u00f3n internacional Women\u2019s Link Worldwide asumi\u00f3 la representaci\u00f3n legal de las cuatro temporeras marroqu\u00edes que decidieron continuar destapando una situaci\u00f3n injusta. Women\u2019s Link reclama la responsabilidad del Estado espa\u00f1ol y de las empresas para asegurar que los derechos de las trabajadoras se respeten, por encima de intereses econ\u00f3micos o empresariales.<\/p>\n\n\n\n<p class=\"wp-block-paragraph\">La provincia de Huelva es un referente en el sector agrario. Un \u201cmilagro\u201d sostenido por miles de temporeras y temporeros de origen extranjero (algunos menores no acompa\u00f1ados) que sobreviven las campa\u00f1as en \u201ccondiciones indignas, en asentamientos sin luz, sin agua, insalubres y sufriendo abusos laborables\u201d. \u201cEn el caso de las mujeres trabajadoras las cosas son todav\u00eda peores\u201d, explican desde la Caravana. \u201cLa situaci\u00f3n de las mujeres jornaleras, sobre todo de origen marroqu\u00ed, es un claro ejemplo de c\u00f3mo opera el sistema capitalista heteropatriarcal y racista\u201d.<\/p>\n\n\n\n<p class=\"wp-block-paragraph\">La feminizaci\u00f3n de los \u201ccontratos en origen\u201d ha sido impl\u00edcito en estas contrataciones en la provincia onubense, justificado por los empresarios con argumentos machistas que aluden la \u201cdelicadeza y la agilidad\u201d de las mujeres. \u201cLa realidad es que el proceso de selecci\u00f3n y los requisitos exigidos a las trabajadoras vulneran los derechos personales, sociales, econ\u00f3micos y laborales\u201d.<\/p>\n\n\n\n<p class=\"wp-block-paragraph\">La Caravana ha emitido un comunicado en el que denuncia las vulneraciones a las que se enfrentan cada d\u00eda estas mujeres: jornadas interminables, un permiso de residencia condicionado a la vigencia del contrato laboral, la no garant\u00eda de un m\u00ednimo de peonadas, la situaci\u00f3n de aislamiento ya que se alojan en fincas en condiciones lamentables muy alejadas de los centros urbanos, el desconocimiento de sus derechos laborables y sanitarios. Adem\u00e1s, las temporeras de la fresa son las peores pagadas de todo el campo andaluz, 38 euros por una dura jornada.<\/p>\n\n\n\n<figure class=\"wp-block-image\"><a href=\"http:\/\/amecopress.net\/IMG\/jpg\/derribando_muros.jpg\" target=\"_blank\" rel=\"noreferrer noopener\"><img decoding=\"async\" src=\"https:\/\/ci6.googleusercontent.com\/proxy\/4INfC0f6CFX_pFasOkfgREyWU-T5nIK66jcyhaidVQB4XWEzBp4I_v8ivUnG6ZVfBvyEPlcE7vXA9kZtFFf4PEFFaV5N2jsCKDaSb0ljEejD4CfXM_RLOmhhiXLruORbnEQA=s0-d-e1-ft#http:\/\/amecopress.net\/local\/cache-vignettes\/L567xH378\/derribando_muros-2a04c.jpg\" alt=\"JPEG\"\/><\/a><\/figure>\n\n\n\n<p class=\"wp-block-paragraph\">Aunque no fue hasta 2018 cuando un grupo de trabajadoras de la fresa denunci\u00f3 abusos, la situaci\u00f3n ven\u00eda advirti\u00e9ndose por el SAT desde 2006, lo cual evidencia la falta de mecanismos de control para garantizar la dignidad de las trabajadoras y la falta de voluntad de las administraciones y los empresarios para que estas condiciones mejoren. \u201cNos encontramos con un triple delito: racismo, machismo y abusos laborales y sexuales\u201d, sentencia Mar\u00eda Viadero, de la Caravana Abriendo Fronteras.<\/p>\n\n\n\n<p class=\"wp-block-paragraph\">\u201cEs positivo que exista un modelo que facilite que las mujeres marroqu\u00edes puedan venir a trabajar a Espa\u00f1a dentro de un marco legal, pero no puede ser a costa de vulnerar sus derechos y jugar con sus expectativas vitales\u201d, explica Aintzane M\u00e1rquez, abogada de Women\u2019s Link Worldwide.<\/p>\n\n\n\n<p class=\"wp-block-paragraph\">\u201cLo pasamos muy mal. Pedimos pr\u00e9stamos en Marruecos y vendimos nuestras cosas para hacernos el pasaporte, para pagar el visado y venir a trabajar aqu\u00ed a Espa\u00f1a. Al llegar, nos encontramos que hab\u00eda poco trabajo. Ni siquiera hemos repuesto todo el dinero que hemos perdido en Marruecos\u201d, explica una de las temporeras.<\/p>\n\n\n\n<p class=\"wp-block-paragraph\">Adem\u00e1s de la explotaci\u00f3n laboral, sufrieron el acoso sexual de un encargado espa\u00f1ol, que les hac\u00eda continuamente proposiciones de car\u00e1cter sexual. \u201cEs necesario que se analice con una perspectiva de g\u00e9nero el impacto que este modelo de negocio tiene en las vidas de las temporeras. Sin estabilidad laboral y viviendo aisladas en las fincas, adem\u00e1s de la explotaci\u00f3n laboral, pueden sufrir otros tipos de violencia, como violencia sexual, y es muy dif\u00edcil que puedan denunciar por miedo a represalias y a perder el trabajo\u201d, explica M\u00e1rquez.<\/p>\n\n\n\n<p class=\"wp-block-paragraph\">\u201cSi alguna mujer sufre acoso o violencia, es necesario que lo denuncie. No quiero que ninguna mujer sufra lo mismo que nosotras\u201d, concluye una de las temporeras.<\/p>\n\n\n\n<h3 class=\"wp-block-heading\">La globalizaci\u00f3n de la injusticia&nbsp;<\/h3>\n\n\n\n<p class=\"wp-block-paragraph\">Las personas que integran la Caravana explican adem\u00e1s que \u201cla situaci\u00f3n en los campos de Huelva no es un caso aislado\u201d. El sector agr\u00edcola italiano y espa\u00f1ol son lugares donde este sistema de \u201ctrabajo esclavo\u201d campa a sus anchas en Europa. Como ejemplos, el caso de las 59 personas inmigrantes en los campos de ajo de Cuenca, la reciente lucha sindical en Huerta de Peralta en Navarra, las temporeras del tomate en Sicilia y en la Apulia en Italia\u2026<\/p>\n\n\n\n<figure class=\"wp-block-image\"><a href=\"http:\/\/amecopress.net\/IMG\/jpg\/polideportivo.jpg\" target=\"_blank\" rel=\"noreferrer noopener\"><img decoding=\"async\" src=\"https:\/\/ci3.googleusercontent.com\/proxy\/JQTcA030DhODE6zPWc-25dwuWOy7Ryon5vF2NFhUWUetx-XS_APCSguisisR_jKAxUcb9srxlN7fjOQrKgKIAAYJW_JJ695P4IF9RXVmVZpQZmsP4oyeUkoHuYPJLBwC=s0-d-e1-ft#http:\/\/amecopress.net\/local\/cache-vignettes\/L750xH423\/polideportivo-ddbf6.jpg\" alt=\"JPEG\"\/><\/a><\/figure>\n\n\n\n<p class=\"wp-block-paragraph\">Antes de partir a Huelva, durante el mediod\u00eda en Sevilla, la Caravana se encontr\u00f3 con la plataforma de Solidaridad con Palestina y con el movimiento Por un Mundo sin Muros. En esta cuarta edici\u00f3n de Caravana, \u00e9sta se presta de nuevo a una relaci\u00f3n de apoyo mutuo y objetivos compartidos con la Flotilla de la Libertad, cumpli\u00e9ndose un a\u00f1o desde que ambas coincidieran en Palermo.<\/p>\n\n\n\n<p class=\"wp-block-paragraph\">A la altura del Puente de Triana, 100 personas repartidas en una decena de embarcaciones representaron una de tantas escenas de violencia militar que el ej\u00e9rcito israel\u00ed ha ejercido en aguas internacionales. El ataque y represi\u00f3n hacia las comitivas de civiles que tratan de romper el bloqueo de Gaza portando material sanitario de primera necesidad, es una muestra m\u00e1s del despliegue de violencia en Israel contra el pueblo palestino.<\/p>\n\n\n\n<h3 class=\"wp-block-heading\">Vuelta a territorios<\/h3>\n\n\n\n<p class=\"wp-block-paragraph\">La Caravana Abriendo Fronteras cierra en Huelva la #CaravanaSur2019. \u201cSomos m\u00e1s de 100 colectivos de todo el territorio espa\u00f1ol y europeo y casi 300 activistas las que hemos viajado durante este verano a nuestra frontera sur, para rebelarnos contra la situaci\u00f3n de explotaci\u00f3n y racismo que viven tantas y tantas personas. Nos rebelamos contra las pol\u00edticas de muerte que nos separan y sit\u00faan a nuestros vecinos y vecinas migrantes en espacios de no-derechos deshumaniz\u00e1ndolas y condicion\u00e1ndolas a intereses econ\u00f3micos y de producci\u00f3n\u201d.<\/p>\n\n\n\n<p class=\"wp-block-paragraph\">Y concluyen: \u201cJuntas, todas, creamos nuevas formas de resistencia, tejiendo redes solidarias cada d\u00eda m\u00e1s amplias y s\u00f3lidas. Seguiremos creando alternativas a las actuales pol\u00edticas, seguiremos denunciando y visibilizando. Porque fuimos, somos y seremos migrantes, abrimos fronteras\u201d.<br><\/p>\n","protected":false},"excerpt":{"rendered":"<p>All\u00ed, denunciaron la discriminaci\u00f3n y el maltrato que reciben las personas migrantes, en especial las mujeres, que vienen a trabajar en los campos de Huelva.<\/p>\n","protected":false},"author":3,"featured_media":10040,"comment_status":"open","ping_status":"open","sticky":false,"template":"","format":"standard","meta":{"_monsterinsights_skip_tracking":false,"footnotes":""},"categories":[690,53],"tags":[],"class_list":["post-10039","post","type-post","status-publish","format-standard","has-post-thumbnail","category-690","category-internacional"],"_links":{"self":[{"href":"https:\/\/redsemlac.com\/semmexico\/wp-json\/wp\/v2\/posts\/10039","targetHints":{"allow":["GET"]}}],"collection":[{"href":"https:\/\/redsemlac.com\/semmexico\/wp-json\/wp\/v2\/posts"}],"about":[{"href":"https:\/\/redsemlac.com\/semmexico\/wp-json\/wp\/v2\/types\/post"}],"author":[{"embeddable":true,"href":"https:\/\/redsemlac.com\/semmexico\/wp-json\/wp\/v2\/users\/3"}],"replies":[{"embeddable":true,"href":"https:\/\/redsemlac.com\/semmexico\/wp-json\/wp\/v2\/comments?post=10039"}],"version-history":[{"count":0,"href":"https:\/\/redsemlac.com\/semmexico\/wp-json\/wp\/v2\/posts\/10039\/revisions"}],"wp:featuredmedia":[{"embeddable":true,"href":"https:\/\/redsemlac.com\/semmexico\/wp-json\/wp\/v2\/media\/10040"}],"wp:attachment":[{"href":"https:\/\/redsemlac.com\/semmexico\/wp-json\/wp\/v2\/media?parent=10039"}],"wp:term":[{"taxonomy":"category","embeddable":true,"href":"https:\/\/redsemlac.com\/semmexico\/wp-json\/wp\/v2\/categories?post=10039"},{"taxonomy":"post_tag","embeddable":true,"href":"https:\/\/redsemlac.com\/semmexico\/wp-json\/wp\/v2\/tags?post=10039"}],"curies":[{"name":"wp","href":"https:\/\/api.w.org\/{rel}","templated":true}]}}