{"id":100379,"date":"2025-11-12T10:53:45","date_gmt":"2025-11-12T16:53:45","guid":{"rendered":"https:\/\/redsemlac.com\/semmexico\/?p=100379"},"modified":"2025-11-12T10:53:46","modified_gmt":"2025-11-12T16:53:46","slug":"cine-hecho-por-mujeres-en-la-cineteca-nacional-que-peliculas-habra-y-cuando","status":"publish","type":"post","link":"https:\/\/redsemlac.com\/semmexico\/cine-hecho-por-mujeres-en-la-cineteca-nacional-que-peliculas-habra-y-cuando\/","title":{"rendered":"Cine hecho por mujeres en la Cineteca Nacional \u00bfqu\u00e9 pel\u00edculas habr\u00e1 y cu\u00e1ndo?"},"content":{"rendered":"\n<p class=\"wp-block-paragraph\">La Cineteca Nacional recibir\u00e1 al menos seis pel\u00edculas hechas por mujeres mexicanas hasta diciembre&nbsp;\/&nbsp;Foto: Andrea Murcia Monsiv\u00e1is \/ Cuartoscuro.com<\/p>\n\n\n\n<p class=\"wp-block-paragraph\">El ciclo de cine se denomina \u201cDirectoras en primer plano\u201d, y podr\u00e1s disfrutarlo cada jueves<\/p>\n\n\n\n<p class=\"wp-block-paragraph\">Jorge Morales<\/p>\n\n\n\n<p class=\"wp-block-paragraph\">SemM\u00e9xico\/El Sol de M\u00e9xico, Cd. de M\u00e9xico, 10 de noviembre, 2025.- Si deseas ver algo distinto y hecho por mujeres mexicanas, la<strong>&nbsp;Cineteca nacional<\/strong>&nbsp;inform\u00f3 acerca del comienzo del&nbsp;<strong>Ciclo de cine denominado \u201cDirectoras en primer plano\u201d<\/strong>, un espacio dedicado a la proyecci\u00f3n de cintas y di\u00e1logo entre las protagonistas de esta industria y el p\u00fablico\u201d, indic\u00f3 la instituci\u00f3n.<\/p>\n\n\n\n<p class=\"wp-block-paragraph\">Es decir, no solo habr\u00e1 proyecciones de diversas pel\u00edculas&nbsp;sino que al finalizar cada una,<strong>&nbsp;habr\u00e1 una sesi\u00f3n de charla para que puedas conocer m\u00e1s detr\u00e1s del contexto del filme<\/strong>&nbsp;y de lo que cada directora deja de su persona en su creaci\u00f3n.<\/p>\n\n\n\n<p class=\"wp-block-paragraph\">Esta temporada de pel\u00edculas se dar\u00e1&nbsp;<strong>cada jueves en funciones programadas de las 18:00 a las 21:00 horas en la Cineteca Nacional M\u00e9xico<\/strong>&nbsp;(Xoco)<\/p>\n\n\n\n<p class=\"wp-block-paragraph\">\u00bfQu\u00e9 pel\u00edculas del ciclo \u201cDirectoras en primer plano\u201d se proyectar\u00e1n?<\/p>\n\n\n\n<p class=\"wp-block-paragraph\">Este es el programa de filmes que estar\u00e1n disponibles del 6 de noviembre al 11 de diciembre de 2025:<\/p>\n\n\n\n<ul class=\"wp-block-list\">\n<li>Mujeres del alba, con Jimena Montemayor y Abril Alzaga (de 2023) el 6 de noviembre en la sala 4<\/li>\n\n\n\n<li>Mi vida dentro, con Luc\u00eda Gaj\u00e1 e Itzel Mart\u00ednez (de 2003) el 13 de noviembre en la sala 4<\/li>\n\n\n\n<li>Trigal, con Anabel Caso y Fernanda Becerril (de 2022) el 20 de noviembre en la sala 4<\/li>\n\n\n\n<li>El guardi\u00e1n de la memoria, con Marcela Arteaga y Chloe Roddick (del 2019) el 27 de noviembre en la sala 4<\/li>\n\n\n\n<li>Huesera, con Michelle Garza Cervera y Patricia Arriaga (del 2022) el 4 de diciembre en la sala 4<\/li>\n\n\n\n<li>Fecha de caducidad, con Kenya M\u00e1rquez y Fernanda Sol\u00f3rzano (del 2010) el 11 de diciembre en la sala 4<\/li>\n<\/ul>\n\n\n\n<p class=\"wp-block-paragraph\">Finalmente, la Cineteca Nacional hizo hincapi\u00e9 en que&nbsp;<strong>la entrada a cada funci\u00f3n y conversaci\u00f3n es completamente libre<\/strong>, por lo que, te recomendamos llegar temprano para asegurar tu lugar.<\/p>\n\n\n\n<p class=\"wp-block-paragraph\"><\/p>\n","protected":false},"excerpt":{"rendered":"<p>La Cineteca Nacional recibir\u00e1 al menos seis pel\u00edculas hechas por mujeres mexicanas hasta diciembre&nbsp;\/&nbsp;Foto: Andrea Murcia Monsiv\u00e1is \/ Cuartoscuro.com El ciclo de cine se denomina \u201cDirectoras en primer plano\u201d, y podr\u00e1s disfrutarlo cada jueves Jorge Morales SemM\u00e9xico\/El Sol de M\u00e9xico, Cd. de M\u00e9xico, 10 de noviembre, 2025.- Si deseas ver algo distinto y hecho por [&hellip;]<\/p>\n","protected":false},"author":3,"featured_media":100381,"comment_status":"open","ping_status":"open","sticky":false,"template":"","format":"standard","meta":{"_monsterinsights_skip_tracking":false,"footnotes":""},"categories":[748],"tags":[],"class_list":["post-100379","post","type-post","status-publish","format-standard","has-post-thumbnail","category-cultura-feminista"],"_links":{"self":[{"href":"https:\/\/redsemlac.com\/semmexico\/wp-json\/wp\/v2\/posts\/100379","targetHints":{"allow":["GET"]}}],"collection":[{"href":"https:\/\/redsemlac.com\/semmexico\/wp-json\/wp\/v2\/posts"}],"about":[{"href":"https:\/\/redsemlac.com\/semmexico\/wp-json\/wp\/v2\/types\/post"}],"author":[{"embeddable":true,"href":"https:\/\/redsemlac.com\/semmexico\/wp-json\/wp\/v2\/users\/3"}],"replies":[{"embeddable":true,"href":"https:\/\/redsemlac.com\/semmexico\/wp-json\/wp\/v2\/comments?post=100379"}],"version-history":[{"count":0,"href":"https:\/\/redsemlac.com\/semmexico\/wp-json\/wp\/v2\/posts\/100379\/revisions"}],"wp:featuredmedia":[{"embeddable":true,"href":"https:\/\/redsemlac.com\/semmexico\/wp-json\/wp\/v2\/media\/100381"}],"wp:attachment":[{"href":"https:\/\/redsemlac.com\/semmexico\/wp-json\/wp\/v2\/media?parent=100379"}],"wp:term":[{"taxonomy":"category","embeddable":true,"href":"https:\/\/redsemlac.com\/semmexico\/wp-json\/wp\/v2\/categories?post=100379"},{"taxonomy":"post_tag","embeddable":true,"href":"https:\/\/redsemlac.com\/semmexico\/wp-json\/wp\/v2\/tags?post=100379"}],"curies":[{"name":"wp","href":"https:\/\/api.w.org\/{rel}","templated":true}]}}