{"id":100356,"date":"2025-11-11T18:24:19","date_gmt":"2025-11-12T00:24:19","guid":{"rendered":"https:\/\/redsemlac.com\/semmexico\/?p=100356"},"modified":"2025-11-11T18:27:18","modified_gmt":"2025-11-12T00:27:18","slug":"llama-marea-verde-quintana-roo-a-usar-los-mecanismos-de-denuncia","status":"publish","type":"post","link":"https:\/\/redsemlac.com\/semmexico\/llama-marea-verde-quintana-roo-a-usar-los-mecanismos-de-denuncia\/","title":{"rendered":"Llama \u00a0Marea Verde Quintana Roo a usar los mecanismos de denuncia"},"content":{"rendered":"\n<p class=\"wp-block-paragraph\">Redacci\u00f3n<\/p>\n\n\n\n<p class=\"wp-block-paragraph\">SemM\u00e9xico, Q.Roo, 11 de noviembre, 2027.- Frente a la violencia que intenta silenciarnos, recordamos que tu voz es un faro de justicia y una alerta para otras. En Marea Verde Quintana Roo, te escuchamos, te creemos y te acompa\u00f1amos en cada paso.<\/p>\n\n\n\n<p class=\"wp-block-paragraph\">Sabemos que la intimidaci\u00f3n es una herramienta de los agresores, pero la justicia social est\u00e1 de tu lado. \u00bfSab\u00edas que la Suprema Corte de Justicia de la Naci\u00f3n (SCJN), a trav\u00e9s de la Tesis de jurisprudencia 2030977, establece claramente que los tendederos son un mecanismo constitucionalmente protegido, fortaleci\u00e9ndonos contra cualquier intento de intimidaci\u00f3n legal.<\/p>\n\n\n\n<p class=\"wp-block-paragraph\">En un contexto donde las instituciones a menudo fallan, la visibilizaci\u00f3n se convierte en nuestra respuesta. Exponer a los violentadores, acosadores, hostigadores y deudores alimentarios no solo te brinda una forma de justicia, sino que tambi\u00e9n protege a otras mujeres.<\/p>\n\n\n\n<p class=\"wp-block-paragraph\">\u00a1No te dejes intimidar! Rompe el silencio, visibiliza la violencia y \u00fanete a quienes construimos redes de apoyo. Tu valent\u00eda es nuestra fuerza.<\/p>\n\n\n\n<p class=\"wp-block-paragraph\">Puedes consultar la tesis en el siguiente link: <a href=\"https:\/\/sjfsemanal.scjn.gob.mx\/detalle\/tesis\/2030977?fbclid=IwZXh0bgNhZW0CMTAAYnJpZBExeTlSOEJDSWo5UnFJZUhOTXNydGMGYXBwX2lkEDIyMjAzOTE3ODgyMDA4OTIAAR4BhFVlHeSHr6jWct4Hcbb8shHtJkNXPn11ao1fJw-WEnhicr1exlY4cX47VA_aem_bkzGHE5RjapIXg0RwAAF1w\" target=\"_blank\" rel=\"noreferrer noopener\"><strong>https:\/\/sjfsemanal.scjn.gob.mx\/detalle\/tesis\/2030977<\/strong><\/a><\/p>\n\n\n\n<figure class=\"wp-block-image size-full\"><a href=\"https:\/\/redsemlac.com\/semmexico\/wp-content\/uploads\/2025\/11\/marea-verde-quintanaroo.jpg\"><img loading=\"lazy\" decoding=\"async\" width=\"1024\" height=\"915\" src=\"https:\/\/redsemlac.com\/semmexico\/wp-content\/uploads\/2025\/11\/marea-verde-quintanaroo.jpg\" alt=\"\" class=\"wp-image-100363\" srcset=\"https:\/\/redsemlac.com\/semmexico\/wp-content\/uploads\/2025\/11\/marea-verde-quintanaroo.jpg 1024w, https:\/\/redsemlac.com\/semmexico\/wp-content\/uploads\/2025\/11\/marea-verde-quintanaroo-300x268.jpg 300w, https:\/\/redsemlac.com\/semmexico\/wp-content\/uploads\/2025\/11\/marea-verde-quintanaroo-768x686.jpg 768w, https:\/\/redsemlac.com\/semmexico\/wp-content\/uploads\/2025\/11\/marea-verde-quintanaroo-150x134.jpg 150w, https:\/\/redsemlac.com\/semmexico\/wp-content\/uploads\/2025\/11\/marea-verde-quintanaroo-696x622.jpg 696w\" sizes=\"auto, (max-width: 1024px) 100vw, 1024px\" \/><\/a><\/figure>\n\n\n\n<p class=\"wp-block-paragraph\"><a href=\"https:\/\/www.facebook.com\/MareaVerdeQuintanaRoo\/posts\/pfbid0sE5YMLUXfZtBFBDh89jYk2RkxkThawmf1AcxXPquyrjAozNN4M9Rg61cegx2TBTgl?__cft__%5b0%5d=AZWF8266BG3HdIrC9teRyxemoWz8cTHKTNd4lvVWs81-q6dR8JNp7lWUBwQ8m-W8_hZ1TB9Uk1VHltqCN5BKlQ20MmCbJsBnXYq3vLUJQp-j4wVcIyh2hhLjRnHEzBNlAv4Q3SiIdqi7Z2kqzACfxGHF-mAGCCB5W4JfEWB09tev_A&amp;__tn__=%2CO%2CP-R\"><strong>Sdrstnooepl6u1h1602h681i1t7i4u&nbsp;6ch5c0h8028fi5ll4c6mtuung446f<\/strong><\/a>&nbsp;\u00b7<\/p>\n\n\n\n<p class=\"wp-block-paragraph\"><\/p>\n","protected":false},"excerpt":{"rendered":"<p>Redacci\u00f3n SemM\u00e9xico, Q.Roo, 11 de noviembre, 2027.- Frente a la violencia que intenta silenciarnos, recordamos que tu voz es un faro de justicia y una alerta para otras. En Marea Verde Quintana Roo, te escuchamos, te creemos y te acompa\u00f1amos en cada paso. Sabemos que la intimidaci\u00f3n es una herramienta de los agresores, pero la [&hellip;]<\/p>\n","protected":false},"author":3,"featured_media":0,"comment_status":"open","ping_status":"open","sticky":false,"template":"","format":"standard","meta":{"_monsterinsights_skip_tracking":false,"footnotes":""},"categories":[48],"tags":[],"class_list":["post-100356","post","type-post","status-publish","format-standard","category-no-mas-impunidad-no-mas-impunidad"],"_links":{"self":[{"href":"https:\/\/redsemlac.com\/semmexico\/wp-json\/wp\/v2\/posts\/100356","targetHints":{"allow":["GET"]}}],"collection":[{"href":"https:\/\/redsemlac.com\/semmexico\/wp-json\/wp\/v2\/posts"}],"about":[{"href":"https:\/\/redsemlac.com\/semmexico\/wp-json\/wp\/v2\/types\/post"}],"author":[{"embeddable":true,"href":"https:\/\/redsemlac.com\/semmexico\/wp-json\/wp\/v2\/users\/3"}],"replies":[{"embeddable":true,"href":"https:\/\/redsemlac.com\/semmexico\/wp-json\/wp\/v2\/comments?post=100356"}],"version-history":[{"count":0,"href":"https:\/\/redsemlac.com\/semmexico\/wp-json\/wp\/v2\/posts\/100356\/revisions"}],"wp:attachment":[{"href":"https:\/\/redsemlac.com\/semmexico\/wp-json\/wp\/v2\/media?parent=100356"}],"wp:term":[{"taxonomy":"category","embeddable":true,"href":"https:\/\/redsemlac.com\/semmexico\/wp-json\/wp\/v2\/categories?post=100356"},{"taxonomy":"post_tag","embeddable":true,"href":"https:\/\/redsemlac.com\/semmexico\/wp-json\/wp\/v2\/tags?post=100356"}],"curies":[{"name":"wp","href":"https:\/\/api.w.org\/{rel}","templated":true}]}}