{"id":100352,"date":"2025-11-11T18:15:53","date_gmt":"2025-11-12T00:15:53","guid":{"rendered":"https:\/\/redsemlac.com\/semmexico\/?p=100352"},"modified":"2025-11-11T18:15:53","modified_gmt":"2025-11-12T00:15:53","slug":"la-opinion-despatriarcalizar-las-universidades","status":"publish","type":"post","link":"https:\/\/redsemlac.com\/semmexico\/la-opinion-despatriarcalizar-las-universidades\/","title":{"rendered":"La opini\u00f3n| Despatriarcalizar las universidades"},"content":{"rendered":"\n<p class=\"wp-block-paragraph\">Elena Tapia Fonllem<\/p>\n\n\n\n<p class=\"wp-block-paragraph\">SemM\u00e9xico, Cd. de M\u00e9xico, 11 de noviembre, 2025.- \u00bfEs posible\u00a0<strong>despatriarcalizar<\/strong>\u00a0las instituciones de educaci\u00f3n en M\u00e9xico, es posible despatriarcalizar las\u00a0<strong>universidades<\/strong>?, \u00bfpor d\u00f3nde empezar, qu\u00e9 plan hay que trazar, c\u00f3mo convencer a quienes deciden desde el poder las acciones, los recursos, los planes de estudio?<\/p>\n\n\n\n<p class=\"wp-block-paragraph\">Despatriarcalizar la educaci\u00f3n puede garantizar que no haya m\u00e1s&nbsp;<strong>Rectores o docentes<\/strong>&nbsp;que cometan&nbsp;<strong>actos de violencia sexual<\/strong>, o que un d\u00eda las&nbsp;<strong>mujeres<\/strong>, todas, puedan caminar por las calles&nbsp;<strong>sin ser v\u00edctimas<\/strong>&nbsp;de&nbsp;<strong>acoso y abuso sexual<\/strong>?<\/p>\n\n\n\n<p class=\"wp-block-paragraph\">En d\u00edas pasados, del 28 al 30 de octubre se realiz\u00f3 el&nbsp;<em>VIII Encuentro de Discusi\u00f3n y An\u00e1lisis de Estrategias de Intervenci\u00f3n a la Violencia por Motivos de G\u00e9nero en las Instituciones de Educaci\u00f3n Superior (IES). Estrategias para despatriarcalizar y descolonizar las IES. Una tarea pendiente de todas, todes y todos<\/em>, en San Crist\u00f3bal de las Casas, Chiapas. Las sesiones fueron en el&nbsp;<strong>ECOSUR<\/strong>&nbsp;y la&nbsp;<strong>Universidad Intercultural de Chiapas<\/strong>, contando con la participaci\u00f3n de numerosas&nbsp;<strong>IES como convocantes&nbsp;<\/strong>que a la vez forman parte de la&nbsp;<em>Red contra la violencia de g\u00e9nero en las IES. Reconstruir<\/em>.<\/p>\n\n\n\n<p class=\"wp-block-paragraph\">Mientras en varias mesas y simposios se fue desgranando el gran tema de la&nbsp;<strong>violencia de g\u00e9nero en las universidades<\/strong>, en San Crist\u00f3bal ocurri\u00f3 tambi\u00e9n un&nbsp;<strong>encuentro intergeneracional,<\/strong>&nbsp;marcado por la presencia de&nbsp;<strong>destacadas acad\u00e9micas<\/strong>&nbsp;que por a\u00f1os han trabajado en temas de feminismo, como Esperanza Tu\u00f1\u00f3n y Guadalupe Huacuz, entre muchas otras, junto a&nbsp;<strong>j\u00f3venes estudiantes<\/strong>&nbsp;de la UAM, de la UNAM, de la BUAP, de la UPN, de las universidades de Zacatecas, de Sonora, de Baja California, entre otras, lo que permiti\u00f3 la&nbsp;<strong>reuni\u00f3n de saberes y de experiencias<\/strong>, pues esa tarea de despatriarcalizar cualquier instituci\u00f3n, sea de educaci\u00f3n o de cualquier otra \u00e1rea del estado mexicano&nbsp;<strong>requiere de la uni\u00f3n de muchas voluntades,&nbsp;<\/strong>de mucha energ\u00eda, de gran conocimiento y, sin duda, de la inversi\u00f3n de mucho tiempo. Por ello adquiere sentido&nbsp;<strong>compartir estrategias y mejorarlas<\/strong>.<\/p>\n\n\n\n<p class=\"wp-block-paragraph\">Los avances de&nbsp;<strong>investigaci\u00f3n feminista&nbsp;<\/strong>en torno a la persistencia de&nbsp;<strong>violencia de g\u00e9nero<\/strong>&nbsp;y las experiencias de estrategias para&nbsp;<strong>despatriarcalizar a las IES<\/strong>&nbsp;se presentaron en varias mesas con temas como, las&nbsp;<strong>epistemolog\u00edas feministas<\/strong>, los&nbsp;<strong>recursos pedag\u00f3gicos&nbsp;<\/strong>necesarios para lograr cambios en el curr\u00edculum, las dificultades en el&nbsp;<strong>acceso a la justicia<\/strong>&nbsp;a pesar de los protocolos y las normas existentes, las estrategias construidas por estudiantes para evitar m\u00e1s violencia por razones de g\u00e9nero, la radicalizaci\u00f3n de la violencia patriarcal en la academia y las resistencias ante ella, la realizaci\u00f3n de un&nbsp;<strong>recuento de acciones<\/strong>&nbsp;realizadas hasta ahora, las acciones desde el&nbsp;<strong>activismo en los espacios universitarios<\/strong>, las masculinidades y los modelos de intervenci\u00f3n. Todos los temas fueron abordados en horas de an\u00e1lisis, debate y elaboraci\u00f3n de propuestas.<\/p>\n\n\n\n<p class=\"wp-block-paragraph\">Muchos temas, muchas reflexiones, mucha sororidad, muchos planes a futuro entre los que se encuentra la&nbsp;<strong>realizaci\u00f3n de publicaciones<\/strong>, la difusi\u00f3n de los&nbsp;<strong>resultados logrados<\/strong>&nbsp;en San Crist\u00f3bal, la organizaci\u00f3n del&nbsp;<strong>IX Encuentro<\/strong>&nbsp;y tambi\u00e9n el&nbsp;<strong>fortalecimiento de redes<\/strong>, por entidad, por regiones, por universidad, por temas o bien solo por tener la ocasi\u00f3n de reunirse, en un caf\u00e9, en una marcha, prueba de que&nbsp;<strong>las feministas est\u00e1n<\/strong>.<\/p>\n\n\n\n<p class=\"wp-block-paragraph\"><\/p>\n","protected":false},"excerpt":{"rendered":"<p>Elena Tapia Fonllem SemM\u00e9xico, Cd. de M\u00e9xico, 11 de noviembre, 2025.- \u00bfEs posible\u00a0despatriarcalizar\u00a0las instituciones de educaci\u00f3n en M\u00e9xico, es posible despatriarcalizar las\u00a0universidades?, \u00bfpor d\u00f3nde empezar, qu\u00e9 plan hay que trazar, c\u00f3mo convencer a quienes deciden desde el poder las acciones, los recursos, los planes de estudio? Despatriarcalizar la educaci\u00f3n puede garantizar que no haya m\u00e1s&nbsp;Rectores [&hellip;]<\/p>\n","protected":false},"author":3,"featured_media":98750,"comment_status":"open","ping_status":"open","sticky":false,"template":"","format":"standard","meta":{"_monsterinsights_skip_tracking":false,"footnotes":""},"categories":[82,110,35],"tags":[],"class_list":["post-100352","post","type-post","status-publish","format-standard","has-post-thumbnail","category-la-opinion","category-la-opinion-columnas","category-opinion"],"_links":{"self":[{"href":"https:\/\/redsemlac.com\/semmexico\/wp-json\/wp\/v2\/posts\/100352","targetHints":{"allow":["GET"]}}],"collection":[{"href":"https:\/\/redsemlac.com\/semmexico\/wp-json\/wp\/v2\/posts"}],"about":[{"href":"https:\/\/redsemlac.com\/semmexico\/wp-json\/wp\/v2\/types\/post"}],"author":[{"embeddable":true,"href":"https:\/\/redsemlac.com\/semmexico\/wp-json\/wp\/v2\/users\/3"}],"replies":[{"embeddable":true,"href":"https:\/\/redsemlac.com\/semmexico\/wp-json\/wp\/v2\/comments?post=100352"}],"version-history":[{"count":0,"href":"https:\/\/redsemlac.com\/semmexico\/wp-json\/wp\/v2\/posts\/100352\/revisions"}],"wp:featuredmedia":[{"embeddable":true,"href":"https:\/\/redsemlac.com\/semmexico\/wp-json\/wp\/v2\/media\/98750"}],"wp:attachment":[{"href":"https:\/\/redsemlac.com\/semmexico\/wp-json\/wp\/v2\/media?parent=100352"}],"wp:term":[{"taxonomy":"category","embeddable":true,"href":"https:\/\/redsemlac.com\/semmexico\/wp-json\/wp\/v2\/categories?post=100352"},{"taxonomy":"post_tag","embeddable":true,"href":"https:\/\/redsemlac.com\/semmexico\/wp-json\/wp\/v2\/tags?post=100352"}],"curies":[{"name":"wp","href":"https:\/\/api.w.org\/{rel}","templated":true}]}}