{"id":10034,"date":"2019-07-23T16:34:07","date_gmt":"2019-07-23T16:34:07","guid":{"rendered":"https:\/\/redsemlac.com\/semmexico\/?p=10034"},"modified":"2023-07-21T14:51:22","modified_gmt":"2023-07-21T19:51:22","slug":"en-michoacan-medios-de-comunicacion-se-suman-a-la-recuperacion-de-zonas-boscosas","status":"publish","type":"post","link":"https:\/\/redsemlac.com\/semmexico\/en-michoacan-medios-de-comunicacion-se-suman-a-la-recuperacion-de-zonas-boscosas\/","title":{"rendered":"En Michoac\u00e1n, medios de comunicaci\u00f3n se suman a la recuperaci\u00f3n de zonas boscosas"},"content":{"rendered":"\n<p class=\"wp-block-paragraph\"><strong>Las y los comunicadores participaron en la Jornada de Reforestaci\u00f3n 2019<\/strong><\/p>\n\n\n\n<p class=\"wp-block-paragraph\"><strong>&nbsp;Redacci\u00f3n<\/strong><\/p>\n\n\n\n<p class=\"wp-block-paragraph\">SemM\u00e9xico. Morelia, Michoac\u00e1n. &nbsp;23 de julio de 2019.- Decenas de comunicadores\ny comunicadoras, acompa\u00f1ados de familiares y amigos, se sumaron este el pasado domingo\na las actividades de reforestaci\u00f3n para la recuperaci\u00f3n de zonas boscosas en la\ncapital michoacana.<\/p>\n\n\n\n<p class=\"wp-block-paragraph\">Las y los trabajadores de los medios de comunicaci\u00f3n\ndemostraron su compromiso social para el cuidado y protecci\u00f3n al medio\nambiente, por lo que desde temprana hora arribaron a Cerro Verde, ubicado al\nsur de Morelia, para plantar dos mil 500 pinos y coadyuvar en la restauraci\u00f3n\nde esta zona que result\u00f3 afectada durante la temporada de incendios.<\/p>\n\n\n\n<p class=\"wp-block-paragraph\">En su mensaje, Julieta L\u00f3pez Bautista, coordinadora general\nde Comunicaci\u00f3n Social, agradeci\u00f3 el compromiso de los representantes de los\nmedios de comunicaci\u00f3n para ser factores de cambio y participar en actividades\nque promueven el cuidado del medio ambiente.<\/p>\n\n\n\n<p class=\"wp-block-paragraph\">&nbsp;\u201cDifundir las buenas\npr\u00e1cticas en el cuidado a nuestra flora y fauna, va germinando en la sociedad\nuna visi\u00f3n sustentable y de respeto a la naturaleza\u201d, se\u00f1al\u00f3.<\/p>\n\n\n\n<p class=\"wp-block-paragraph\">L\u00f3pez Bautista hizo un llamado a las y los asistentes a\nhacer suya la jornada de reforestaci\u00f3n plantando un \u00e1rbol, y cuidando de \u00e9l\npara evitar que sea depredado.<\/p>\n\n\n\n<p class=\"wp-block-paragraph\">&nbsp;\u201cM\u00e1s all\u00e1 de nuestro\npapel de comunicadoras, comunicadores, periodistas o servidores p\u00fablicos, hoy\nsomos ciudadanas y ciudadanos comprometidos con el medio ambiente.<\/p>\n\n\n\n<p class=\"wp-block-paragraph\">&nbsp;Hoy estamos aqu\u00ed como\nsociedad, una sociedad unida por una causa mayor, ante el llamado de auxilio de\nnuestros bosques\u201d, destac\u00f3.<\/p>\n\n\n\n<p class=\"wp-block-paragraph\">Rosal\u00eda Bua\u00fan S\u00e1nchez, presidenta de la Asociaci\u00f3n Nacional\nde Locutores de M\u00e9xico, reconoci\u00f3 la labor que desde el Gobierno de Michoac\u00e1n\nse emprende para impulsar una sociedad comprometida con su estado y que lucha\npor \u00e9l.<\/p>\n\n\n\n<figure class=\"wp-block-image\"><img decoding=\"async\" src=\"https:\/\/redsemlac.com\/semmexico\/wp-content\/uploads\/2019\/07\/michoacan-3-1024x682.jpg\" alt=\"\" class=\"wp-image-10036\"\/><\/figure>\n\n\n\n<p class=\"wp-block-paragraph\">Adem\u00e1s asegur\u00f3 que toda la Rep\u00fablica Mexicana conocer\u00e1 lo\nque se est\u00e1n haciendo en Michoac\u00e1n, para que as\u00ed la entidad sea un ejemplo para\nel resto pa\u00eds.<\/p>\n\n\n\n<p class=\"wp-block-paragraph\">Durante la Temporada Estatal de Reforestaciones 2019, se estima\nrestaurar, s\u00f3lo en esta zona, un aproximado de 80 hect\u00e1reas, as\u00ed lo expuso\nAlejandro Ochoa Figueroa, Director General de la Comisi\u00f3n Forestal del Estado,\nquien detall\u00f3 que en esta ocasi\u00f3n se plantaron ejemplares de pino lawsonii y\ngreggy.<\/p>\n\n\n\n<p class=\"wp-block-paragraph\">\u00abEscogimos un lugar no tan plano porque aqu\u00ed hubo un\nincendio muy grande que dur\u00f3 unos tres d\u00edas activo, ustedes ven que tiene\nmuchas ca\u00f1adas y esto lo vuelve no tan sencillo de llegar, por eso fue tan\ngrande el incendio porque era muy dif\u00edcil el acceso para las brigadas, pero lo\nlogramos controlar finalmente\u00bb, apunt\u00f3.<\/p>\n\n\n\n<figure class=\"wp-block-image\"><img decoding=\"async\" src=\"https:\/\/redsemlac.com\/semmexico\/wp-content\/uploads\/2019\/07\/michoacan-4-1024x682.jpg\" alt=\"\" class=\"wp-image-10037\"\/><\/figure>\n\n\n\n<p class=\"wp-block-paragraph\">De acuerdo a los registros, se tienen 14 mil hect\u00e1reas\nafectadas por incendios en territorio michoacano, ante ello, la meta estatal a\nreforestar es de por lo menos 18 mil hect\u00e1reas con 18.4 millones de plantas.<\/p>\n\n\n\n<p class=\"wp-block-paragraph\">Finalmente, las autoridades reiteraron la invitaci\u00f3n a la\npoblaci\u00f3n para que participen en la Campa\u00f1a de Reforestaci\u00f3n a trav\u00e9s de las\ndiversas jornadas programadas en las diferentes regiones del estado.<\/p>\n\n\n\n<p class=\"wp-block-paragraph\">SEM\/IL<\/p>\n","protected":false},"excerpt":{"rendered":"<p>Las y los comunicadores participaron en la Jornada de Reforestaci\u00f3n 2019<\/p>\n","protected":false},"author":3,"featured_media":10035,"comment_status":"open","ping_status":"open","sticky":false,"template":"","format":"standard","meta":{"_monsterinsights_skip_tracking":false,"footnotes":""},"categories":[690,51],"tags":[],"class_list":["post-10034","post","type-post","status-publish","format-standard","has-post-thumbnail","category-690","category-ejecutivo"],"_links":{"self":[{"href":"https:\/\/redsemlac.com\/semmexico\/wp-json\/wp\/v2\/posts\/10034","targetHints":{"allow":["GET"]}}],"collection":[{"href":"https:\/\/redsemlac.com\/semmexico\/wp-json\/wp\/v2\/posts"}],"about":[{"href":"https:\/\/redsemlac.com\/semmexico\/wp-json\/wp\/v2\/types\/post"}],"author":[{"embeddable":true,"href":"https:\/\/redsemlac.com\/semmexico\/wp-json\/wp\/v2\/users\/3"}],"replies":[{"embeddable":true,"href":"https:\/\/redsemlac.com\/semmexico\/wp-json\/wp\/v2\/comments?post=10034"}],"version-history":[{"count":0,"href":"https:\/\/redsemlac.com\/semmexico\/wp-json\/wp\/v2\/posts\/10034\/revisions"}],"wp:featuredmedia":[{"embeddable":true,"href":"https:\/\/redsemlac.com\/semmexico\/wp-json\/wp\/v2\/media\/10035"}],"wp:attachment":[{"href":"https:\/\/redsemlac.com\/semmexico\/wp-json\/wp\/v2\/media?parent=10034"}],"wp:term":[{"taxonomy":"category","embeddable":true,"href":"https:\/\/redsemlac.com\/semmexico\/wp-json\/wp\/v2\/categories?post=10034"},{"taxonomy":"post_tag","embeddable":true,"href":"https:\/\/redsemlac.com\/semmexico\/wp-json\/wp\/v2\/tags?post=10034"}],"curies":[{"name":"wp","href":"https:\/\/api.w.org\/{rel}","templated":true}]}}