{"id":100336,"date":"2025-11-10T20:17:00","date_gmt":"2025-11-11T02:17:00","guid":{"rendered":"https:\/\/redsemlac.com\/semmexico\/?p=100336"},"modified":"2025-11-10T20:17:01","modified_gmt":"2025-11-11T02:17:01","slug":"cubanas-daiana-garcia-siverio-para-mi-la-musica-es-como-el-oxigeno","status":"publish","type":"post","link":"https:\/\/redsemlac.com\/semmexico\/cubanas-daiana-garcia-siverio-para-mi-la-musica-es-como-el-oxigeno\/","title":{"rendered":"Cubanas: Daiana Garc\u00eda Siverio, para m\u00ed la m\u00fasica es como el ox\u00edgeno"},"content":{"rendered":"\n<ul class=\"wp-block-list\">\n<li>Directora de la Orquesta de C\u00e1mara de La Habana, se siente privilegiada<\/li>\n\n\n\n<li>En las \u00faltimas d\u00e9cadas un mayor n\u00famero de mujeres han estudiado direcci\u00f3n de orquestas<br><br><\/li>\n<\/ul>\n\n\n\n<p class=\"wp-block-paragraph\">Lisandra Fari\u00f1as<br>SemM\u00e9xico\/SEMlac, La Habana, 10 de noviembre, 2025.- Para Daiana Garc\u00eda Siverio la m\u00fasica es como el ox\u00edgeno, o como el agua, otro elemento de la naturaleza, y el esp\u00edritu que necesita para vivir; por eso, al hablar de su vida diaria y sus sentimientos, la m\u00fasica est\u00e1 en todas partes.<\/p>\n\n\n\n<p class=\"wp-block-paragraph\"><br>Directora de la Orquesta de C\u00e1mara de La Habana, esta mujer se siente privilegiada de ser cubana y nacer en tierra de enorme riqueza musical. Sin embargo, confiesa que su ocupaci\u00f3n n\u00famero uno es ser mam\u00e1 de Adriana y Andrea.<\/p>\n\n\n\n<p class=\"wp-block-paragraph\"><br>Garc\u00eda Siveiro asegura que no sabe a ciencia cierta c\u00f3mo logra llevar en paralelo la direcci\u00f3n de orquesta, los tantos proyectos en los que se involucra y otras ocupaciones, aunque sin duda tiene mucho que ver con la complementariedad que tiene con su pareja, el pianista y compositor Aldo L\u00f3pez-Gavil\u00e1n, con quien afirma que hace un buen equipo.<\/p>\n\n\n\n<p class=\"wp-block-paragraph\"><br>En parte se debe tambi\u00e9n, tal vez, a la \u00abresiliencia de las mujeres\u00bb, dice, y al empe\u00f1o que caracteriza a quienes se desempe\u00f1an en la m\u00fasica de concierto, pese a las dificultades y crisis m\u00faltiples que atraviesa la naci\u00f3n caribe\u00f1a, y a las particularidades y carencias con que se reflejan en este \u00e1mbito.<\/p>\n\n\n\n<p class=\"wp-block-paragraph\"><br>Si bien&nbsp;la presencia femenina en la direcci\u00f3n orquestal es un tema de debate internacionalmente, en Cuba en las \u00faltimas d\u00e9cadas ha habido un mayor n\u00famero de mujeres que han estudiado la especialidad y hoy son relevantes directoras, instrumentistas, cantantes y muchas han estado al frente de orquestas, sobre todo en las provincias, comenta a SEMlac.<\/p>\n\n\n\n<p class=\"wp-block-paragraph\"><br>Sin embargo, no siempre tienen suficiente visibilidad, aun cuando realizan una gran labor al frente de agrupaciones de c\u00e1mara y sinf\u00f3nicas en los conservatorios, advierte.<\/p>\n\n\n\n<p class=\"wp-block-paragraph\"><br>\u00abAqu\u00ed en Cuba se les ha dado m\u00e1s participaci\u00f3n, aunque no toda la&nbsp;<a href=\"https:\/\/www.redsemlac-cuba.net\/redsemlac\/comunicacion\/como-tantas-mujeres-han-conseguido-brillar-en-la-musica\" target=\"_blank\" rel=\"noreferrer noopener\">visibilidad real<\/a>&nbsp;y los puestos que muchas merecen\u00bb, afirma la artista, quien refiere que fuera del pa\u00eds el factor econ\u00f3mico incide m\u00e1s, pese a que en los \u00faltimos 20 o 30 a\u00f1os ha habido nombres femeninos en la titularidad de orquestas.<\/p>\n\n\n\n<p class=\"wp-block-paragraph\"><br>\u00abLo m\u00e1s com\u00fan es que vayan de invitadas y no que les den una titularidad, porque la titularidad de una orquesta en el mundo representa un salario alt\u00edsimo y sucede que los patrocinadores, organizadores y los comit\u00e9s que tienen a su cargo la administraci\u00f3n de esas orquestas, no est\u00e1n siempre dispuestos a d\u00e1rselo a mujeres\u00bb, sostiene.<\/p>\n\n\n\n<p class=\"wp-block-paragraph\"><br>En su opini\u00f3n, en la naci\u00f3n caribe\u00f1a existe una subvenci\u00f3n bastante pareja, pero como en otros sectores de la sociedad, resulta insuficiente para las necesidades econ\u00f3micas de las personas.<\/p>\n\n\n\n<p class=\"wp-block-paragraph\"><br>\u00abTe dir\u00eda que m\u00e1s r\u00e1pido encuentras a una mujer en puestos de la m\u00fasica que est\u00e9n vinculados al Estado, a las instituciones, a esas subvenciones obviamente escuetas que tenemos\u00bb, pese a que tienen que trabajar muy duro y ensayar muchas veces; los hombres emigran m\u00e1s r\u00e1pido a sectores de la m\u00fasica popular, donde perciben mejores ingresos, apunta.<\/p>\n\n\n\n<p class=\"wp-block-paragraph\"><br><a href=\"https:\/\/www.redsemlac-cuba.net\/redsemlac\/sociedad-y-cultura\/mujeres-de-la-musica-legado-de-resistencia-y-nuevas-voces\" target=\"_blank\" rel=\"noreferrer noopener\">El liderazgo de las mujeres<\/a>&nbsp;se aprecia m\u00e1s en la m\u00fasica de concierto; en el caso de la m\u00fasica popular, siempre las orquestas conformadas por hombres o lideradas por estos son m\u00e1s visibles que las agrupaciones femeninas, considera.<\/p>\n\n\n\n<p class=\"wp-block-paragraph\"><br>No obstante, valora que ha habido un auge no solo de las orquestas conformadas y dirigidas por mujeres, sino de su calidad y de la presencia femenina como instrumentistas de trompeta, percusi\u00f3n, tromb\u00f3n, que tradicionalmente fueron instrumentos masculinos o mayoritariamente ejecutados por hombres.<\/p>\n\n\n\n<p class=\"wp-block-paragraph\"><br>La maestra Garc\u00eda Siverio subraya, adem\u00e1s, que es posible verlas cada vez m\u00e1s representadas haciendo arreglos e improvisando en concursos y festivales, liderando y formando parte de agrupaciones de jazz, de salsa y ejecutando solos.<\/p>\n\n\n\n<p class=\"wp-block-paragraph\"><br>\u00abObviamente, hay que trabajar mucho en la visibilizaci\u00f3n, pero s\u00ed est\u00e1 emergiendo<br>mucho talento femenino en todas las ramas\u00bb, afirma y dice que hay muchas music\u00f3logas interesadas en estos fen\u00f3menos de g\u00e9nero, estudiando el tema.<\/p>\n\n\n\n<p class=\"wp-block-paragraph\"><br><strong>Aprender de los desaf\u00edos<\/strong><\/p>\n\n\n\n<p class=\"wp-block-paragraph\"><br>Garc\u00eda Siverio es una mujer que no reh\u00faye los desaf\u00edos; por el contrario, mientras m\u00e1s grandes son, m\u00e1s siente que aprende de ellos. As\u00ed fue cuando muy joven, siendo a\u00fan estudiante del Instituto Superior de Arte, asumi\u00f3 la direcci\u00f3n de la Sinf\u00f3nica Juvenil Amadeo Rold\u00e1n, bajo la gu\u00eda de su maestro Guido L\u00f3pez-Gavil\u00e1n.<\/p>\n\n\n\n<p class=\"wp-block-paragraph\"><br>Fue su primera gran escuela, a la que luego sobrevino, entre otras, la conducci\u00f3n de la Orquesta de C\u00e1mara de La Habana, que implic\u00f3 crecimiento, constante aprendizaje y tener que hacerse cargo de todo: desde el dise\u00f1o de una estrategia art\u00edstica, est\u00e9tica; hasta decidir qu\u00e9 programa conviene, en qu\u00e9 momento; qu\u00e9 m\u00fasicos y c\u00f3mo renovar una orquesta, c\u00f3mo asumir t\u00e9cnicamente la m\u00fasica. Pero tambi\u00e9n la motivaci\u00f3n colectiva, el trabajo conjunto y las relaciones casi de familia que se establecen, rememora.<\/p>\n\n\n\n<p class=\"wp-block-paragraph\"><br>Si ser mujer implica ya tener que sortear m\u00faltiples obst\u00e1culos, ser joven, adem\u00e1s, multiplica ese esfuerzo, confiesa.<\/p>\n\n\n\n<p class=\"wp-block-paragraph\"><br>Desde la pasi\u00f3n de quien ama lo que hace, esta cubana habla sobre ese reto y tambi\u00e9n acerca de la Maestr\u00eda en Gesti\u00f3n del Patrimonio Hist\u00f3rico-Documental de la M\u00fasica que actualmente cursa y de la que espera graduarse, justamente, con una tesis sobre los 20 a\u00f1os de la Orquesta de C\u00e1mara de La Habana.<\/p>\n\n\n\n<p class=\"wp-block-paragraph\"><br>Tambi\u00e9n enumera los desaf\u00edos que implica mantener cualquier agrupaci\u00f3n o proyecto en este momento en Cuba, donde&nbsp;<a href=\"https:\/\/www.redsemlac-cuba.net\/redsemlac\/sociedad-y-cultura\/cubanas-mayra-espina-para-estudiar-cuba-hay-que-pensar-fuera-de-la-caja-video\" target=\"_blank\" rel=\"noreferrer noopener\">el \u00e9xodo y las carencias econ\u00f3micas<\/a>&nbsp;son apenas dos de las aristas que complejizan el escenario.<\/p>\n\n\n\n<p class=\"wp-block-paragraph\"><br>\u00abNo es solo emigrar fuera de Cuba, sino dentro de Cuba para diferentes sectores, o dentro de la m\u00fasica para otros proyectos que sean m\u00e1s solventes\u00bb, precisa y hace referencia a no pocas afectaciones, como salas de concierto cerradas o que no tienen todas las condiciones de ac\u00fastica, espacio, climatizaci\u00f3n y otras dificultades, pero que asumen esas funciones, sin las facilidades para acoger ese formato de orquesta y su p\u00fablico.<\/p>\n\n\n\n<p class=\"wp-block-paragraph\"><br>Existen problemas con los locales de ensayo, el acceso a las partituras, a la grabaci\u00f3n de discos y materiales de video sobre los conciertos, junto a otras dificultades que obligan constantemente a reinventarse y buscar motivaciones para continuar, subraya Garc\u00eda Siverio. En especial en el caso de la m\u00fasica, que es tan espiritual y, \u00abm\u00e1s all\u00e1 de la escucha, tiene que crear una vibraci\u00f3n, tiene que crear un sentimiento en la audiencia\u00bb, sostiene.<\/p>\n\n\n\n<p class=\"wp-block-paragraph\"><br>Uno de los retos que la motivan es romper los estereotipos de lo que \u00abdebe ser\u00bb o interpretar una agrupaci\u00f3n de m\u00fasica de conciertos.<\/p>\n\n\n\n<p class=\"wp-block-paragraph\"><br>\u00abEn la orquesta de C\u00e1mara de La Habana abordamos dis\u00edmiles est\u00e9ticas y siempre digo: mientras la propuesta del arreglo para la orquesta, para la cuerda, est\u00e9 bien concebida, est\u00e9 hecha con seriedad por una persona que sabe y que, adem\u00e1s, har\u00e1 lucir a la orquesta en su magnitud, entonces podemos acompa\u00f1ar, involucrarnos y colaborar con todos los lenguajes musicales actuales y de todas las \u00e9pocas\u00bb, asegura.<\/p>\n\n\n\n<p class=\"wp-block-paragraph\"><br>Esa diversidad les ha ganado cada vez m\u00e1s audiencias, porque muchas veces les conocen mejor por una colaboraci\u00f3n con artistas como Carlos Varela o Fito P\u00e1ez, o en los festivales Leo Brouwer de M\u00fasica de C\u00e1mara, o con el joven pianista Rodrigo Garc\u00eda, explica.<\/p>\n\n\n\n<p class=\"wp-block-paragraph\"><br>Partidaria de que esas colaboraciones enriquecen a los m\u00fasicos y elevan el nivel t\u00e9cnico art\u00edstico de la orquesta para abordar cualquier g\u00e9nero, precisa tambi\u00e9n que ponen \u00e9nfasis en la m\u00fasica cubana, fundamentalmente en el trabajo de j\u00f3venes compositores.<\/p>\n\n\n\n<p class=\"wp-block-paragraph\"><br><strong>Mucha m\u00fasica por hacer<\/strong><\/p>\n\n\n\n<p class=\"wp-block-paragraph\"><br>Garc\u00eda Siverio siempre est\u00e1 trazando nuevos horizontes y, a medida que se acerca el 2026, cuando se cumplen 20 a\u00f1os de la Orquesta de C\u00e1mara de La Habana, surgen nuevas ideas y proyectos.<\/p>\n\n\n\n<p class=\"wp-block-paragraph\"><br>Entre otros, comenta a SEMlac el lanzamiento del disco&nbsp;<em>Habana a toda cuerda<\/em>, cuya grabaci\u00f3n finaliz\u00f3 este a\u00f1o, as\u00ed como una producci\u00f3n que realizaron con la m\u00fasica sinf\u00f3nica de Aldo L\u00f3pez-Gavil\u00e1n y en la que intervinieron la orquesta y la familia del m\u00fasico, como solistas.<\/p>\n\n\n\n<p class=\"wp-block-paragraph\"><br>En camino hay diversas ideas, unas m\u00e1s adelantadas que otras. Para la directora, siempre hay nuevos sue\u00f1os y la sensaci\u00f3n de que es posible involucrarse en m\u00e1s proyectos, abarcar nuevos repertorios y colaborar con m\u00fasicos y otros artistas.<\/p>\n\n\n\n<p class=\"wp-block-paragraph\"><br>En su ideal de pa\u00eds, desea que tanto las orquestas de c\u00e1mara como las sinf\u00f3nicas tuvieran todos los recursos para poder mantenerse con las condiciones que merecen, tanto en su desempe\u00f1o, como en la vida de los artistas que las integran. Ans\u00eda poder grabar m\u00e1s a menudo m\u00fasica cubana y del repertorio internacional, y que est\u00e9 disponible m\u00e1s creaciones de j\u00f3venes compositores y colaboraciones, grabaciones de conciertos.<\/p>\n\n\n\n<p class=\"wp-block-paragraph\"><br>Sue\u00f1a con una Cuba donde no se nos tenga que ir gente, \u00abque las orquestas sigan lo m\u00e1s nutridas posible; que la universidad de las artes y los conservatorios mantengan sus maestros, su energ\u00eda; que tengan tambi\u00e9n los recursos y las condiciones que merecen esos maestros y alumnos para que sigan extendiendo algo que es tan nuestro, tan vital y que nos identifica, como es la buena m\u00fasica que se hace en este pa\u00eds\u00bb.<br><br><em>Puedes ver la entrevista completa a esta cubana en nuestro canal de YouTube o directamente desde nuestra web.<\/em><\/p>\n\n\n\n<p class=\"wp-block-paragraph\">SEM\/SEMlac\/lf<\/p>\n","protected":false},"excerpt":{"rendered":"<p>Lisandra Fari\u00f1asSemM\u00e9xico\/SEMlac, La Habana, 10 de noviembre, 2025.- Para Daiana Garc\u00eda Siverio la m\u00fasica es como el ox\u00edgeno, o como el agua, otro elemento de la naturaleza, y el esp\u00edritu que necesita para vivir; por eso, al hablar de su vida diaria y sus sentimientos, la m\u00fasica est\u00e1 en todas partes. Directora de la Orquesta [&hellip;]<\/p>\n","protected":false},"author":3,"featured_media":100337,"comment_status":"open","ping_status":"open","sticky":false,"template":"","format":"standard","meta":{"_monsterinsights_skip_tracking":false,"footnotes":""},"categories":[694,53],"tags":[],"class_list":["post-100336","post","type-post","status-publish","format-standard","has-post-thumbnail","category-destacadas","category-internacional"],"_links":{"self":[{"href":"https:\/\/redsemlac.com\/semmexico\/wp-json\/wp\/v2\/posts\/100336","targetHints":{"allow":["GET"]}}],"collection":[{"href":"https:\/\/redsemlac.com\/semmexico\/wp-json\/wp\/v2\/posts"}],"about":[{"href":"https:\/\/redsemlac.com\/semmexico\/wp-json\/wp\/v2\/types\/post"}],"author":[{"embeddable":true,"href":"https:\/\/redsemlac.com\/semmexico\/wp-json\/wp\/v2\/users\/3"}],"replies":[{"embeddable":true,"href":"https:\/\/redsemlac.com\/semmexico\/wp-json\/wp\/v2\/comments?post=100336"}],"version-history":[{"count":0,"href":"https:\/\/redsemlac.com\/semmexico\/wp-json\/wp\/v2\/posts\/100336\/revisions"}],"wp:featuredmedia":[{"embeddable":true,"href":"https:\/\/redsemlac.com\/semmexico\/wp-json\/wp\/v2\/media\/100337"}],"wp:attachment":[{"href":"https:\/\/redsemlac.com\/semmexico\/wp-json\/wp\/v2\/media?parent=100336"}],"wp:term":[{"taxonomy":"category","embeddable":true,"href":"https:\/\/redsemlac.com\/semmexico\/wp-json\/wp\/v2\/categories?post=100336"},{"taxonomy":"post_tag","embeddable":true,"href":"https:\/\/redsemlac.com\/semmexico\/wp-json\/wp\/v2\/tags?post=100336"}],"curies":[{"name":"wp","href":"https:\/\/api.w.org\/{rel}","templated":true}]}}