{"id":100333,"date":"2025-11-10T20:14:14","date_gmt":"2025-11-11T02:14:14","guid":{"rendered":"https:\/\/redsemlac.com\/semmexico\/?p=100333"},"modified":"2025-11-10T20:17:50","modified_gmt":"2025-11-11T02:17:50","slug":"cuba-red-feminista-berta-caceres-actualiza-su-brujula-de-luchas","status":"publish","type":"post","link":"https:\/\/redsemlac.com\/semmexico\/cuba-red-feminista-berta-caceres-actualiza-su-brujula-de-luchas\/","title":{"rendered":"Cuba: Red feminista Berta C\u00e1ceres actualiza su br\u00fajula de luchas"},"content":{"rendered":"\n<ul class=\"wp-block-list\">\n<li>Actualizan\u00a0el mapeo feminista en la isla, un diagn\u00f3stico cuya \u00faltima versi\u00f3n databa de 2022<\/li>\n\n\n\n<li>Radiograf\u00eda de las luchas en la agenda<br><br><\/li>\n<\/ul>\n\n\n\n<p class=\"wp-block-paragraph\">Lisandra Fari\u00f1as<br>SEM\/SEMlac, La Habana, 10 de noviembre, 2025.- Un ejercicio de conexi\u00f3n afectiva y reflexi\u00f3n sobre los caminos recorridos y los desaf\u00edos que a\u00fan tienen las mujeres cubanas en la lucha por sus derechos devino el encuentro anual del Espacio\/Red Feminista&nbsp;Berta C\u00e1ceres, realizado en La Habana.<\/p>\n\n\n\n<p class=\"wp-block-paragraph\"><br>La cita, celebrada bajo la premisa \u00abVivamos tiempos de mujeres: cooperaci\u00f3n, solidaridad y cuidados\u00bb los d\u00edas 4 y 5 de noviembre, record\u00f3 las ra\u00edces de esta iniciativa y la vigencia de seguir creciendo desde la formaci\u00f3n, la solidaridad y la acci\u00f3n colectiva, extendida a las mujeres del&nbsp;oriente cubano afectadas en d\u00edas recientes por un devastador hurac\u00e1n.<\/p>\n\n\n\n<p class=\"wp-block-paragraph\"><br>La joven investigadora Mirell P\u00e9rez Gonz\u00e1lez, del grupo Am\u00e9rica Latina, Filosof\u00eda Social y Axiolog\u00eda (Galfisa) del Instituto de Filosof\u00eda, ley\u00f3 una carta de apoyo con el prop\u00f3sito de acompa\u00f1ar \u00abese camino de recuperaci\u00f3n, sanaci\u00f3n, revitalizaci\u00f3n&#8230; Con ustedes siempre, mujeres inspiradoras\u00bb, subraya la misiva.<\/p>\n\n\n\n<p class=\"wp-block-paragraph\"><br>Surgida en 2011 al calor de los encuentros feministas latinoamericanos y caribe\u00f1os en La Habana, la red asumi\u00f3 en 2016 el nombre de Berta C\u00e1ceres, en homenaje y compromiso con la l\u00edder hondure\u00f1a asesinada, record\u00f3 Georgina Alfonso, directora del Instituto de Filosof\u00eda.<\/p>\n\n\n\n<p class=\"wp-block-paragraph\"><br>Durante dos jornadas mujeres diversas que conforman la red actualizaron&nbsp;el mapeo feminista en Cuba, un diagn\u00f3stico cuya \u00faltima versi\u00f3n databa de 2022. Este ejercicio, que se realiza desde 2016 y ha involucrado a unas 83 experiencias, proyectos, instituciones u organizaciones, revel\u00f3 una significativa expansi\u00f3n y evoluci\u00f3n de la agenda.<\/p>\n\n\n\n<p class=\"wp-block-paragraph\"><br>Con una metodolog\u00eda participativa, el ejercicio incorpor\u00f3 nuevas experiencias y enfoques que reflejan esa diversidad y consolidaci\u00f3n de&nbsp;los feminismos&nbsp;cubanos, destac\u00f3 Wendy Rodr\u00edguez Men\u00e9ndez, de Galfisa.<\/p>\n\n\n\n<p class=\"wp-block-paragraph\"><br>El nuevo mapa incorpor\u00f3 con fuerza perspectivas te\u00f3ricas como los&nbsp;feminismos negros y decoloniales, que enfatizan la interseccionalidad y la cr\u00edtica al patriarcado desde la experiencia latinoamericana y caribe\u00f1a. La teolog\u00eda feminista y las espiritualidades se sumaron como referentes y se destac\u00f3 el papel crucial de la investigaci\u00f3n acad\u00e9mica en campos como la filosof\u00eda y las ciencias sociales para deconstruir los sistemas de opresiones.<\/p>\n\n\n\n<p class=\"wp-block-paragraph\"><br>El desaf\u00edo que emerge es la articulaci\u00f3n:&nbsp;frente a un patriarcado que reinventa sus ropajes&nbsp;es muy necesario fortalecer las alianzas para evitar la fragmentaci\u00f3n, se\u00f1al\u00f3 P\u00e9rez Gonz\u00e1lez.<br><br><\/p>\n\n\n\n<p class=\"wp-block-paragraph\"><strong>Radiograf\u00eda de las luchas en la agenda<br><br><\/strong><\/p>\n\n\n\n<p class=\"wp-block-paragraph\">El espacio profundiz\u00f3 en la construcci\u00f3n de una \u00abbr\u00fajula feminista\u00bb desde un ejercicio de autodefinici\u00f3n de las participantes que revel\u00f3 un entramado de convicciones profundas, desde el rechazo a normalizar la desigualdad hasta la visi\u00f3n del feminismo como base para un mundo m\u00e1s humano y justo.<\/p>\n\n\n\n<p class=\"wp-block-paragraph\"><br>Desde esa perspectiva las participantes actualizaron en grupos la agenda estrat\u00e9gica de la red. Elpidia Moreno Hern\u00e1ndez, coordinadora del cap\u00edtulo cubano de la Marcha Mundial de Mujeres, identific\u00f3 como prioridades en la agenda feminista la lucha contra la violencia de g\u00e9nero, el fortalecimiento del liderazgo femenino y la aplicaci\u00f3n efectiva del Programa Nacional para el Adelanto de las Mujeres, aun insuficientemente conocido en las comunidades.<\/p>\n\n\n\n<p class=\"wp-block-paragraph\"><br>Subray\u00f3 la urgencia de que los comit\u00e9s de g\u00e9nero institucionales dejen de ser formales para convertirse en espacios de trabajo real, y de capacitar a los agentes policiales para una&nbsp;atenci\u00f3n adecuada a las v\u00edctimas de violencia.<\/p>\n\n\n\n<p class=\"wp-block-paragraph\"><br>Alina Marrero Montalvo, delegada del Poder Popular en la barriada de Col\u00f3n, en el municipio de Centro Habana, detall\u00f3 las luchas en su territorio: \u00abPrevenir, atender, enfrentar y dar seguimiento a la violencia de g\u00e9nero y a toda forma de discriminaci\u00f3n\u00bb, incluyendo la violencia hacia las personas adultas mayores y una problem\u00e1tica como el embarazo adolescente.<\/p>\n\n\n\n<p class=\"wp-block-paragraph\"><br>Desde la Facultad Latinoamericana de Ciencias Sociales (Flacso-Cuba), la investigadora Marta Rosa Mu\u00f1oz Campos enfatiz\u00f3 que las luchas se centran tambi\u00e9n en&nbsp;la equidad, la justicia social&nbsp;y la eliminaci\u00f3n de todas las formas de discriminaci\u00f3n. \u00abPromovemos pol\u00edticas universales con sensibilidad hacia las diferencias\u00bb, explic\u00f3, subrayando que \u00abno puede existir una focalizaci\u00f3n de la pol\u00edtica sin pensar en pol\u00edticas de car\u00e1cter universal, con verdadera participaci\u00f3n ciudadana\u00bb.<\/p>\n\n\n\n<p class=\"wp-block-paragraph\"><br>Como estrategias clave, Mu\u00f1oz Campos se\u00f1al\u00f3 el feminismo, el antirracismo y el di\u00e1logo permanente entre la academia y la pol\u00edtica. Para la investigadora, la producci\u00f3n de conocimiento es una acci\u00f3n fundamental: \u00abNo podemos acompa\u00f1ar procesos si no parten de la investigaci\u00f3n. Es lo que nos ha permitido sostener el di\u00e1logo entre academia y pol\u00edtica\u00bb.<\/p>\n\n\n\n<p class=\"wp-block-paragraph\"><br>Britthany Carolina Gonz\u00e1lez, de la red feminista de la Universidad de La Habana, enfatiz\u00f3 que desde ese espacio luchan por \u00abcrear una universidad violeta, libre de violencia, con formaci\u00f3n feminista\u00bb. Entre sus acciones concretas mencion\u00f3 talleres, pe\u00f1as, foros de base y la creaci\u00f3n de un protocolo de atenci\u00f3n y prevenci\u00f3n contra la violencia de g\u00e9nero para la universidad.<\/p>\n\n\n\n<p class=\"wp-block-paragraph\"><br>Maydi Estrada Bayona, profesora de la Facultad de Filosof\u00eda, Historia y Sociolog\u00eda de la Universidad de La Habana, alert\u00f3 que cualquier programa de lucha ser\u00e1 insuficiente si no se transforman las subjetividades.<\/p>\n\n\n\n<p class=\"wp-block-paragraph\"><br>La acad\u00e9mica identific\u00f3 m\u00faltiples desaf\u00edos urgentes: desde el racismo estructural y las olas migratorias, la crisis de salud mental que afecta particularmente a las mujeres debido al complejo escenario socioecon\u00f3mico que el pa\u00eds vive y la sobrecarga que ello supone para ellas, hasta las \u00abtrampas del sistema\u00bb que buscan desarticular los movimientos sociales.<\/p>\n\n\n\n<p class=\"wp-block-paragraph\"><br>Yuleidys Gonz\u00e1lez Estrada (Yula), fundadora de la plataforma feminista \u00abLa Cuarta Luc\u00eda\u00bb, en Bayamo, municipio cabecero de la provincia de Granma, a unos 740 kil\u00f3metros al este de la capital, mencion\u00f3 a SEMlac como un desaf\u00edo principal el \u00abromper la l\u00f3gica centro-periferia\u00bb que afecta al oriente cubano, donde \u00abhay muchas iniciativas que necesitan articulaci\u00f3n\u00bb.<\/p>\n\n\n\n<p class=\"wp-block-paragraph\"><br>Subray\u00f3 la urgencia de que las mujeres conozcan sus derechos, lo que dicen las leyes, para tomar parte en la toma de decisiones.<\/p>\n\n\n\n<p class=\"wp-block-paragraph\"><br>Para Yohanka Vald\u00e9s Jim\u00e9nez, coordinadora del proyecto \u00abNo M\u00e1s\u00bb, de prevenci\u00f3n y respuesta a las violencias contra las mujeres la agenda feminista \u00abno es un punto de partida, sino una construcci\u00f3n continua ante nuevos retos\u00bb.<br>Esta psic\u00f3loga identific\u00f3 temas prioritarios como la participaci\u00f3n femenina en espacios econ\u00f3micos emergentes, los derechos sexuales y reproductivos, y los impactos diferenciados del cambio clim\u00e1tico en las mujeres.<\/p>\n\n\n\n<p class=\"wp-block-paragraph\"><br>Ante los m\u00faltiples desaf\u00edos enumerados, Yaima Elena Rodr\u00edguez Alomar, de Galfisa, deline\u00f3 cuatro estrategias centrales: pol\u00edticas p\u00fablicas, formaci\u00f3n con enfoque antipatriarcal y antirracista, alianzas y redes de sororidad, y comunicaci\u00f3n feminista.<\/p>\n\n\n\n<p class=\"wp-block-paragraph\"><br>Georgina Alfonso, directora del Instituto de Filosof\u00eda, reflexion\u00f3 sobre el sentido \u00faltimo de todas estas luchas: \u00abNo es solo contra el imperialismo, el capitalismo o el patriarcado; la lucha es por la justicia social, por la calidad de vida\u00bb.<\/p>\n\n\n\n<p class=\"wp-block-paragraph\"><br>Enfatiz\u00f3 que \u00ablas pol\u00edticas p\u00fablicas no se reciben, se conquistan\u00bb y alert\u00f3 que \u00abel verdadero desaf\u00edo es trasladar lo que discutimos aqu\u00ed a esos espacios institucionales donde la mayor\u00eda son hombres\u00bb.<\/p>\n\n\n\n<p class=\"wp-block-paragraph\"><br>Alfonso recalc\u00f3 que cada acci\u00f3n forma parte de \u00abuna apuesta concreta por la justicia social\u00bb que debe defenderse colectivamente, articul\u00e1ndonos en la diversidad y tejiendo una fuerza com\u00fan desde la \u00e9tica y la pol\u00edtica feministas.<\/p>\n\n\n\n<p class=\"wp-block-paragraph\">SEM-SEMlac\/lf<\/p>\n\n\n\n<p class=\"wp-block-paragraph\"><\/p>\n","protected":false},"excerpt":{"rendered":"<p>Lisandra Fari\u00f1asSEM\/SEMlac, La Habana, 10 de noviembre, 2025.- Un ejercicio de conexi\u00f3n afectiva y reflexi\u00f3n sobre los caminos recorridos y los desaf\u00edos que a\u00fan tienen las mujeres cubanas en la lucha por sus derechos devino el encuentro anual del Espacio\/Red Feminista&nbsp;Berta C\u00e1ceres, realizado en La Habana. La cita, celebrada bajo la premisa \u00abVivamos tiempos de [&hellip;]<\/p>\n","protected":false},"author":3,"featured_media":100334,"comment_status":"open","ping_status":"open","sticky":false,"template":"","format":"standard","meta":{"_monsterinsights_skip_tracking":false,"footnotes":""},"categories":[748,53],"tags":[],"class_list":["post-100333","post","type-post","status-publish","format-standard","has-post-thumbnail","category-cultura-feminista","category-internacional"],"_links":{"self":[{"href":"https:\/\/redsemlac.com\/semmexico\/wp-json\/wp\/v2\/posts\/100333","targetHints":{"allow":["GET"]}}],"collection":[{"href":"https:\/\/redsemlac.com\/semmexico\/wp-json\/wp\/v2\/posts"}],"about":[{"href":"https:\/\/redsemlac.com\/semmexico\/wp-json\/wp\/v2\/types\/post"}],"author":[{"embeddable":true,"href":"https:\/\/redsemlac.com\/semmexico\/wp-json\/wp\/v2\/users\/3"}],"replies":[{"embeddable":true,"href":"https:\/\/redsemlac.com\/semmexico\/wp-json\/wp\/v2\/comments?post=100333"}],"version-history":[{"count":0,"href":"https:\/\/redsemlac.com\/semmexico\/wp-json\/wp\/v2\/posts\/100333\/revisions"}],"wp:featuredmedia":[{"embeddable":true,"href":"https:\/\/redsemlac.com\/semmexico\/wp-json\/wp\/v2\/media\/100334"}],"wp:attachment":[{"href":"https:\/\/redsemlac.com\/semmexico\/wp-json\/wp\/v2\/media?parent=100333"}],"wp:term":[{"taxonomy":"category","embeddable":true,"href":"https:\/\/redsemlac.com\/semmexico\/wp-json\/wp\/v2\/categories?post=100333"},{"taxonomy":"post_tag","embeddable":true,"href":"https:\/\/redsemlac.com\/semmexico\/wp-json\/wp\/v2\/tags?post=100333"}],"curies":[{"name":"wp","href":"https:\/\/api.w.org\/{rel}","templated":true}]}}