{"id":100324,"date":"2025-11-10T20:07:57","date_gmt":"2025-11-11T02:07:57","guid":{"rendered":"https:\/\/redsemlac.com\/semmexico\/?p=100324"},"modified":"2025-11-10T20:07:58","modified_gmt":"2025-11-11T02:07:58","slug":"propone-se-propone-reformar-la-ley-de-acceso-de-las-mujeres-a-una-vida-libre-de-violencia","status":"publish","type":"post","link":"https:\/\/redsemlac.com\/semmexico\/propone-se-propone-reformar-la-ley-de-acceso-de-las-mujeres-a-una-vida-libre-de-violencia\/","title":{"rendered":"Propone Se propone reformar la ley de acceso de las mujeres a una vida libre de violencia."},"content":{"rendered":"\n<ul class=\"wp-block-list\">\n<li>Busca homologar las disposiciones establecido en la Ley General<\/li>\n\n\n\n<li>La iniciativa fue presentada por la diputada del PVEM, Roxana Hern\u00e1ndez Ram\u00edrez<\/li>\n<\/ul>\n\n\n\n<p class=\"wp-block-paragraph\">Redacci\u00f3n<\/p>\n\n\n\n<p class=\"wp-block-paragraph\">SemM\u00e9xico, San Luis Potos\u00ed, 10 de noviembre, 2025.- A fin de incorporar el concepto de violencia en la comunidad, la diputada Roxanna Hern\u00e1ndez Ram\u00edrez propuso reformar la Ley de Acceso de las Mujeres a una Vida Libre de Violencia del Estado de San Luis Potos\u00ed.<\/p>\n\n\n\n<p class=\"wp-block-paragraph\">La reforma comprende modificaciones a la fracci\u00f3n XVI Bis y adicionar la fracci\u00f3n XVI Ter del art\u00edculo 4\u00b0 de la Ley de Acceso de las Mujeres a una Vida Libre de Violencia, para Violencia en la Comunidad, entendida como los actos individuales o colectivos que contravienen los derechos fundamentales de las mujeres en su entorno social, propiciando discriminaci\u00f3n, agresiones, marginaci\u00f3n, exclusi\u00f3n o denigraci\u00f3n, pudiendo ocurrir en el \u00e1mbito p\u00fablico.<\/p>\n\n\n\n<p class=\"wp-block-paragraph\">En su exposici\u00f3n de motivos, la legisladora indica que la violencia en la comunidad ocurre en espacios p\u00fablicos y se justifica por valores nocivos que promueven conductas discriminadoras. Es m\u00e1s com\u00fan en \u00e1reas de pobreza, aislamiento y bajo nivel educativo, explica la diputada del Partido Verde Ecologista de M\u00e9xico.<\/p>\n\n\n\n<p class=\"wp-block-paragraph\">Los factores de riesgo de la violencia de g\u00e9nero son causados por el bajo nivel educativo, maltrato infantil, violencia entre progenitores, trastornos de personalidad, consumo de alcohol o drogas y actitudes que aceptan la violencia. Por otro lado, factores de protecci\u00f3n incluyen rechazar la violencia, comprender su naturaleza destructiva y reconocer la val\u00eda de todas las personas, as\u00ed como denunciar la violencia de g\u00e9nero.<\/p>\n\n\n\n<p class=\"wp-block-paragraph\">Con la modificaci\u00f3n se busca homologar las disposiciones establecido en la Ley General de Acceso de las Mujeres a una Vida Libre de Violencia, por lo que la finalidad de la misma es reconocer y combatir los actos que atentan contra la integridad y dignidad de las mujeres en su entorno social.<\/p>\n\n\n\n<p class=\"wp-block-paragraph\">La iniciativa se turn\u00f3 para su an\u00e1lisis a la Comisi\u00f3n de Igualdad de G\u00e9nero.<\/p>\n\n\n\n<p class=\"wp-block-paragraph\"><\/p>\n","protected":false},"excerpt":{"rendered":"<p>Redacci\u00f3n SemM\u00e9xico, San Luis Potos\u00ed, 10 de noviembre, 2025.- A fin de incorporar el concepto de violencia en la comunidad, la diputada Roxanna Hern\u00e1ndez Ram\u00edrez propuso reformar la Ley de Acceso de las Mujeres a una Vida Libre de Violencia del Estado de San Luis Potos\u00ed. La reforma comprende modificaciones a la fracci\u00f3n XVI Bis [&hellip;]<\/p>\n","protected":false},"author":3,"featured_media":100325,"comment_status":"open","ping_status":"open","sticky":false,"template":"","format":"standard","meta":{"_monsterinsights_skip_tracking":false,"footnotes":""},"categories":[50],"tags":[],"class_list":["post-100324","post","type-post","status-publish","format-standard","has-post-thumbnail","category-congreso"],"_links":{"self":[{"href":"https:\/\/redsemlac.com\/semmexico\/wp-json\/wp\/v2\/posts\/100324","targetHints":{"allow":["GET"]}}],"collection":[{"href":"https:\/\/redsemlac.com\/semmexico\/wp-json\/wp\/v2\/posts"}],"about":[{"href":"https:\/\/redsemlac.com\/semmexico\/wp-json\/wp\/v2\/types\/post"}],"author":[{"embeddable":true,"href":"https:\/\/redsemlac.com\/semmexico\/wp-json\/wp\/v2\/users\/3"}],"replies":[{"embeddable":true,"href":"https:\/\/redsemlac.com\/semmexico\/wp-json\/wp\/v2\/comments?post=100324"}],"version-history":[{"count":0,"href":"https:\/\/redsemlac.com\/semmexico\/wp-json\/wp\/v2\/posts\/100324\/revisions"}],"wp:featuredmedia":[{"embeddable":true,"href":"https:\/\/redsemlac.com\/semmexico\/wp-json\/wp\/v2\/media\/100325"}],"wp:attachment":[{"href":"https:\/\/redsemlac.com\/semmexico\/wp-json\/wp\/v2\/media?parent=100324"}],"wp:term":[{"taxonomy":"category","embeddable":true,"href":"https:\/\/redsemlac.com\/semmexico\/wp-json\/wp\/v2\/categories?post=100324"},{"taxonomy":"post_tag","embeddable":true,"href":"https:\/\/redsemlac.com\/semmexico\/wp-json\/wp\/v2\/tags?post=100324"}],"curies":[{"name":"wp","href":"https:\/\/api.w.org\/{rel}","templated":true}]}}