{"id":10032,"date":"2019-07-23T16:20:17","date_gmt":"2019-07-23T16:20:17","guid":{"rendered":"https:\/\/redsemlac.com\/semmexico\/?p=10032"},"modified":"2023-07-21T14:51:22","modified_gmt":"2023-07-21T19:51:22","slug":"textura-violeta-4","status":"publish","type":"post","link":"https:\/\/redsemlac.com\/semmexico\/textura-violeta-4\/","title":{"rendered":"Textura Violeta"},"content":{"rendered":"\n<h2 class=\"wp-block-heading\"><strong>Insuficientes promesas electorales para las mujeres en Bolivia<\/strong><\/h2>\n\n\n\n<p class=\"wp-block-paragraph\"><strong>Los dos principales partidos que pugnan por el gobierno 2020-2024 se quedan cortos respecto a demandas de mujeres<\/strong><\/p>\n\n\n\n<p class=\"wp-block-paragraph\"><strong> Drina Ergueta<\/strong><\/p>\n\n\n\n<p class=\"wp-block-paragraph\">SemM\u00e9xico. &nbsp;La Paz-Bolivia.23 de julio de 2019.-&nbsp;Las mujeres&nbsp;con sus demandas sociales,&nbsp;de lucha contra la&nbsp;discriminaci\u00f3n&nbsp;y&nbsp;la&nbsp;violencia&nbsp;machista, han calado de&nbsp;alguna&nbsp;manera en&nbsp;la agenda pol\u00edtica y&nbsp;ello&nbsp;se observa&nbsp;en los&nbsp;programas electorales de las distintas candidaturas a las elecciones nacionales&nbsp;para el gobierno boliviano por el per\u00edodo 2020-2024.<\/p>\n\n\n\n<p class=\"wp-block-paragraph\">Hago una revisi\u00f3n de dos de las propuestas, que se hicieron p\u00fablicas este fin de semana, solamente de los partidos con mayor intenci\u00f3n de voto ya que lamentablemente el espacio no permite m\u00e1s.<\/p>\n\n\n\n<p class=\"wp-block-paragraph\">La candidatura del MAS, que postula a los actualespresidente Evo Morales y vicepresidente \u00c1lvaro Garc\u00eda Linera, se observa que, al contrario que en anteriores elecciones, la presencia de propuestasdirigidas por el partido del actual gobierno hacia lasmujeres es mucho mayor: de casi nada a algo que parece bastante como es declarar \u201ccomo prioridad nacional\u201d la lucha contra los feminicidios y contra la violencia hacia las mujeres, ni\u00f1as y adolescentes; sin embargo, resulta una propuesta regular, corta,cuando solo se centra en este aspecto.<\/p>\n\n\n\n<p class=\"wp-block-paragraph\">Concretamente, MAS plantea una mayor inversi\u00f3n en seguridad ciudadana, espec\u00edficamente para la lucha contra la violencia hacia las mujeres, ni\u00f1as y adolescentes; programas dirigidos a la prevenci\u00f3n y registro de este tipo de cr\u00edmenes; construcci\u00f3n de centros integrales de atenci\u00f3n para v\u00edctimas de violencia; programas de sensibilizaci\u00f3n de trato a las v\u00edctimas; mecanismos de seguimiento de inversiones hacia la lucha contra la violencia y mejoras en la Polic\u00eda.<\/p>\n\n\n\n<p class=\"wp-block-paragraph\">El MAS no plantea&nbsp;que existe una discriminaci\u00f3n estructural contra las mujeres, por ello no tiene&nbsp;un eje transversal&nbsp;con pol\u00edticas&nbsp;que&nbsp;eliminen o&nbsp;disminuyan dicha discriminaci\u00f3n.&nbsp;Toma a las mujeres como&nbsp;\u201cgrupo\u201d, cuando&nbsp;son mayor\u00eda.&nbsp;Por ello, en los&nbsp;13 pilares&nbsp;en que sustenta su programa, 13, no hay uno que sea espec\u00edfico de las mujeres para hacer notar su trascendencia, como&nbsp;s\u00ed lo tiene, por ejemplo,&nbsp;respecto al medio ambiente.<\/p>\n\n\n\n<p class=\"wp-block-paragraph\">La propuesta de&nbsp;Comunidad Ciudadana,&nbsp;que encabeza el ex presidente Carlos D. Mesa Gisbert, se centra en la \u00e9tica&nbsp;y tambi\u00e9n&nbsp;en el pluralismo pol\u00edtico, donde nombra al&nbsp;feminismo como una de las expresiones hist\u00f3rico contempor\u00e1neas con derecho de expresi\u00f3n.&nbsp;No especifica que sea parte de su&nbsp;ideario.&nbsp;<\/p>\n\n\n\n<p class=\"wp-block-paragraph\">Este partido, entre sus 16&nbsp;\u201csoluciones\u201d&nbsp;propone&nbsp;una referida a&nbsp;\u201cuna agenda estrat\u00e9gica para la igualdad\u201dentre&nbsp;mujeres y hombres que incluye:&nbsp;autonom\u00eda econ\u00f3mica, autonom\u00eda en decisiones sexuales y autonom\u00eda pol\u00edtica&nbsp;en todos los espacios sociales.&nbsp;Es&nbsp;una propuesta m\u00e1s transversal que la anterior; sin embargo, no&nbsp;habla de autonom\u00eda del cuerpo,&nbsp;que es tan vital,&nbsp;especialmente referida al aborto&nbsp;y que lleva a pensar que la&nbsp;presi\u00f3n de sectoresconservadores puede pesar m\u00e1s&nbsp;a la hora de aplicar pol\u00edticas a&nbsp;favor de las mujeres.&nbsp;<\/p>\n\n\n\n<p class=\"wp-block-paragraph\">Promete adem\u00e1s una \u201csoluci\u00f3n urgente\u201d para hacer frente a la ola de feminicidios, con respuesta inmediata a la impunidad.<\/p>\n\n\n\n<p class=\"wp-block-paragraph\">CC tambi\u00e9n promete empleo de calidad entre sus soluciones. Aqu\u00ed hace fundamentalmente menci\u00f3n a j\u00f3venes y s\u00f3lo m\u00e1s adelante tambi\u00e9n mujeres.Centra la respuesta al problema de la discriminaci\u00f3n y exclusi\u00f3n en la educaci\u00f3n. Adem\u00e1s, propone \u201ctransferencias sociales\u201d para reconocer el trabajo no remunerado de cuidados que realizan fundamentalmente las mujeres.<\/p>\n\n\n\n<p class=\"wp-block-paragraph\">Adem\u00e1s, en su&nbsp;\u201csoluci\u00f3n 1\u201d&nbsp;plantea la&nbsp;\u201cinstitucionalidad democr\u00e1tica\u201d&nbsp;donde prima la meritocracia&nbsp;y aqu\u00ed,&nbsp;si&nbsp;entendemos los m\u00e9ritos comoformaci\u00f3n acad\u00e9mica,&nbsp;hay un riesgo: cuando en un pa\u00eds&nbsp;hay sectores&nbsp;sociales mayoritarios, como ind\u00edgenas y mujeres, que adem\u00e1s son pobres, que no tienen igualdad de oportunidades para estudiar, hablar de meritocracia es hablar de racismo, clasismo y machismo. Antes hay que resolver esas desigualdades. Por otra parte, la educaci\u00f3n no&nbsp;garantiza tener \u00e9tica.<\/p>\n\n\n\n<p class=\"wp-block-paragraph\">En resumen, que haya propuestas que incluyan una mejor vida para las mujeres, ya sea s\u00f3lo desde elaspecto de la violencia (machista, que no la nombran) o desde una visi\u00f3n m\u00e1s amplia, es positivo; aunque resulta negativo todo lo que resta por prometer (y hacer) ya que esas carencias se viven en el d\u00eda a d\u00eda y en el cuerpo de las mujeres.<\/p>\n","protected":false},"excerpt":{"rendered":"<p>Insuficientes promesas electorales para las mujeres en Bolivia\ufeff<\/p>\n","protected":false},"author":3,"featured_media":8467,"comment_status":"open","ping_status":"open","sticky":false,"template":"","format":"standard","meta":{"_monsterinsights_skip_tracking":false,"footnotes":""},"categories":[690,77,102],"tags":[],"class_list":["post-10032","post","type-post","status-publish","format-standard","has-post-thumbnail","category-690","category-drina-ergueta","category-textura-violeta"],"_links":{"self":[{"href":"https:\/\/redsemlac.com\/semmexico\/wp-json\/wp\/v2\/posts\/10032","targetHints":{"allow":["GET"]}}],"collection":[{"href":"https:\/\/redsemlac.com\/semmexico\/wp-json\/wp\/v2\/posts"}],"about":[{"href":"https:\/\/redsemlac.com\/semmexico\/wp-json\/wp\/v2\/types\/post"}],"author":[{"embeddable":true,"href":"https:\/\/redsemlac.com\/semmexico\/wp-json\/wp\/v2\/users\/3"}],"replies":[{"embeddable":true,"href":"https:\/\/redsemlac.com\/semmexico\/wp-json\/wp\/v2\/comments?post=10032"}],"version-history":[{"count":0,"href":"https:\/\/redsemlac.com\/semmexico\/wp-json\/wp\/v2\/posts\/10032\/revisions"}],"wp:featuredmedia":[{"embeddable":true,"href":"https:\/\/redsemlac.com\/semmexico\/wp-json\/wp\/v2\/media\/8467"}],"wp:attachment":[{"href":"https:\/\/redsemlac.com\/semmexico\/wp-json\/wp\/v2\/media?parent=10032"}],"wp:term":[{"taxonomy":"category","embeddable":true,"href":"https:\/\/redsemlac.com\/semmexico\/wp-json\/wp\/v2\/categories?post=10032"},{"taxonomy":"post_tag","embeddable":true,"href":"https:\/\/redsemlac.com\/semmexico\/wp-json\/wp\/v2\/tags?post=10032"}],"curies":[{"name":"wp","href":"https:\/\/api.w.org\/{rel}","templated":true}]}}