{"id":100316,"date":"2025-11-10T20:03:18","date_gmt":"2025-11-11T02:03:18","guid":{"rendered":"https:\/\/redsemlac.com\/semmexico\/?p=100316"},"modified":"2025-11-10T20:03:19","modified_gmt":"2025-11-11T02:03:19","slug":"acuerdan-fortalecer-acciones-de-proteccion-y-acompanamiento-activista-y-defensoras","status":"publish","type":"post","link":"https:\/\/redsemlac.com\/semmexico\/acuerdan-fortalecer-acciones-de-proteccion-y-acompanamiento-activista-y-defensoras\/","title":{"rendered":"Acuerdan fortalecer acciones de protecci\u00f3n y acompa\u00f1amiento, activista y defensoras"},"content":{"rendered":"\n<ul class=\"wp-block-list\">\n<li>Realiza Red Estatal de Mujeres Activistas y Defensoras de Derechos Humanos de Oaxaca Encuentro Interregional<\/li>\n\n\n\n<li>Aleida Quintana comparte avances, logros y desaf\u00edos en la defensa de los derechos humanos<\/li>\n<\/ul>\n\n\n\n<p class=\"wp-block-paragraph\">Redacci\u00f3n<\/p>\n\n\n\n<p class=\"wp-block-paragraph\">SemM\u00e9xico, Oaxaca, 10 de noviembre, 2025.- Para fortalecer la Red Estatal de Mujeres Activistas y Defensoras de Derechos Humanos de Oaxaca y consolidar estrategias de resistencia frente a los riesgos e impactos derivados de su labor se reunieron para celebrar el Encuentro Interregional de Mujeres Defensoras de Oaxaca.<\/p>\n\n\n\n<p class=\"wp-block-paragraph\">Treinta activistas y defensoras de derechos humanos, referentes de los movimientos sociales, de la defensa del territorio, mujeres sanadoras y feministas de distintas regiones del estado realizaron el encuentro donde se destac\u00f3 la importancia de tejer redes locales, nacionales e internacionales para fortalecer las acciones de protecci\u00f3n y acompa\u00f1amiento.<\/p>\n\n\n\n<p class=\"wp-block-paragraph\">En el encuentro estuvo presente Aleida Quintana, coordinadora de la Red Nacional de Defensoras de Derechos Humanos en M\u00e9xico, quien comparti\u00f3 avances, logros y desaf\u00edos en la defensa de los derechos humanos a nivel nacional, as\u00ed como los esfuerzos de articulaci\u00f3n de la Iniciativa Mesoamericana de Defensoras, fortaleciendo el tejido entre defensoras en los distintos territorios (Oaxaca\u2013M\u00e9xico\u2013Mesoam\u00e9rica).<\/p>\n\n\n\n<p class=\"wp-block-paragraph\">El evento reafirm\u00f3 el compromiso con la construcci\u00f3n de una estrategia com\u00fan que potencie la acci\u00f3n colectiva y la protecci\u00f3n integral de las defensoras en Oaxaca.<\/p>\n\n\n\n<p class=\"wp-block-paragraph\">SEM\/sj<\/p>\n\n\n\n<figure class=\"wp-block-gallery has-nested-images columns-default is-cropped wp-block-gallery-1 is-layout-flex wp-block-gallery-is-layout-flex\">\n<figure class=\"wp-block-image size-large\"><a href=\"https:\/\/redsemlac.com\/semmexico\/wp-content\/uploads\/2025\/11\/encuentro-1.jpg\"><img loading=\"lazy\" decoding=\"async\" width=\"1000\" height=\"750\" data-id=\"100319\" src=\"https:\/\/redsemlac.com\/semmexico\/wp-content\/uploads\/2025\/11\/encuentro-1.jpg\" alt=\"\" class=\"wp-image-100319\" srcset=\"https:\/\/redsemlac.com\/semmexico\/wp-content\/uploads\/2025\/11\/encuentro-1.jpg 1000w, https:\/\/redsemlac.com\/semmexico\/wp-content\/uploads\/2025\/11\/encuentro-1-300x225.jpg 300w, https:\/\/redsemlac.com\/semmexico\/wp-content\/uploads\/2025\/11\/encuentro-1-768x576.jpg 768w, https:\/\/redsemlac.com\/semmexico\/wp-content\/uploads\/2025\/11\/encuentro-1-150x113.jpg 150w, https:\/\/redsemlac.com\/semmexico\/wp-content\/uploads\/2025\/11\/encuentro-1-696x522.jpg 696w\" sizes=\"auto, (max-width: 1000px) 100vw, 1000px\" \/><\/a><\/figure>\n\n\n\n<figure class=\"wp-block-image size-large\"><a href=\"https:\/\/redsemlac.com\/semmexico\/wp-content\/uploads\/2025\/11\/defensoras-2.jpg\"><img loading=\"lazy\" decoding=\"async\" width=\"1000\" height=\"750\" data-id=\"100318\" src=\"https:\/\/redsemlac.com\/semmexico\/wp-content\/uploads\/2025\/11\/defensoras-2.jpg\" alt=\"\" class=\"wp-image-100318\" srcset=\"https:\/\/redsemlac.com\/semmexico\/wp-content\/uploads\/2025\/11\/defensoras-2.jpg 1000w, https:\/\/redsemlac.com\/semmexico\/wp-content\/uploads\/2025\/11\/defensoras-2-300x225.jpg 300w, https:\/\/redsemlac.com\/semmexico\/wp-content\/uploads\/2025\/11\/defensoras-2-768x576.jpg 768w, https:\/\/redsemlac.com\/semmexico\/wp-content\/uploads\/2025\/11\/defensoras-2-150x113.jpg 150w, https:\/\/redsemlac.com\/semmexico\/wp-content\/uploads\/2025\/11\/defensoras-2-696x522.jpg 696w\" sizes=\"auto, (max-width: 1000px) 100vw, 1000px\" \/><\/a><\/figure>\n<\/figure>\n","protected":false},"excerpt":{"rendered":"<p>Redacci\u00f3n SemM\u00e9xico, Oaxaca, 10 de noviembre, 2025.- Para fortalecer la Red Estatal de Mujeres Activistas y Defensoras de Derechos Humanos de Oaxaca y consolidar estrategias de resistencia frente a los riesgos e impactos derivados de su labor se reunieron para celebrar el Encuentro Interregional de Mujeres Defensoras de Oaxaca. Treinta activistas y defensoras de derechos [&hellip;]<\/p>\n","protected":false},"author":3,"featured_media":100317,"comment_status":"open","ping_status":"open","sticky":false,"template":"","format":"standard","meta":{"_monsterinsights_skip_tracking":false,"footnotes":""},"categories":[700],"tags":[],"class_list":["post-100316","post","type-post","status-publish","format-standard","has-post-thumbnail","category-estados"],"_links":{"self":[{"href":"https:\/\/redsemlac.com\/semmexico\/wp-json\/wp\/v2\/posts\/100316","targetHints":{"allow":["GET"]}}],"collection":[{"href":"https:\/\/redsemlac.com\/semmexico\/wp-json\/wp\/v2\/posts"}],"about":[{"href":"https:\/\/redsemlac.com\/semmexico\/wp-json\/wp\/v2\/types\/post"}],"author":[{"embeddable":true,"href":"https:\/\/redsemlac.com\/semmexico\/wp-json\/wp\/v2\/users\/3"}],"replies":[{"embeddable":true,"href":"https:\/\/redsemlac.com\/semmexico\/wp-json\/wp\/v2\/comments?post=100316"}],"version-history":[{"count":0,"href":"https:\/\/redsemlac.com\/semmexico\/wp-json\/wp\/v2\/posts\/100316\/revisions"}],"wp:featuredmedia":[{"embeddable":true,"href":"https:\/\/redsemlac.com\/semmexico\/wp-json\/wp\/v2\/media\/100317"}],"wp:attachment":[{"href":"https:\/\/redsemlac.com\/semmexico\/wp-json\/wp\/v2\/media?parent=100316"}],"wp:term":[{"taxonomy":"category","embeddable":true,"href":"https:\/\/redsemlac.com\/semmexico\/wp-json\/wp\/v2\/categories?post=100316"},{"taxonomy":"post_tag","embeddable":true,"href":"https:\/\/redsemlac.com\/semmexico\/wp-json\/wp\/v2\/tags?post=100316"}],"curies":[{"name":"wp","href":"https:\/\/api.w.org\/{rel}","templated":true}]}}