{"id":100313,"date":"2025-11-10T19:55:17","date_gmt":"2025-11-11T01:55:17","guid":{"rendered":"https:\/\/redsemlac.com\/semmexico\/?p=100313"},"modified":"2025-11-10T19:55:18","modified_gmt":"2025-11-11T01:55:18","slug":"uriel-n-procesado-por-abuso-sexual-a-la-presidenta-mexicana","status":"publish","type":"post","link":"https:\/\/redsemlac.com\/semmexico\/uriel-n-procesado-por-abuso-sexual-a-la-presidenta-mexicana\/","title":{"rendered":"Uriel N procesado por abuso sexual a la presidenta mexicana"},"content":{"rendered":"\n<ul class=\"wp-block-list\">\n<li>El sospechoso hab\u00eda cometido otros delitos similares<\/li>\n\n\n\n<li>2 de cada 100 denuncias llegan a sentencias<\/li>\n<\/ul>\n\n\n\n<p class=\"wp-block-paragraph\">Redacci\u00f3n<\/p>\n\n\n\n<p class=\"wp-block-paragraph\">SemM\u00e9xico, Ciudad de M\u00e9xico, 10 de noviembre, 2025.- Uriel R.M. fue vinculado a proceso por el delito de abuso sexual cometido en contra de la presidenta Claudia Sheinbaum el pasado martes 4 de noviembre, durante un recorrido en el Centro Hist\u00f3rico.<\/p>\n\n\n\n<p class=\"wp-block-paragraph\">Este ser\u00eda el segundo proceso penal en contra de Uriel quien hab\u00eda sido denunciado por una joven de 25 a\u00f1os, quien tambi\u00e9n sufri\u00f3 violencia sexual en la ciudad de M\u00e9xico, sin embargo, existen al menos dos denuncias m\u00e1s, por lo que ya se encuentra internado en el Reclusorio Norte.<\/p>\n\n\n\n<p class=\"wp-block-paragraph\">Causa Com\u00fan, una organizaci\u00f3n de la sociedad civil, revel\u00f3 que dos de cada 100 denuncias por delitos sexuales llegan a sentencia, de acuerdo con datos del 2024, lo que quiere decir que el 98 por ciento de las denuncias presentadas se quedan en la impunidad.<\/p>\n\n\n\n<p class=\"wp-block-paragraph\">De acuerdo con DW Noticias, la agresi\u00f3n a Sheinbaum ha generado una fuerte indignaci\u00f3n en el pa\u00eds por la persistencia de delitos sexuales y violencia contra las mujeres, que llega hasta la m\u00e1s alta autoridad del pa\u00eds.<\/p>\n\n\n\n<p class=\"wp-block-paragraph\">En M\u00e9xico, m\u00e1s del 70 por ciento de las mujeres mayores de 15 a\u00f1os han vivido al menos un tipo de violencia, como sexual (48 %), psicol\u00f3gica (52 %) o f\u00edsica (35 %), seg\u00fan datos del Instituto Nacional de Estad\u00edstica y Geograf\u00eda (Inegi).<\/p>\n\n\n\n<p class=\"wp-block-paragraph\">No obstante, organizaciones y autoridades estiman un subregistro o &#8216;cifra negra&#8217; de m\u00e1s del 90 por ciento por casos que no se denuncian.<\/p>\n\n\n\n<p class=\"wp-block-paragraph\">SEM\/sj<\/p>\n\n\n\n<p class=\"wp-block-paragraph\"><\/p>\n","protected":false},"excerpt":{"rendered":"<p>Redacci\u00f3n SemM\u00e9xico, Ciudad de M\u00e9xico, 10 de noviembre, 2025.- Uriel R.M. fue vinculado a proceso por el delito de abuso sexual cometido en contra de la presidenta Claudia Sheinbaum el pasado martes 4 de noviembre, durante un recorrido en el Centro Hist\u00f3rico. Este ser\u00eda el segundo proceso penal en contra de Uriel quien hab\u00eda sido [&hellip;]<\/p>\n","protected":false},"author":3,"featured_media":100314,"comment_status":"open","ping_status":"open","sticky":false,"template":"","format":"standard","meta":{"_monsterinsights_skip_tracking":false,"footnotes":""},"categories":[903],"tags":[],"class_list":["post-100313","post","type-post","status-publish","format-standard","has-post-thumbnail","category-presidenta-y-mas"],"_links":{"self":[{"href":"https:\/\/redsemlac.com\/semmexico\/wp-json\/wp\/v2\/posts\/100313","targetHints":{"allow":["GET"]}}],"collection":[{"href":"https:\/\/redsemlac.com\/semmexico\/wp-json\/wp\/v2\/posts"}],"about":[{"href":"https:\/\/redsemlac.com\/semmexico\/wp-json\/wp\/v2\/types\/post"}],"author":[{"embeddable":true,"href":"https:\/\/redsemlac.com\/semmexico\/wp-json\/wp\/v2\/users\/3"}],"replies":[{"embeddable":true,"href":"https:\/\/redsemlac.com\/semmexico\/wp-json\/wp\/v2\/comments?post=100313"}],"version-history":[{"count":0,"href":"https:\/\/redsemlac.com\/semmexico\/wp-json\/wp\/v2\/posts\/100313\/revisions"}],"wp:featuredmedia":[{"embeddable":true,"href":"https:\/\/redsemlac.com\/semmexico\/wp-json\/wp\/v2\/media\/100314"}],"wp:attachment":[{"href":"https:\/\/redsemlac.com\/semmexico\/wp-json\/wp\/v2\/media?parent=100313"}],"wp:term":[{"taxonomy":"category","embeddable":true,"href":"https:\/\/redsemlac.com\/semmexico\/wp-json\/wp\/v2\/categories?post=100313"},{"taxonomy":"post_tag","embeddable":true,"href":"https:\/\/redsemlac.com\/semmexico\/wp-json\/wp\/v2\/tags?post=100313"}],"curies":[{"name":"wp","href":"https:\/\/api.w.org\/{rel}","templated":true}]}}