{"id":100310,"date":"2025-11-10T19:53:32","date_gmt":"2025-11-11T01:53:32","guid":{"rendered":"https:\/\/redsemlac.com\/semmexico\/?p=100310"},"modified":"2025-11-10T19:54:01","modified_gmt":"2025-11-11T01:54:01","slug":"finabien-se-suma-al-plan-integral-contra-el-abuso-sexual","status":"publish","type":"post","link":"https:\/\/redsemlac.com\/semmexico\/finabien-se-suma-al-plan-integral-contra-el-abuso-sexual\/","title":{"rendered":"FINABIEN se suma al Plan Integral contra el Abuso Sexual"},"content":{"rendered":"\n<ul class=\"wp-block-list\">\n<li>La violencia sexual no s\u00f3lo vulnera cuerpos, sino tambi\u00e9n proyectos de vida, sue\u00f1os y derechos<\/li>\n\n\n\n<li>La financiera del Estado se compromete a promoviendo espacios seguros y libres de discriminaci\u00f3n<\/li>\n<\/ul>\n\n\n\n<p class=\"wp-block-paragraph\">Redacci\u00f3n<\/p>\n\n\n\n<p class=\"wp-block-paragraph\">SemM\u00e9xico, Ciudad de M\u00e9xico, 10 de noviembre, 2025.- Financiera para el Bienestar, Finabien, anunci\u00f3 que se suma al Plan Integral contra el Abuso Sexual presentado por el Gobierno de M\u00e9xico, a trav\u00e9s de la Secretar\u00eda de las Mujeres.<\/p>\n\n\n\n<p class=\"wp-block-paragraph\">Con el firme compromiso de construir entornos m\u00e1s seguros, igualitarios y libres de violencia para todas las mujeres, reconoce que esta iniciativa representa un paso hacia la consolidaci\u00f3n de una cultura de respeto y justicia, donde todas las mujeres podamos vivir sin miedo y con plena confianza.<\/p>\n\n\n\n<p class=\"wp-block-paragraph\">En un comunicado Finabien se\u00f1ala que la violencia sexual no s\u00f3lo vulnera cuerpos, sino tambi\u00e9n proyectos de vida, sue\u00f1os y derechos. Por ello, celebramos que este Plan impulse la homologaci\u00f3n del tipo penal de abuso sexual como delito grave en todo el pa\u00eds, y que fortalezca los mecanismos de denuncia, atenci\u00f3n y acceso a la justicia con perspectiva de g\u00e9nero.<\/p>\n\n\n\n<p class=\"wp-block-paragraph\">Cada acci\u00f3n que promueva una respuesta m\u00e1s \u00e1gil y humana por parte de las autoridades es una esperanza para quienes han sufrido cualquier forma de violencia.<\/p>\n\n\n\n<p class=\"wp-block-paragraph\">\u201cNos sumamos con responsabilidad y convicci\u00f3n a la construcci\u00f3n de una nueva relaci\u00f3n entre mujeres y hombres, basada en el respeto, la empat\u00eda y la igualdad\u201d, dice la financiera del Estado mexicano en su comunicado.<\/p>\n\n\n\n<p class=\"wp-block-paragraph\">Como parte del Gobierno reafirmamos nuestro compromiso de seguir promoviendo espacios seguros y libres de discriminaci\u00f3n, as\u00ed como de fortalecer las acciones de sensibilizaci\u00f3n dentro y fuera de nuestras instituciones. S\u00f3lo trabajando de manera conjunta podremos erradicar la violencia que por a\u00f1os ha limitado el desarrollo y bienestar de las mujeres.<\/p>\n\n\n\n<p class=\"wp-block-paragraph\">Este 25 de noviembre, D\u00eda Internacional de la Eliminaci\u00f3n de la Violencia contra la Mujer, participaran activamente en la campa\u00f1a nacional que busca visibilizar, prevenir y erradicar el abuso sexual. Creemos en un M\u00e9xico donde ninguna mujer tenga que callar, donde todas seamos escuchadas y donde la justicia sea una realidad para cada una de nosotras.<\/p>\n\n\n\n<p class=\"wp-block-paragraph\">SEM\/sj<\/p>\n\n\n\n<p class=\"wp-block-paragraph\"><\/p>\n","protected":false},"excerpt":{"rendered":"<p>Redacci\u00f3n SemM\u00e9xico, Ciudad de M\u00e9xico, 10 de noviembre, 2025.- Financiera para el Bienestar, Finabien, anunci\u00f3 que se suma al Plan Integral contra el Abuso Sexual presentado por el Gobierno de M\u00e9xico, a trav\u00e9s de la Secretar\u00eda de las Mujeres. Con el firme compromiso de construir entornos m\u00e1s seguros, igualitarios y libres de violencia para todas [&hellip;]<\/p>\n","protected":false},"author":3,"featured_media":100311,"comment_status":"open","ping_status":"open","sticky":false,"template":"","format":"standard","meta":{"_monsterinsights_skip_tracking":false,"footnotes":""},"categories":[903],"tags":[],"class_list":["post-100310","post","type-post","status-publish","format-standard","has-post-thumbnail","category-presidenta-y-mas"],"_links":{"self":[{"href":"https:\/\/redsemlac.com\/semmexico\/wp-json\/wp\/v2\/posts\/100310","targetHints":{"allow":["GET"]}}],"collection":[{"href":"https:\/\/redsemlac.com\/semmexico\/wp-json\/wp\/v2\/posts"}],"about":[{"href":"https:\/\/redsemlac.com\/semmexico\/wp-json\/wp\/v2\/types\/post"}],"author":[{"embeddable":true,"href":"https:\/\/redsemlac.com\/semmexico\/wp-json\/wp\/v2\/users\/3"}],"replies":[{"embeddable":true,"href":"https:\/\/redsemlac.com\/semmexico\/wp-json\/wp\/v2\/comments?post=100310"}],"version-history":[{"count":0,"href":"https:\/\/redsemlac.com\/semmexico\/wp-json\/wp\/v2\/posts\/100310\/revisions"}],"wp:featuredmedia":[{"embeddable":true,"href":"https:\/\/redsemlac.com\/semmexico\/wp-json\/wp\/v2\/media\/100311"}],"wp:attachment":[{"href":"https:\/\/redsemlac.com\/semmexico\/wp-json\/wp\/v2\/media?parent=100310"}],"wp:term":[{"taxonomy":"category","embeddable":true,"href":"https:\/\/redsemlac.com\/semmexico\/wp-json\/wp\/v2\/categories?post=100310"},{"taxonomy":"post_tag","embeddable":true,"href":"https:\/\/redsemlac.com\/semmexico\/wp-json\/wp\/v2\/tags?post=100310"}],"curies":[{"name":"wp","href":"https:\/\/api.w.org\/{rel}","templated":true}]}}