{"id":10030,"date":"2019-07-23T16:14:05","date_gmt":"2019-07-23T16:14:05","guid":{"rendered":"https:\/\/redsemlac.com\/semmexico\/?p=10030"},"modified":"2023-07-21T14:51:22","modified_gmt":"2023-07-21T19:51:22","slug":"entresemana-44","status":"publish","type":"post","link":"https:\/\/redsemlac.com\/semmexico\/entresemana-44\/","title":{"rendered":"Entresemana"},"content":{"rendered":"\n<h2 class=\"wp-block-heading\"><strong>Las tribus de Morena<\/strong><\/h2>\n\n\n\n<p class=\"wp-block-paragraph\"><strong>Mois\u00e9s S\u00e1nchez Lim\u00f3n<\/strong><\/p>\n\n\n\n<p class=\"wp-block-paragraph\">SemM\u00e9xico. Cd. de M\u00e9xico. 23 de julio de 2019.- Hay amplia y p\u00fablica evidencia de que la sedicente izquierda que ha construido en tiempo r\u00e9cord a Morena y desmantelado al Partido de la Revoluci\u00f3n Democr\u00e1tica retom\u00f3 el camino de la divisi\u00f3n que trae en su ADN: desempolv\u00f3 a las tribus perredistas que coincidieron en un objetivo del instituto pol\u00edtico que avanz\u00f3 en el escenario nacional y el reparto del poder. Ha ganado la Presidencia y, paradoja elemental, ha iniciado el proceso para perderla.<\/p>\n\n\n\n<p class=\"wp-block-paragraph\">Porque, mire usted, las izquierdas en su historia han luchado por derrocar al sistema capitalista, al monopolio del poder de la derecha en todas sus presentaciones y, al final, no han consolidado el poder porque \u00e9ste las dividi\u00f3, decant\u00f3 y desbarranc\u00f3 empujadas por la demagogia que combatieron y los abusos que cometieron en la pr\u00e1ctica del qu\u00edtate para ponerme.<\/p>\n\n\n\n<p class=\"wp-block-paragraph\">\u00bfUsted cree que Morena gan\u00f3 el poder? No, gan\u00f3 la Presidencia de la Rep\u00fablica y aunque obtuvo la mayor\u00eda en el Congreso de la Uni\u00f3n, se qued\u00f3 a la mitad del intento porque no sum\u00f3 ni someti\u00f3 a los poderes f\u00e1cticos que, al final, pueden construir un escenario de crisis y recuperar, primero, esa mayor\u00eda legislativa y, luego, el m\u00e1ximo cargo de elecci\u00f3n popular.<\/p>\n\n\n\n<p class=\"wp-block-paragraph\">Y mire usted que, quien borda la prospectiva en este considerando es el experimentado Ricardo Monreal \u00c1vila, presidente de la influyente Junta de Coordinaci\u00f3n Pol\u00edtica de la C\u00e1mara alta y coordinador de los senadores de Morena,<\/p>\n\n\n\n<p class=\"wp-block-paragraph\">Ayer reiter\u00f3, en Acapulco, una referencia que de no ser atendida con la prioridad que demanda la conservaci\u00f3n y consolidaci\u00f3n del poder, se diluir\u00e1 a la misma velocidad con la que paulatinamente se desgasta el bono democr\u00e1tico que llev\u00f3 a Andr\u00e9s Manuel L\u00f3pez Obrador a la Presidencia.<\/p>\n\n\n\n<p class=\"wp-block-paragraph\">Monreal record\u00f3 que, el 1 de julio de 2018, se gan\u00f3 la elecci\u00f3n y el gobierno, \u201cpero no ganamos el poder\u201d porque, refiri\u00f3, \u00e9ste se encuentra diseminado, fundamentalmente, en el poder econ\u00f3mico, que es el poder real\u201d. Y, en efecto, pero por ah\u00ed andan los otros poderes f\u00e1cticos que, unos por la v\u00eda violenta y, otros, por la espiritual inclusive, se niegan a entregar el control de sus cotos.<\/p>\n\n\n\n<p class=\"wp-block-paragraph\">Aunque Ricardo Monreal centr\u00f3 su previsi\u00f3n en la advertencia de que Andr\u00e9s Manuel L\u00f3pez Obrador se enfrenta al poder econ\u00f3mico. \u201cPor esa raz\u00f3n \u2013urgi\u00f3&#8211;tenemos que resistir y persistir en el cambio de r\u00e9gimen y lo vamos a lograr\u201d.<\/p>\n\n\n\n<p class=\"wp-block-paragraph\">Bien. La semana pasada, en un acto en Toluca donde los senadores Martha Guerrero e Higinio Mart\u00ednez rindieron su primer informe de labores legislativas,&nbsp;Ricardo Monreal envi\u00f3 un mensaje que se ajusta a destinatarios que todo el mundo identifica, sobre todo en estos d\u00edas en que las tribus pelean el control de Morena, pero con tanta hambre de poder que no asumen el grave riesgo de echar por la borda lo ganado y perder la mayor\u00eda legislativa en los comicios intermedios de 2021.<\/p>\n\n\n\n<p class=\"wp-block-paragraph\">Por ello, los integrantes de esa atomizada Morena que pugna por el control del partido, bien har\u00edan en escuchar a Monreal, sobre todo en esto que dijo en Toluca: \u201cSi bien Morena ha ganado se debe trabajar con eficacia e interlocuci\u00f3n, pero sobre todo sin excedernos en el mandato que el pueblo nos otorg\u00f3 y sin traicionar la confianza de los electores\u201d.<\/p>\n\n\n\n<p class=\"wp-block-paragraph\">Los convocados a este acto fueron de car\u00e1cter plural, lo mismo legisladores de Morena que de otras fuerzas pol\u00edticas como la panista Josefina V\u00e1zquez Mota y el priista Eruviel \u00c1vila, ex gobernador del Estado de M\u00e9xico e integrante del Grupo Atlacomulco, aunque sea por adopci\u00f3n.<\/p>\n\n\n\n<p class=\"wp-block-paragraph\">Ah\u00ed el mensaje a las tribus, \u00e9stas que se han desbordado en la cargada a favor de Mario Delgado, las otras en respaldo de Yeidckol Polevnsky o de Bertha Luj\u00e1n, para dirigir a Morena; incluso esa fracci\u00f3n que apoya la reelecci\u00f3n de Mart\u00ed Batres en la presidencia del Senado.<\/p>\n\n\n\n<p class=\"wp-block-paragraph\">\u201cS\u00ed, ganamos \u2013record\u00f3 Monreal&#8211;, pero hay una gran expectativa de trabajo y resultados. Si no les cumplimos, la gente nos va a retirar el apoyo. No hay victorias para siempre, ni derrotas permanentes. La gente quiere que le cumplamos.<\/p>\n\n\n\n<p class=\"wp-block-paragraph\">\u201cAunque tengamos mayor\u00eda en el Congreso debemos estar a la altura de las circunstancias. No es s\u00f3lo ganar, ahora hay que cumplir y crear las condiciones propicias para que la gente ratifique su respaldo\u201d.<\/p>\n\n\n\n<p class=\"wp-block-paragraph\">Por ello no es gratuito que Monreal haya pedido confianza en L\u00f3pez Obrador, e incluso previ\u00f3 que \u201cser\u00e1 el mejor Presidente en muchas d\u00e9cadas\u201d. Pero, record\u00f3 la lecci\u00f3n que el PRI y el PAN olvidaron en su momento al cambio de r\u00e9gimen. \u201cNo es f\u00e1cil adaptarse a un nuevo estilo, sacudido de aparatos costosos y parafernalia\u201d, cit\u00f3.<\/p>\n\n\n\n<p class=\"wp-block-paragraph\">Pero, vaya, la historia es terca en eso de reciclarse, como terca es la clase pol\u00edtica que acusa amnesia y apuesta a cometer los mismos errores. Pareciera que es a prop\u00f3sito en la praxis de desmantelar lo que ha costado construir para llegar al poder, ganar y luego perder en perjuicio del pa\u00eds.<\/p>\n\n\n\n<p class=\"wp-block-paragraph\">\u00bfQu\u00e9 ocurre en el Senado, por ejemplo? \u00bfMedir fuerza como para qu\u00e9? \u00bfPor qu\u00e9 la insistencia de Mart\u00ed Batres Guadarrama en reelegirse en la presidencia de la mesa directiva senatorial? Reza la m\u00e1xima pol\u00edtica que el ya bail\u00f3 que se siente, pero el a\u00fan presidente de la C\u00e1mara alta declara que quiere seguir en la pista.<\/p>\n\n\n\n<p class=\"wp-block-paragraph\">Lo malo de esta terca, aunque legal insistencia porque la ley prev\u00e9 la elecci\u00f3n de un periodo m\u00e1s inmediato en la Presidencia senatorial, es que Mart\u00ed abri\u00f3 sus cartas y pr\u00e1cticamente rompi\u00f3 con Ricardo Monreal, presidente de la Junta de Coordinaci\u00f3n Pol\u00edtica y coordinador de los senadores de Morena, quien el viernes de la semana pasada cuestion\u00f3 la posibilidad de que Batres sea reelegido en el cargo.<\/p>\n\n\n\n<p class=\"wp-block-paragraph\">En la conferencia de inicio de semana, Batres pr\u00e1cticamente se victimiz\u00f3 y urgi\u00f3 a \u201cno vetar a nadie con pretexto de la paridad de g\u00e9nero\u201d.<\/p>\n\n\n\n<p class=\"wp-block-paragraph\">Y record\u00f3 que hasta el momento es el \u00fanico que ha planteado que desea presidir la Mesa Directiva del Segundo A\u00f1o de Ejercicio de esta LXIV Legislatura. Par\u00e1frasis del fil\u00f3sofo de Ju\u00e1rez: \u00a1Pero qu\u00e9 necesidad! Lo dicho, las tribus del PRD han reencarnado en Morena y vuelven a disputarse el poder que, sostiene Monreal, no han ganado porque ah\u00ed andan los otros poderes. Conste.<\/p>\n\n\n\n<p class=\"wp-block-paragraph\"><a href=\"mailto:sanchezlimon@gmail.com\" target=\"_blank\" rel=\"noreferrer noopener\">sanchezlimon@gmail.com<\/a><\/p>\n\n\n\n<p class=\"wp-block-paragraph\"><a href=\"http:\/\/www.entresemana.mx\/\" target=\"_blank\" rel=\"noreferrer noopener\">www.entresemana.mx<\/a><\/p>\n\n\n\n<p class=\"wp-block-paragraph\">@msanchezlimon<\/p>\n","protected":false},"excerpt":{"rendered":"<p>Las tribus de Morena<\/p>\n","protected":false},"author":3,"featured_media":8470,"comment_status":"open","ping_status":"open","sticky":false,"template":"","format":"standard","meta":{"_monsterinsights_skip_tracking":false,"footnotes":""},"categories":[690,105,83],"tags":[],"class_list":["post-10030","post","type-post","status-publish","format-standard","has-post-thumbnail","category-690","category-entresemana","category-moises-sanchez-limon"],"_links":{"self":[{"href":"https:\/\/redsemlac.com\/semmexico\/wp-json\/wp\/v2\/posts\/10030","targetHints":{"allow":["GET"]}}],"collection":[{"href":"https:\/\/redsemlac.com\/semmexico\/wp-json\/wp\/v2\/posts"}],"about":[{"href":"https:\/\/redsemlac.com\/semmexico\/wp-json\/wp\/v2\/types\/post"}],"author":[{"embeddable":true,"href":"https:\/\/redsemlac.com\/semmexico\/wp-json\/wp\/v2\/users\/3"}],"replies":[{"embeddable":true,"href":"https:\/\/redsemlac.com\/semmexico\/wp-json\/wp\/v2\/comments?post=10030"}],"version-history":[{"count":0,"href":"https:\/\/redsemlac.com\/semmexico\/wp-json\/wp\/v2\/posts\/10030\/revisions"}],"wp:featuredmedia":[{"embeddable":true,"href":"https:\/\/redsemlac.com\/semmexico\/wp-json\/wp\/v2\/media\/8470"}],"wp:attachment":[{"href":"https:\/\/redsemlac.com\/semmexico\/wp-json\/wp\/v2\/media?parent=10030"}],"wp:term":[{"taxonomy":"category","embeddable":true,"href":"https:\/\/redsemlac.com\/semmexico\/wp-json\/wp\/v2\/categories?post=10030"},{"taxonomy":"post_tag","embeddable":true,"href":"https:\/\/redsemlac.com\/semmexico\/wp-json\/wp\/v2\/tags?post=10030"}],"curies":[{"name":"wp","href":"https:\/\/api.w.org\/{rel}","templated":true}]}}