{"id":100270,"date":"2025-11-07T20:42:08","date_gmt":"2025-11-08T02:42:08","guid":{"rendered":"https:\/\/redsemlac.com\/semmexico\/?p=100270"},"modified":"2025-11-07T21:04:28","modified_gmt":"2025-11-08T03:04:28","slug":"casa-de-las-mercedes-hogar-de-menores-bajo-investigacion","status":"publish","type":"post","link":"https:\/\/redsemlac.com\/semmexico\/casa-de-las-mercedes-hogar-de-menores-bajo-investigacion\/","title":{"rendered":"Casa de Las Mercedes, hogar de menores bajo investigaci\u00f3n \u00a0"},"content":{"rendered":"\n<p class=\"wp-block-paragraph\"><a href=\"https:\/\/oem.com.mx\/la-prensa\/analisis\/autor\/nancy-rodriguez-3560\" target=\"_blank\" rel=\"noreferrer noopener\"><strong>Nancy Rodr\u00edguez<\/strong><\/a><\/p>\n\n\n\n<p class=\"wp-block-paragraph\"><strong>SemM\u00e9xico\/el sol de M\u00e9xico, 7 de noviembre, 2025,<\/strong> Despu\u00e9s de que las\u00a0<strong>autoridades recibieron presuntas denuncias por trata de personas y abuso sexual<\/strong>\u00a0, personal del Desarrollo Integral de la Familia (DIF) y la Fiscal\u00eda General de Justicia de la Ciudad de M\u00e9xico, acudi\u00f3 al n\u00famero 18 de la calle Miguel E. Shultz, en la colonia San Rafael, alcald\u00eda Cuauht\u00e9moc, para\u00a0<strong>reubicar a 80 ni\u00f1as y adolescentes<\/strong>\u00a0que viv\u00edan en Casa de Las Mercedes.<\/p>\n\n\n\n<p class=\"wp-block-paragraph\"><strong>La reconstrucci\u00f3n de los hechos contin\u00faa:<\/strong>&nbsp;Los vecinos se sorprendieron cuando se llev\u00f3 a cabo el operativo; luego, Estefany y Karen, dos chicas que hab\u00edan sido residentes en el albergue, salieron en su defensa, diciendo que \u201cno es un albergue, ni mucho menos un orfanato, es nuestra casa, nuestro hogar\u201d; mientras que&nbsp;<strong>otros se manifestaron para que los menores regresaran a la Casa de Las Mercedes<\/strong>&nbsp;.<\/p>\n\n\n\n<p class=\"wp-block-paragraph\">En este caso, que tiene varios frentes, ya hay un detenido. Adem\u00e1s de cateos en dos sedes. Y como lo indican las autoridades,&nbsp;<strong>hay \u201cdos v\u00edctimas denunciantes y se est\u00e1 realizando una investigaci\u00f3n exhaustiva\u201d<\/strong>&nbsp;.<\/p>\n\n\n\n<p class=\"wp-block-paragraph\">Al parecer, el desenlace a\u00fan est\u00e1 lejos.<\/p>\n\n\n\n<p class=\"wp-block-paragraph\"><strong>Cronolog\u00eda de los hechos<\/strong><\/p>\n\n\n\n<p class=\"wp-block-paragraph\"><strong>\ud83d\udd34<\/strong><strong>29 de octubre de 2025<\/strong><\/p>\n\n\n\n<p class=\"wp-block-paragraph\"><strong>Rescatan a m\u00e1s de 30 ni\u00f1os de casa hogar en la Cuauht\u00e9moc tras denuncia por abuso<\/strong><\/p>\n\n\n\n<p class=\"wp-block-paragraph\">Como parte de la investigaci\u00f3n de una violaci\u00f3n ocurrida en el albergue Casa de la Mercedes, ubicado en la colonia San Rafael, autoridades de la Ciudad de M\u00e9xico rescataron a m\u00e1s de 30 menores de edad del albergue.<\/p>\n\n\n\n<p class=\"wp-block-paragraph\">Fue alrededor de las tres de la tarde de este mi\u00e9rcoles que elementos de la Fiscal\u00eda General de Justicia (FGJ) llegaron al predio para realizar diligencias en torno a la investigaci\u00f3n y por la cual&nbsp;<a href=\"https:\/\/oem.com.mx\/la-prensa\/policiaca\/rescatan-a-mas-de-30-ninos-de-casa-hogar-en-la-cuauhtemoc-tras-denuncia-por-abuso-26547763\" target=\"_blank\" rel=\"noreferrer noopener\"><strong>el hijo de la fundadora de la casa hogar est\u00e1 bajo proceso.<\/strong><\/a><\/p>\n\n\n\n<p class=\"wp-block-paragraph\"><strong>\ud83d\udd34<\/strong><strong>30 de octubre de 2025<\/strong><\/p>\n\n\n\n<p class=\"wp-block-paragraph\"><strong>Investigan red de trata y abuso de menores en la Fundaci\u00f3n Casa de las Mercedes<\/strong><\/p>\n\n\n\n<p class=\"wp-block-paragraph\">Se inform\u00f3 que dos personas que formaban parte de los trabajadores de dicho orfanato,&nbsp;<a href=\"https:\/\/oem.com.mx\/la-prensa\/metropoli\/investigan-red-de-trata-y-abuso-de-menores-en-la-fundacion-casa-de-las-mercedes-26552637\" target=\"_blank\" rel=\"noreferrer noopener\"><strong>presuntamente cometieron los delitos de trata de personas y violaci\u00f3n<\/strong><\/a>&nbsp;por lo que las autoridades realizan las investigaciones para esclarecer el caso.<\/p>\n\n\n\n<p class=\"wp-block-paragraph\"><strong>\u201cJam\u00e1s me imagin\u00e9 que all\u00ed pasara algo extra\u00f1o\u201d, vecina de la Casa de Las Mercedes<\/strong><\/p>\n\n\n\n<p class=\"wp-block-paragraph\">En su p\u00e1gina oficial, la Casa de Las Mercedes indica que fue fundada en 1994 y es una instituci\u00f3n de asistencia privada con sede en la Ciudad de M\u00e9xico que&nbsp;<a href=\"https:\/\/oem.com.mx\/la-prensa\/metropoli\/sorprende-a-vecinos-de-la-san-rafael-operativo-en-la-casa-de-las-mercedes-26556228\" target=\"_blank\" rel=\"noreferrer noopener\"><strong>ofrece un modelo de desarrollo integral para ni\u00f1as y adolescentes que han enfrentado abandono social, violencia f\u00edsica, sexual<\/strong><\/a>&nbsp;o psicol\u00f3gica, as\u00ed como omisi\u00f3n de cuidados.<\/p>\n\n\n\n<p class=\"wp-block-paragraph\"><strong>Casa de las Mercedes: Detienen a presunto agresor involucrado en abuso sexual<\/strong><\/p>\n\n\n\n<p class=\"wp-block-paragraph\">Seg\u00fan la investigaci\u00f3n, una adolescente fue trasladada de manera irregular por la directora del centro al domicilio de su madre, donde presuntamente fue obligada a realizar labores dom\u00e9sticas y fue v\u00edctima de agresi\u00f3n sexual por parte de Aquiles \u201cN\u201d, quien le suministr\u00f3 una sustancia que le impidi\u00f3 oponerse. Durante los meses siguientes, la v\u00edctima report\u00f3 amenazas, acoso e intimidaci\u00f3n por parte de la instituci\u00f3n.<\/p>\n\n\n\n<p class=\"wp-block-paragraph\"><a href=\"https:\/\/oem.com.mx\/la-prensa\/policiaca\/casa-de-las-mercedes-detienen-a-presunto-agresor-involucrado-en-abuso-sexual-26557136\" target=\"_blank\" rel=\"noreferrer noopener\"><strong>La joven redact\u00f3 una carta al DIF, lo que permiti\u00f3 activar la denuncia ante la Fiscal\u00eda<\/strong><\/a>&nbsp;para proteger a otros adolescentes bajo resguardo del mismo albergue.<\/p>\n\n\n\n<p class=\"wp-block-paragraph\"><strong>Casa de las Mercedes: ni\u00f1os y adultos permanecen en el albergue pese a sellos de suspensi\u00f3n<\/strong><\/p>\n\n\n\n<p class=\"wp-block-paragraph\">Han transcurrido menos de 24 horas desde que se colocaron los sellos de suspensi\u00f3n de actividades en la Casa de las Mercedes IAP, por actos aparentemente il\u00edcitos, pero, en esta, se pudo observar&nbsp;<a href=\"https:\/\/oem.com.mx\/la-prensa\/policiaca\/casa-de-las-mercedes-ninos-y-adultos-permanecen-en-albergue-pese-a-sellos-de-suspension-26560173\" target=\"_blank\" rel=\"noreferrer noopener\"><strong>durante el jueves que al interior hab\u00eda al menos tres adultos y dos ni\u00f1os.<\/strong><\/a><\/p>\n\n\n\n<figure class=\"wp-block-image size-large\"><a href=\"https:\/\/redsemlac.com\/semmexico\/wp-content\/uploads\/2025\/11\/casa-de-las-mecedes-02.jpg\"><img loading=\"lazy\" decoding=\"async\" width=\"1024\" height=\"766\" src=\"https:\/\/redsemlac.com\/semmexico\/wp-content\/uploads\/2025\/11\/casa-de-las-mecedes-02-1024x766.jpg\" alt=\"\" class=\"wp-image-100271\" srcset=\"https:\/\/redsemlac.com\/semmexico\/wp-content\/uploads\/2025\/11\/casa-de-las-mecedes-02-1024x766.jpg 1024w, https:\/\/redsemlac.com\/semmexico\/wp-content\/uploads\/2025\/11\/casa-de-las-mecedes-02-300x224.jpg 300w, https:\/\/redsemlac.com\/semmexico\/wp-content\/uploads\/2025\/11\/casa-de-las-mecedes-02-768x575.jpg 768w, https:\/\/redsemlac.com\/semmexico\/wp-content\/uploads\/2025\/11\/casa-de-las-mecedes-02-150x112.jpg 150w, https:\/\/redsemlac.com\/semmexico\/wp-content\/uploads\/2025\/11\/casa-de-las-mecedes-02-696x521.jpg 696w, https:\/\/redsemlac.com\/semmexico\/wp-content\/uploads\/2025\/11\/casa-de-las-mecedes-02-1068x799.jpg 1068w, https:\/\/redsemlac.com\/semmexico\/wp-content\/uploads\/2025\/11\/casa-de-las-mecedes-02.jpg 1286w\" sizes=\"auto, (max-width: 1024px) 100vw, 1024px\" \/><\/a><\/figure>\n\n\n\n<p class=\"wp-block-paragraph\">Mu\u00f1eca decorativa en el interior de La Casa De Las Mercedes.\/ Fotograf\u00eda: Ignacio Huitzil\/ La Prensa<\/p>\n\n\n\n<p class=\"wp-block-paragraph\"><strong>\ud83d\udd34<\/strong><strong>1 de noviembre de 2025<\/strong><\/p>\n\n\n\n<p class=\"wp-block-paragraph\"><strong>\u201cNo era un albergue; era mi casa y somos una familia\u201d: Estefany y Karen, j\u00f3venes que vivieron en la Casa de las Mercedes<\/strong> Estefany y Karen, con los ojos llorosos y una gran molestia reflejada en sus rostros, se\u00f1alaron que la Casa de las Mercedes es como un hogar en M\u00e9xico: todas tienen actividades, desde lavar los platos hasta limpiar. \u201c&nbsp;<a href=\"https:\/\/oem.com.mx\/la-prensa\/metropoli\/no-era-un-albergue-era-mi-casa-estefany-y-karen-jovenes-que-vivieron-en-la-casa-de-las-mercedes-26570942\" target=\"_blank\" rel=\"noreferrer noopener\"><strong>Aqu\u00ed somos una familia, nos vemos como hermanas, nos ayudamos en todo<\/strong><\/a>&nbsp;. Las que somos m\u00e1s grandes estamos pendientes de las m\u00e1s peque\u00f1as\u201d.<\/p>\n\n\n\n<p class=\"wp-block-paragraph\"><strong>\ud83d\udd34<\/strong><strong>2 de noviembre de 2025<\/strong><\/p>\n\n\n\n<p class=\"wp-block-paragraph\"><strong>Exigen retomar actividades en la Casa de las Mercedes<\/strong><\/p>\n\n\n\n<p class=\"wp-block-paragraph\">Egresadas de la Casa de las Mercedes bloquearon la Avenida de los Insurgentes y M\u00e9xico-Tenochtitlan, en ambos sentidos. Las manifestantes alzaron la voz por las ni\u00f1as que fueron desalojadas de la casa hogar y&nbsp;<a href=\"https:\/\/oem.com.mx\/la-prensa\/metropoli\/exigen-retomar-actividades-en-la-casa-de-las-mercedes-26607479\" target=\"_blank\" rel=\"noreferrer noopener\"><strong>exigieron que regresaran a las menores al lugar donde crecieron.<\/strong><\/a><\/p>\n\n\n\n<p class=\"wp-block-paragraph\">Con gritos de desesperaci\u00f3n dec\u00edan: \u201cEl DIF no las cuida, las cuida su familia, que las regresen\u201d, mientras con carteles y cartulinas cerraban toda la vialidad.<\/p>\n\n\n\n<p class=\"wp-block-paragraph\"><strong>\ud83d\udd34<\/strong><strong>&nbsp;<\/strong><strong>3 de noviembre de 2025<\/strong><\/p>\n\n\n\n<p class=\"wp-block-paragraph\"><strong>Se detuvieron sedes de la Casa de las Mercedes; buscaron expedientes de ni\u00f1as<\/strong><\/p>\n\n\n\n<p class=\"wp-block-paragraph\">Dos sedes de la Fundaci\u00f3n Casa de las Mercedes IAP fueron cateadas como parte de las investigaciones relacionadas con el delito de violaci\u00f3n y explotaci\u00f3n laboral de sus habitantes. Con la finalidad de ubicar los expedientes de las ni\u00f1as y adolescentes de este predio y de las personas vinculadas a la instituci\u00f3n,&nbsp;<a href=\"https:\/\/oem.com.mx\/la-prensa\/metropoli\/catean-sedes-de-casa-de-las-mercedes-buscan-expedientes-de-ninas-26619703\" target=\"_blank\" rel=\"noreferrer noopener\"><strong>las autoridades capitalinas aseguraron equipo de c\u00f3mputo.<\/strong><\/a><\/p>\n\n\n\n<p class=\"wp-block-paragraph\"><strong>\ud83d\udd34<\/strong><strong>&nbsp;<\/strong><strong>4 de noviembre de 2025<\/strong><\/p>\n\n\n\n<p class=\"wp-block-paragraph\"><strong>FGJCDMX reubica a j\u00f3venes de La Casa de las Mercedes; investigan posibles nuevas v\u00edctimas<\/strong><\/p>\n\n\n\n<p class=\"wp-block-paragraph\">\u201cHoy en d\u00eda tenemos dos v\u00edctimas denunciantes y se est\u00e1 realizando una investigaci\u00f3n exhaustiva para saber si hubiera otras posibles v\u00edctimas.&nbsp;<a href=\"https:\/\/oem.com.mx\/la-prensa\/metropoli\/fgjcdmx-reubica-a-jovenes-de-la-casa-de-las-mercedes-investigan-posibles-nuevas-victimas-26639231\" target=\"_blank\" rel=\"noreferrer noopener\"><strong>Esto incluye no solo a las usuarias actuales del albergue, sino tambi\u00e9n a quienes ya salieron\u201d<\/strong><\/a>&nbsp;, explic\u00f3 la titular de la Fiscal\u00eda General de Justicia de la Ciudad de M\u00e9xico (FGJCDMX), Bertha Alcalde Luj\u00e1n.<\/p>\n\n\n\n<p class=\"wp-block-paragraph\"><strong>\ud83d\udd34<\/strong><strong>&nbsp;<\/strong><strong>5 de noviembre de 2025<\/strong><\/p>\n\n\n\n<p class=\"wp-block-paragraph\"><strong>El Congreso CDMX pide protecci\u00f3n para las rescatadas de La Casa de las Mercedes<\/strong><\/p>\n\n\n\n<p class=\"wp-block-paragraph\">La Fiscal\u00eda General de Justicia (FGJ) capitalina y el Sistema para el Desarrollo Integral de la Familia (DIF) recibieron el exhorto del Congreso de la Ciudad de M\u00e9xico de&nbsp;<a href=\"https:\/\/oem.com.mx\/la-prensa\/metropoli\/congreso-cdmx-pide-proteccion-para-rescatadas-de-la-casa-de-las-mercedes-26652690\" target=\"_blank\" rel=\"noreferrer noopener\"><strong>garantizar la protecci\u00f3n, el acompa\u00f1amiento psicosocial y la reubicaci\u00f3n segura de las menores que habitaban en la Casa Hogar \u201cLa Casa de las Mercedes\u201d.<\/strong><\/a><\/p>\n\n\n\n<figure class=\"wp-block-image size-large\"><a href=\"https:\/\/redsemlac.com\/semmexico\/wp-content\/uploads\/2025\/11\/casa-de-las-mecedes-03.jpg\"><img loading=\"lazy\" decoding=\"async\" width=\"1024\" height=\"683\" src=\"https:\/\/redsemlac.com\/semmexico\/wp-content\/uploads\/2025\/11\/casa-de-las-mecedes-03-1024x683.jpg\" alt=\"\" class=\"wp-image-100273\" srcset=\"https:\/\/redsemlac.com\/semmexico\/wp-content\/uploads\/2025\/11\/casa-de-las-mecedes-03-1024x683.jpg 1024w, https:\/\/redsemlac.com\/semmexico\/wp-content\/uploads\/2025\/11\/casa-de-las-mecedes-03-300x200.jpg 300w, https:\/\/redsemlac.com\/semmexico\/wp-content\/uploads\/2025\/11\/casa-de-las-mecedes-03-768x512.jpg 768w, https:\/\/redsemlac.com\/semmexico\/wp-content\/uploads\/2025\/11\/casa-de-las-mecedes-03-150x100.jpg 150w, https:\/\/redsemlac.com\/semmexico\/wp-content\/uploads\/2025\/11\/casa-de-las-mecedes-03-696x464.jpg 696w, https:\/\/redsemlac.com\/semmexico\/wp-content\/uploads\/2025\/11\/casa-de-las-mecedes-03-1068x712.jpg 1068w, https:\/\/redsemlac.com\/semmexico\/wp-content\/uploads\/2025\/11\/casa-de-las-mecedes-03.jpg 1287w\" sizes=\"auto, (max-width: 1024px) 100vw, 1024px\" \/><\/a><\/figure>\n\n\n\n<p class=\"wp-block-paragraph\">Manifestantes pidieron que las ni\u00f1as regresaran a la Casa De Las Mercedes.\/ Fotograf\u00eda: Jos\u00e9 Melt\u00f3n\/ La Prensa<\/p>\n","protected":false},"excerpt":{"rendered":"<p>Nancy Rodr\u00edguez SemM\u00e9xico\/el sol de M\u00e9xico, 7 de noviembre, 2025, Despu\u00e9s de que las\u00a0autoridades recibieron presuntas denuncias por trata de personas y abuso sexual\u00a0, personal del Desarrollo Integral de la Familia (DIF) y la Fiscal\u00eda General de Justicia de la Ciudad de M\u00e9xico, acudi\u00f3 al n\u00famero 18 de la calle Miguel E. Shultz, en la [&hellip;]<\/p>\n","protected":false},"author":3,"featured_media":100272,"comment_status":"open","ping_status":"open","sticky":false,"template":"","format":"standard","meta":{"_monsterinsights_skip_tracking":false,"footnotes":""},"categories":[694,54,48],"tags":[],"class_list":["post-100270","post","type-post","status-publish","format-standard","has-post-thumbnail","category-destacadas","category-mujeres","category-no-mas-impunidad-no-mas-impunidad"],"_links":{"self":[{"href":"https:\/\/redsemlac.com\/semmexico\/wp-json\/wp\/v2\/posts\/100270","targetHints":{"allow":["GET"]}}],"collection":[{"href":"https:\/\/redsemlac.com\/semmexico\/wp-json\/wp\/v2\/posts"}],"about":[{"href":"https:\/\/redsemlac.com\/semmexico\/wp-json\/wp\/v2\/types\/post"}],"author":[{"embeddable":true,"href":"https:\/\/redsemlac.com\/semmexico\/wp-json\/wp\/v2\/users\/3"}],"replies":[{"embeddable":true,"href":"https:\/\/redsemlac.com\/semmexico\/wp-json\/wp\/v2\/comments?post=100270"}],"version-history":[{"count":0,"href":"https:\/\/redsemlac.com\/semmexico\/wp-json\/wp\/v2\/posts\/100270\/revisions"}],"wp:featuredmedia":[{"embeddable":true,"href":"https:\/\/redsemlac.com\/semmexico\/wp-json\/wp\/v2\/media\/100272"}],"wp:attachment":[{"href":"https:\/\/redsemlac.com\/semmexico\/wp-json\/wp\/v2\/media?parent=100270"}],"wp:term":[{"taxonomy":"category","embeddable":true,"href":"https:\/\/redsemlac.com\/semmexico\/wp-json\/wp\/v2\/categories?post=100270"},{"taxonomy":"post_tag","embeddable":true,"href":"https:\/\/redsemlac.com\/semmexico\/wp-json\/wp\/v2\/tags?post=100270"}],"curies":[{"name":"wp","href":"https:\/\/api.w.org\/{rel}","templated":true}]}}