{"id":100251,"date":"2025-11-07T19:21:01","date_gmt":"2025-11-08T01:21:01","guid":{"rendered":"https:\/\/redsemlac.com\/semmexico\/?p=100251"},"modified":"2025-11-07T19:21:22","modified_gmt":"2025-11-08T01:21:22","slug":"la-opinion-argentina-la-amenaza-de-una-contra-reforma-laboral","status":"publish","type":"post","link":"https:\/\/redsemlac.com\/semmexico\/la-opinion-argentina-la-amenaza-de-una-contra-reforma-laboral\/","title":{"rendered":"La opini\u00f3n| Argentina: la amenaza de una (contra) reforma laboral"},"content":{"rendered":"\n<p class=\"wp-block-paragraph\">Sa\u00fal Escobar Toledo<\/p>\n\n\n\n<p class=\"wp-block-paragraph\">SemM\u00e9xico, Cd. de M\u00e9xico, 7 de noviembre, 2025.- Apenas se conocieron los resultados de la elecci\u00f3n del domingo 25 de octubre en Argentina, los cuales favorecieron al partido del presidente Milei, el mandatario anunci\u00f3 una reforma que busca, dijo, la \u201cmodernizaci\u00f3n laboral\u201d. Por este \u00faltimo t\u00e9rmino, seg\u00fan comentarios que recogi\u00f3 el diario de Buenos Aires, P\u00e1gina 12,&nbsp; lo que se pretende es una nueva flexibilizaci\u00f3n laboral. A pesar de que el gobierno ha se\u00f1alado que dicha reforma \u00abno implica una p\u00e9rdida de derechos\u00bb, las centrales sindicales de ese pa\u00eds se han puesto en guardia. Consideran que se trata de un nuevo intento para \u201cdestruir la barrera que representa la legislaci\u00f3n laboral y, naturalmente, el movimiento obrero\u00bb y ponerlo a tono con el&nbsp; \u201cprograma econ\u00f3mico vigente que tiene como \u00fanicos beneficiarios a los grandes empresarios y al capital financiero\u201d.<\/p>\n\n\n\n<p class=\"wp-block-paragraph\">Seg\u00fan los dirigentes sindicales,&nbsp; el auge de las importaciones est\u00e1 afectando severamente la industria y el comercio dom\u00e9sticos \u201cHan quebrado casi veinte mil empresas de distintas actividades. El poder de compra, los salarios reales y el consumo se han derrumbado y m\u00e1s de 200 mil empleos se han perdido. Los bienes transables (para exportaci\u00f3n)&nbsp; no son competitivos al mismo tiempo que la pol\u00edtica econ\u00f3mica del gobierno ha abierto las fronteras y ha inundado al pa\u00eds de productos importados, todo lo cual ha generado una recesi\u00f3n, particularmente en la creaci\u00f3n de nuevas plazas de trabajo\u201d.<\/p>\n\n\n\n<p class=\"wp-block-paragraph\">La Confederaci\u00f3n General del Trabajo (CGT), la central sindical m\u00e1s grande e hist\u00f3ricamente m\u00e1s influyente,&nbsp; expres\u00f3, a trav\u00e9s de uno de sus dirigentes que su organizaci\u00f3n tiene preparado un \u201cmen\u00fa t\u00e1ctico\u201d que incluye \u00abprimero la acci\u00f3n pol\u00edtica, luego judicial, y si hace falta, paros y movilizaciones\u201d.<\/p>\n\n\n\n<p class=\"wp-block-paragraph\">Los sindicalistas sospechan que la reforma anunciada por Milei se basar\u00e1 en un proyecto presentado en el Congreso el a\u00f1o pasado por algunos legisladores afines a su mandato. Para imponerla ser\u00e1 necesario, dice un comentarista de Pagina 12, \u201calgo que sistem\u00e1ticamente hacen los gobiernos liberales y es la estigmatizaci\u00f3n de los sindicatos, de los abogados laboralistas y, por ende, del andamiaje legal que protege a los empleados y tambi\u00e9n la justicia del fuero laboral\u201d.&nbsp; El diario argentino agrega que dicho proyecto no es nuevo. Ya lo intent\u00f3 la dictadura militar, el menemismo y la administraci\u00f3n de Macri. El objetivo ha sido, siempre, la destrucci\u00f3n de los derechos de los trabajadores.<\/p>\n\n\n\n<p class=\"wp-block-paragraph\">La propuesta mencionada incluye nuevas facultades para el empleador. En uno de sus art\u00edculos plantea que los patrones podr\u00e1n \u00abintroducir todos los cambios relativos a la forma y modalidades de la prestaci\u00f3n del trabajo, en tanto esos cambios no importen un ejercicio irrazonable de esa facultad, ni alteren modalidades esenciales del contrato, ni causen perjuicio material ni moral al trabajador\u00bb. Y agrega que \u00abCuando el empleador disponga medidas vedadas por este art\u00edculo, al trabajador le asistir\u00e1 la posibilidad de optar por considerarse despedido sin causa\u201d. A pesar de las salvedades, resulta claro que facilitan al empleador la imposici\u00f3n de sus condiciones a los trabajadores, los cuales no tendr\u00edan m\u00e1s opci\u00f3n que pedir su separaci\u00f3n del trabajo.<\/p>\n\n\n\n<p class=\"wp-block-paragraph\">Una de las cuestiones m\u00e1s preocupantes que han destacado los sindicalistas se refiere las enmiendas legales que permitir\u00edan modificar la jornada para que \u201cse adecue a los cambios en las modalidades de producci\u00f3n \u2026 A tal efecto, se podr\u00e1 disponer colectivamente del r\u00e9gimen de horas extras, banco de horas, francos compensatorios (d\u00edas de descanso obligatorios)\u201d, entre otras prestaciones.<\/p>\n\n\n\n<p class=\"wp-block-paragraph\">Ante la posibilidad de que un proyecto semejante sea retomado por el gobierno y sus parlamentarios,&nbsp; uno de los dirigentes del sindicato de la industria de la construcci\u00f3n (UOCRA) advirti\u00f3 que la CGT est\u00e1 dispuesta a desarrollar \u201cla movilizaci\u00f3n y acciones contundentes\u201d si el presidente Milei decide imponer una reforma laboral regresiva.&nbsp; Y agreg\u00f3: \u201cNo queremos ir al conflicto, pero si se nos cierran todas las puertas y no nos dan garant\u00edas vamos a utilizar todas las herramientas que tengamos en la defensa de nuestro derecho\u201d.<\/p>\n\n\n\n<p class=\"wp-block-paragraph\">Los sindicatos argentinos tienen raz\u00f3n en prepararse ante un escenario adverso. Los votos obtenidos por La Libertad Avanza (LLA), un asomo de divisi\u00f3n en la CGT, y una par\u00e1lisis program\u00e1tica e ideol\u00f3gica del peronismo, el principal n\u00facleo opositor al gobierno, pueden animar al bloque gobernante a imponer severas (contra) reformas como la laboral.<\/p>\n\n\n\n<p class=\"wp-block-paragraph\">Aparentemente, seg\u00fan comentaristas locales y extranjeros,&nbsp; la influencia de Estados Unidos en las elecciones fue un factor determinante para entender sus resultados. Como se ha se\u00f1alado, pocos d\u00edas antes de los comicios Trump anunci\u00f3 un salvamento de 40 mil millones de d\u00f3lares, pero advirti\u00f3 se retirar\u00eda dicho apoyo si Milei no ganaba los comicios. Aunque ning\u00fan indicador social ha mejorado durante su gobierno; existe una situaci\u00f3n econ\u00f3mica deplorable; y ha sido acusado de varios actos de corrupci\u00f3n, el oficialismo logr\u00f3 buenos resultados, mejores incluso de los que se esperaban<\/p>\n\n\n\n<p class=\"wp-block-paragraph\">Todav\u00eda muchos se preguntan si los votos obtenidos representaron un verdadero apoyo a Milei o simplemente fueron producto del chantaje de Trump. Sin embargo, reconocen que muchos votantes se inclinaron en favor de la estabilidad despu\u00e9s de a\u00f1os de una inflaci\u00f3n desbocada. Hay que recordar que la administraci\u00f3n actual baj\u00f3 el ritmo de aumento de precios de casi 200% anual a 30%. Tambi\u00e9n ha destinado miles de millones de las reservas del pa\u00eds para mantener un peso sobrevaluado. Ese indicador ha resultado muy importante. Hay quien ha afirmado que, en Argentina, \u201cun d\u00f3lar barato gana elecciones\u201d. Igualmente,&nbsp; influy\u00f3 el voto antiperonista el cual se explica por sus divisiones internas, sus malas cuentas econ\u00f3micas y las acusaciones de corrupci\u00f3n. Todo ello explicar\u00eda la aversi\u00f3n de muchos votantes a un nuevo colapso econ\u00f3mico y la eficacia de las amenazas de Trump.<\/p>\n\n\n\n<p class=\"wp-block-paragraph\">Lo que parece indudable es que los planes del gobierno van dirigidos contra los trabajadores.&nbsp; Su lenguaje aparentemente \u201clibertario\u201d oculta sus verdaderas intenciones: favorecer al capital y combatir a los sindicatos para imponer reformas legales que menoscaben los derechos laborales. Se trata, como han afirmado dirigentes gremiales y comentaristas opositores, de viejas recetas que tratan de ponerse en pr\u00e1ctica otra vez. Nada realmente nuevo representan Milei y su partido.<\/p>\n\n\n\n<p class=\"wp-block-paragraph\">El caso argentino puede considerarse excepcional en Am\u00e9rica Latina. No obstante, muestra la enorme influencia de Estados Unidos en el rumbo de los pa\u00edses de la regi\u00f3n, y su cada vez mayor injerencia en nuestros asuntos internos. Al mismo tiempo,&nbsp; la&nbsp; econom\u00eda mundial se ha visto sacudida debido a las medidas de Trump en materia comercial. Frente a una creciente incertidumbre, la estabilidad es vista como un objetivo, no importa el costo social y econ\u00f3mico, la p\u00e9rdida masiva de empleos y la ca\u00edda del poder de compra de la poblaci\u00f3n, en especial de los salarios. Finalmente, se revela que los errores y la arrogancia del poder de un gobierno o partido pol\u00edtico que se proclama progresista pueden despertar reacciones populares muy da\u00f1inas para la convivencia democr\u00e1tica y las aspiraciones de un mejor nivel de vida para los trabajadores y sus familias.<\/p>\n\n\n\n<p class=\"wp-block-paragraph\">Ante el deterioro de la oposici\u00f3n pol\u00edtica de izquierda o progresista, los sindicatos tienen hoy la posibilidad de frenar los planes de Milei. En los pr\u00f3ximos meses veremos si es posible, o finalmente ceden ante una correlaci\u00f3n de fuerzas que aparentemente no les favorece. No obstante, hay que recordar que los trabajadores argentinos han logrado cambiar la historia en otros momentos a\u00fan m\u00e1s sombr\u00edos. La movilizaci\u00f3n callejera a veces se ha impuesto ante un panorama electoral que presagiaba la continuidad de las pol\u00edticas neoliberales.<\/p>\n\n\n\n<p class=\"wp-block-paragraph\">saulescobar.blogspot.com<\/p>\n","protected":false},"excerpt":{"rendered":"<p>Sa\u00fal Escobar Toledo SemM\u00e9xico, Cd. de M\u00e9xico, 7 de noviembre, 2025.- Apenas se conocieron los resultados de la elecci\u00f3n del domingo 25 de octubre en Argentina, los cuales favorecieron al partido del presidente Milei, el mandatario anunci\u00f3 una reforma que busca, dijo, la \u201cmodernizaci\u00f3n laboral\u201d. Por este \u00faltimo t\u00e9rmino, seg\u00fan comentarios que recogi\u00f3 el diario [&hellip;]<\/p>\n","protected":false},"author":3,"featured_media":53790,"comment_status":"open","ping_status":"open","sticky":false,"template":"","format":"standard","meta":{"_monsterinsights_skip_tracking":false,"footnotes":""},"categories":[82,110,35],"tags":[],"class_list":["post-100251","post","type-post","status-publish","format-standard","has-post-thumbnail","category-la-opinion","category-la-opinion-columnas","category-opinion"],"_links":{"self":[{"href":"https:\/\/redsemlac.com\/semmexico\/wp-json\/wp\/v2\/posts\/100251","targetHints":{"allow":["GET"]}}],"collection":[{"href":"https:\/\/redsemlac.com\/semmexico\/wp-json\/wp\/v2\/posts"}],"about":[{"href":"https:\/\/redsemlac.com\/semmexico\/wp-json\/wp\/v2\/types\/post"}],"author":[{"embeddable":true,"href":"https:\/\/redsemlac.com\/semmexico\/wp-json\/wp\/v2\/users\/3"}],"replies":[{"embeddable":true,"href":"https:\/\/redsemlac.com\/semmexico\/wp-json\/wp\/v2\/comments?post=100251"}],"version-history":[{"count":0,"href":"https:\/\/redsemlac.com\/semmexico\/wp-json\/wp\/v2\/posts\/100251\/revisions"}],"wp:featuredmedia":[{"embeddable":true,"href":"https:\/\/redsemlac.com\/semmexico\/wp-json\/wp\/v2\/media\/53790"}],"wp:attachment":[{"href":"https:\/\/redsemlac.com\/semmexico\/wp-json\/wp\/v2\/media?parent=100251"}],"wp:term":[{"taxonomy":"category","embeddable":true,"href":"https:\/\/redsemlac.com\/semmexico\/wp-json\/wp\/v2\/categories?post=100251"},{"taxonomy":"post_tag","embeddable":true,"href":"https:\/\/redsemlac.com\/semmexico\/wp-json\/wp\/v2\/tags?post=100251"}],"curies":[{"name":"wp","href":"https:\/\/api.w.org\/{rel}","templated":true}]}}