{"id":100245,"date":"2025-11-07T18:21:05","date_gmt":"2025-11-08T00:21:05","guid":{"rendered":"https:\/\/redsemlac.com\/semmexico\/?p=100245"},"modified":"2025-11-07T18:21:05","modified_gmt":"2025-11-08T00:21:05","slug":"amnistia-internacional-llama-a-los-paises-europeos-a-respetar-el-aborto-como-un-derecho-y-no-un-delito","status":"publish","type":"post","link":"https:\/\/redsemlac.com\/semmexico\/amnistia-internacional-llama-a-los-paises-europeos-a-respetar-el-aborto-como-un-derecho-y-no-un-delito\/","title":{"rendered":"Amnist\u00eda Internacional llama a los pa\u00edses europeos a respetar el aborto como un derecho y no un delito"},"content":{"rendered":"\n<p class=\"wp-block-paragraph\">Elda Montiel<\/p>\n\n\n\n<p class=\"wp-block-paragraph\">SemM\u00e9xico., Cd. de M\u00e9xico, &nbsp;7 de noviembre, 2025.- Amnist\u00eda Internacional advierte que a pesar de los avances alcanzados en Europa se restringe el acceso al aborto de manera visible o invisible, impulsado por movimientos antiderechos que usan la desinformaci\u00f3n, miedo y argumentos racistas, que afecta a miles de mujeres que se ven obligadas a buscar servicios m\u00e9dicos en el extranjero ante las dificultades en sus naciones.<\/p>\n\n\n\n<p class=\"wp-block-paragraph\">La organizaci\u00f3n humanitaria m\u00e1s grande del mundo considera que el aborto no es un delito ni un privilegio, es un derecho humano, por lo que pide a los gobiernos europeos despenalizar el aborto, eliminar las barreras de acceso, proteger a quienes defienden los derechos reproductivos y garantizar un acceso igualitario, seguro y gratuito.<\/p>\n\n\n\n<p class=\"wp-block-paragraph\">El aborto es atenci\u00f3n sanitaria esencial. Negarlo o dificultarlo viola derechos humanos, incluidos el derecho a la salud, a la vida, a la privacidad y a no sufrir tratos crueles o degradantes.<\/p>\n\n\n\n<p class=\"wp-block-paragraph\">Precisa que aunque&nbsp; muchos pa\u00edses ha reformado sus leyes, persisten barreras: altos costos, falta de personal m\u00e9dico dispuesto; plazos de espera y asesoramiento obligatorios, objeci\u00f3n de conciencia, y limitaci\u00f3n gestacionales sin base m\u00e9dica.<\/p>\n\n\n\n<p class=\"wp-block-paragraph\">Estas trabas no afectan a todas las personas por igual. Las m\u00e1s golpeadas son las mujeres j\u00f3venes, las personas migrantes, LGBTIQ+, con discapacidad o en situaci\u00f3n de pobreza. Son quienes ya enfrentan m\u00faltiples formas de discriminaci\u00f3n.<\/p>\n\n\n\n<p class=\"wp-block-paragraph\">Amnist\u00eda dio a conocer el \u00faltimo Informe, titulado \u201cCuando los derechos no se respetan por igual para todas las personas: La lucha por acceder al aborto en Europa\u201d realizado en 40 pa\u00edses europeos, en los que revela que al menos 20 pa\u00edses imponen penalizaciones a quienes abortan fuera de los marcos legales.<\/p>\n\n\n\n<p class=\"wp-block-paragraph\">En al menos 12 pa\u00edses europeos siguen imponiendo plazos de espera obligatoria sin justificaci\u00f3n m\u00e9dica antes de poder acceder a un aborto legal, y 13 pa\u00edses imponen el asesoramiento obligatorio. Albania, Alemania, B\u00e9lgica, Hungr\u00eda, Letonia y Portugal obligan a cumplir ambos requisitos: la espera y el asesoramiento.<\/p>\n\n\n\n<p class=\"wp-block-paragraph\">En Hungr\u00eda, las mujeres que desean abortar est\u00e1n obligadas a escuchar los latidos del coraz\u00f3n del feto. En Turqu\u00eda, las mujeres casadas mayores de 18 a\u00f1os est\u00e1n obligadas por ley a obtener el consentimiento de su c\u00f3nyuge para interrumpir un embarazo dentro del plazo de 10 semanas.<\/p>\n\n\n\n<p class=\"wp-block-paragraph\">Tambi\u00e9n menciona que, aunque Espa\u00f1a ha avanzado con reformas como la implementaci\u00f3n de zonas de seguridad en cl\u00ednicas y la eliminaci\u00f3n de per\u00edodos de reflexi\u00f3n obligatorios, a\u00fan se enfrentan desaf\u00edos significativos, especialmente en comunidades que carecen de registros de objetores de conciencia, complicando la planificaci\u00f3n de servicios y obligando a algunas mujeres a desplazarse o recurrir a la sanidad privada.<\/p>\n\n\n\n<p class=\"wp-block-paragraph\">Las barreras<\/p>\n\n\n\n<p class=\"wp-block-paragraph\">Adem\u00e1s de los l\u00edmites gestacionales y la penalizaci\u00f3n, existen otras barreras importantes al acceso al aborto.<\/p>\n\n\n\n<p class=\"wp-block-paragraph\">El costo del acceso al aborto puede ser prohibitivo, es el caso de pa\u00edses como Alemania, Austria, Bosnia y Herzegovina, Bulgaria, Chipre, Croacia, Kosovo, Letonia, Macedonia del Norte, Montenegro, Rep\u00fablica Checa, Ruman\u00eda y Serbia.<\/p>\n\n\n\n<p class=\"wp-block-paragraph\">Incumplimiento en garantizar el acceso a los servicios de aborto por denegaci\u00f3n del servicio por motivos de conciencia, en pa\u00edses como Italia o Croacia las denegaciones de este tipo son muy frecuentes, y en Ruman\u00eda tambi\u00e9n est\u00e1n aumentando, y&nbsp; las autoridades no est\u00e1n tomando las medidas a las que est\u00e1n obligadas en virtud del derecho internacional.<\/p>\n\n\n\n<p class=\"wp-block-paragraph\">Las agresiones en contra del personal m\u00e9dico afuera de las cl\u00ednicas de salud sexual y reproductiva se han convertido en una barrera cada vez mayor para el acceso al aborto. En Polonia, un centro de abortos establecido en Varsovia en marzo de 2025 ha sido objeto de hostigamiento e intimidaci\u00f3n constantes por parte de grupos que protestan frente al edificio. En Austria, los proveedores de servicios de salud relacionados con el aborto sufren intimidaci\u00f3n, incluso a la puerta de sus cl\u00ednicas, mientras que los centros de planificaci\u00f3n familiar en Francia y los que ofrecen asesoramiento obligatorio en Alemania tambi\u00e9n han sido atacados por grupos antiderechos.<\/p>\n\n\n\n<p class=\"wp-block-paragraph\">Movimientos antiderechos<\/p>\n\n\n\n<p class=\"wp-block-paragraph\">El informe se\u00f1ala que los intentos de restringir el acceso al aborto en toda Europa est\u00e1n siendo dirigidos por un movimiento transnacional antig\u00e9nero bien financiado, integrado por instituciones y grupos conservadores y religiosos, centros de pensamiento, organizaciones de la sociedad civil y personas influyentes en los medios de comunicaci\u00f3n.<\/p>\n\n\n\n<p class=\"wp-block-paragraph\">En Croacia, la influencia de los pol\u00edticos antiderechos en el gobierno, junto con la creciente alianza entre quienes se oponen al aborto y la Iglesia cat\u00f3lica, ha dado lugar a repetidos intentos de imponer barreras al acceso al aborto. En Eslovaquia se han hecho varios intentos parlamentarios de restringir o prohibir el acceso al aborto, y las reformas constitucionales aprobadas en septiembre de 2025 erosionar\u00e1n significativamente los derechos reproductivos.<\/p>\n\n\n\n<p class=\"wp-block-paragraph\">Hungr\u00eda ha introducido nuevas barreras para acceder al aborto, a la anticoncepci\u00f3n y a la planificaci\u00f3n familiar, y, en Italia, el partido gobernante ha encabezado iniciativas legislativas para permitir que los grupos antiaborto y quienes \u201capoyan la maternidad\u201d accedan a los centros de asesoramiento obligatorios para las personas embarazadas que desean abortar legalmente.<\/p>\n\n\n\n<p class=\"wp-block-paragraph\"><\/p>\n","protected":false},"excerpt":{"rendered":"<p>Elda Montiel SemM\u00e9xico., Cd. de M\u00e9xico, &nbsp;7 de noviembre, 2025.- Amnist\u00eda Internacional advierte que a pesar de los avances alcanzados en Europa se restringe el acceso al aborto de manera visible o invisible, impulsado por movimientos antiderechos que usan la desinformaci\u00f3n, miedo y argumentos racistas, que afecta a miles de mujeres que se ven obligadas [&hellip;]<\/p>\n","protected":false},"author":3,"featured_media":100246,"comment_status":"open","ping_status":"open","sticky":false,"template":"","format":"standard","meta":{"_monsterinsights_skip_tracking":false,"footnotes":""},"categories":[748,694],"tags":[],"class_list":["post-100245","post","type-post","status-publish","format-standard","has-post-thumbnail","category-cultura-feminista","category-destacadas"],"_links":{"self":[{"href":"https:\/\/redsemlac.com\/semmexico\/wp-json\/wp\/v2\/posts\/100245","targetHints":{"allow":["GET"]}}],"collection":[{"href":"https:\/\/redsemlac.com\/semmexico\/wp-json\/wp\/v2\/posts"}],"about":[{"href":"https:\/\/redsemlac.com\/semmexico\/wp-json\/wp\/v2\/types\/post"}],"author":[{"embeddable":true,"href":"https:\/\/redsemlac.com\/semmexico\/wp-json\/wp\/v2\/users\/3"}],"replies":[{"embeddable":true,"href":"https:\/\/redsemlac.com\/semmexico\/wp-json\/wp\/v2\/comments?post=100245"}],"version-history":[{"count":0,"href":"https:\/\/redsemlac.com\/semmexico\/wp-json\/wp\/v2\/posts\/100245\/revisions"}],"wp:featuredmedia":[{"embeddable":true,"href":"https:\/\/redsemlac.com\/semmexico\/wp-json\/wp\/v2\/media\/100246"}],"wp:attachment":[{"href":"https:\/\/redsemlac.com\/semmexico\/wp-json\/wp\/v2\/media?parent=100245"}],"wp:term":[{"taxonomy":"category","embeddable":true,"href":"https:\/\/redsemlac.com\/semmexico\/wp-json\/wp\/v2\/categories?post=100245"},{"taxonomy":"post_tag","embeddable":true,"href":"https:\/\/redsemlac.com\/semmexico\/wp-json\/wp\/v2\/tags?post=100245"}],"curies":[{"name":"wp","href":"https:\/\/api.w.org\/{rel}","templated":true}]}}