{"id":10023,"date":"2019-07-23T00:37:30","date_gmt":"2019-07-23T00:37:30","guid":{"rendered":"https:\/\/redsemlac.com\/semmexico\/?p=10023"},"modified":"2023-07-21T14:51:22","modified_gmt":"2023-07-21T19:51:22","slug":"se-optimiza-la-terapia-antirretroviral-con-ahorros-por-mil-700-millones-de-pesos","status":"publish","type":"post","link":"https:\/\/redsemlac.com\/semmexico\/se-optimiza-la-terapia-antirretroviral-con-ahorros-por-mil-700-millones-de-pesos\/","title":{"rendered":"Se optimiza la terapia antirretroviral con ahorros por mil 700 millones de pesos"},"content":{"rendered":"\n<ul class=\"wp-block-list\"><li><strong>Urge\ncombatir el estigma y la discriminaci\u00f3n hacia la diversidad sexual y de g\u00e9nero en\npersonas que viven con VIH<\/strong><\/li><li><strong>Pidi\u00f3\na la poblaci\u00f3n con el virus que no dejen de exigir sus derechos<\/strong><\/li><li><strong>M\u00e1s\nde 35 millones de personas requieren asistencia humanitaria<\/strong><\/li><\/ul>\n\n\n\n<p class=\"wp-block-paragraph\"><strong>Redacci\u00f3n\n<\/strong><\/p>\n\n\n\n<p class=\"wp-block-paragraph\">SemM\u00e9xico. Ciudad de M\u00e9xico. 22 de julio 2019.- La\nestrategia mexicana frente a quienes viven con VIH busca combatir el estigma y\nla discriminaci\u00f3n hacia la diversidad sexual y de g\u00e9nero contra las personas\nque viven con esta enfermedad y garantizar servicios de salud integrados,\nincluyentes y profesionales con pol\u00edticas p\u00fablicas m\u00e1s efectivas, de modo que\ntodas las personas tengan el acceso a servicios integrales de prevenci\u00f3n y\natenci\u00f3n de calidad.<\/p>\n\n\n\n<p class=\"wp-block-paragraph\">Se trabaja en eliminar las barreras normativas y\njur\u00eddicas que dificultan el acceso a diagn\u00f3stico y tratamiento temprano y\nefectivo.<\/p>\n\n\n\n<p class=\"wp-block-paragraph\">As\u00ed lo dijo el titular de la Secretar\u00eda de Salud, Jorge\nAlcocer Varela al inaugurar en la Ciudad de M\u00e9xico, la 10\u00aa Conferencia Cient\u00edfica\nsobre VIH, organizada por la Sociedad Internacional de Sida, donde anunci\u00f3 que\nen lo que va de esta administraci\u00f3n se logr\u00f3 que M\u00e9xico tenga el mejor esquema\nantirretroviral para personas con el Virus de Inmunodeficiencia Humana (VIH),\ncon un ahorro acumulado de mil 700 millones de pesos.<\/p>\n\n\n\n<p class=\"wp-block-paragraph\">Para lograrlo, el funcionario federal afirm\u00f3 que la optimizaci\u00f3n\nterap\u00e9utica es resultado de la colaboraci\u00f3n entre academia, sociedad y\ngobierno.<\/p>\n\n\n\n<p class=\"wp-block-paragraph\">Ah\u00ed el presidente de la Sociedad Internacional de Sida y\ndirector cient\u00edfico de la IAS 2019, Anton Pozniak, destac\u00f3 que se necesita\ngarantizar la prevenci\u00f3n y el tratamiento contra el VIH, como parte de los\nesfuerzos globales<\/p>\n\n\n\n<p class=\"wp-block-paragraph\">Esta conferencia re\u00fane a m\u00e1s de cinco mil personas de 140\npa\u00edses, y ah\u00ed M\u00e9xico promueve el diagn\u00f3stico temprano, la vinculaci\u00f3n oportuna\na tratamiento y la supresi\u00f3n viral mediante terapias efectivas.<\/p>\n\n\n\n<p class=\"wp-block-paragraph\">Alcocer Varela explic\u00f3 a la audiencia&nbsp; que en la transformaci\u00f3n de la vida p\u00fablica\ndel pa\u00eds, se trabaja por un sistema de salud universal y gratuito, garantizando\nel acceso efectivo de toda la poblaci\u00f3n a la protecci\u00f3n de la salud, para revertir\nprocesos escler\u00f3ticos que impiden evolucionar o adaptarse a una nueva situaci\u00f3n\no planteamiento que afecta a &nbsp;la\nburocracia sanitaria, lo que ha cerrado puertas a las poblaciones clave y a\npersonas que viven con el virus.<\/p>\n\n\n\n<p class=\"wp-block-paragraph\">En M\u00e9xico, apunt\u00f3, adoptamos el compromiso global para\neliminar las barreras que disuaden a las personas de hacerse las pruebas de VIH\ny conocer su estado serol\u00f3gico, o que retardan el inicio de tratamiento e\nimpiden alcanzar la supresi\u00f3n viral sostenida.<\/p>\n\n\n\n<p class=\"wp-block-paragraph\">Reconoci\u00f3 que a\u00fan queda mucho camino por recorrer, tanto\nen innovaci\u00f3n cient\u00edfica como en su traducci\u00f3n hacia pol\u00edticas p\u00fablicas m\u00e1s\nefectivas, para lograr que todas las personas tengan acceso a servicios\nintegrales de prevenci\u00f3n y atenci\u00f3n de calidad.<\/p>\n\n\n\n<p class=\"wp-block-paragraph\">Al enviar un mensaje a las personas que viven con VIH, el\nsecretario de Salud los exhort\u00f3 a no abandonar el tratamiento antirretroviral y\na acudir al m\u00e9dico peri\u00f3dicamente, para ayudar a prevenir y a que inviten a\notras y otros a hacerse la prueba a tiempo. \u201cNo dejen de exigir sus derechos.\nEstamos con ustedes, ay\u00fadenos a llegar a tiempo. M\u00e1s ciencia, m\u00e1s ciencia y\nm\u00e1s, m\u00e1s conciencia\u201d.<\/p>\n\n\n\n<p class=\"wp-block-paragraph\">En su oportunidad, el presidente de la Sociedad Internacional\nde Sida y director cient\u00edfico de la IAS 2019, Anton Pozniak, advirti\u00f3 que las\npersonas que viven en estado de emergencia son especialmente vulnerables a\nnuevas infecciones, por lo que se necesita garantizar la prevenci\u00f3n y el\ntratamiento contra el VIH, como parte de los esfuerzos globales.<\/p>\n\n\n\n<figure class=\"wp-block-image\"><img decoding=\"async\" src=\"https:\/\/redsemlac.com\/semmexico\/wp-content\/uploads\/2019\/07\/EACkushXkAApCNH-1024x512.jpg\" alt=\"\" class=\"wp-image-10026\"\/><\/figure>\n\n\n\n<p class=\"wp-block-paragraph\">Anton Pozniak resalt\u00f3 que la crisis humanitaria que\nsufren algunas naciones amenaza el progreso global que se ha tenido para\nenfrentar la epidemia, ya que por ejemplo en Venezuela, de las 120 mil personas\nque viven con VIH, solo la mitad tiene acceso a antirretrovirales, y \u00fanicamente\nel 7 por ciento logr\u00f3 la supresi\u00f3n viral en 2017.<\/p>\n\n\n\n<p class=\"wp-block-paragraph\">En su intervenci\u00f3n, la directora cient\u00edfica local de IAS\n2019, Brenda Crabtree-Ram\u00edrez, indic\u00f3 que Am\u00e9rica Latina es una de las regiones\nm\u00e1s inequitativas del mundo, y los esfuerzos para controlar la epidemia s\u00f3lo\nser\u00e1n exitosos cuando las enormes diferencias de distribuci\u00f3n del ingreso se\nacorten.<\/p>\n\n\n\n<p class=\"wp-block-paragraph\">La Conferencia Mundial del Sida es una oportunidad para\nque los participantes demanden una acci\u00f3n urgente para enfrentar las\nnecesidades en salud de millones de personas afectadas por la crisis\nhumanitaria.<\/p>\n\n\n\n<p class=\"wp-block-paragraph\">M\u00e1s de 35 millones de personas alrededor del mundo\nnecesitan asistencia humanitaria como consecuencia de conflictos armados o\ndesastres naturales, que los coloca en un estado de emergencia constante y de\nnecesidad de atenci\u00f3n.<\/p>\n\n\n\n<figure class=\"wp-block-image\"><img loading=\"lazy\" decoding=\"async\" width=\"589\" height=\"393\" src=\"https:\/\/redsemlac.com\/semmexico\/wp-content\/uploads\/2019\/07\/image-6.png\" alt=\"\" class=\"wp-image-10027\"\/><\/figure>\n\n\n\n<p class=\"wp-block-paragraph\">Durante 10\u00aa. Conferencia Cient\u00edfica del VIH, (IAS2019) se\nre\u00fanen cient\u00edficos, qu\u00edmicos, instrumentadores de programas de salud,\nlegisladores y activistas, quienes analizar\u00e1n y compartir\u00e1n los avances para\ntratar esta enfermedad. Se abarcan \u00e1reas como: genotipo y resistencia al VIH,\nnuevas estrategias de tratamiento y medicamentos, incluidos los inhibidores de\nintegrasa; antirretrovirales inyectables e implantes para el tratamiento y\nprevenci\u00f3n del VIH, entre otros.<\/p>\n\n\n\n<p class=\"wp-block-paragraph\">SEM\/sl\/IL<\/p>\n","protected":false},"excerpt":{"rendered":"<p>Urge combatir el estigma y la discriminaci\u00f3n hacia la diversidad sexual y de g\u00e9nero en personas que viven con VIH<\/p>\n","protected":false},"author":3,"featured_media":10025,"comment_status":"open","ping_status":"open","sticky":false,"template":"","format":"standard","meta":{"_monsterinsights_skip_tracking":false,"footnotes":""},"categories":[690,51],"tags":[],"class_list":["post-10023","post","type-post","status-publish","format-standard","has-post-thumbnail","category-690","category-ejecutivo"],"_links":{"self":[{"href":"https:\/\/redsemlac.com\/semmexico\/wp-json\/wp\/v2\/posts\/10023","targetHints":{"allow":["GET"]}}],"collection":[{"href":"https:\/\/redsemlac.com\/semmexico\/wp-json\/wp\/v2\/posts"}],"about":[{"href":"https:\/\/redsemlac.com\/semmexico\/wp-json\/wp\/v2\/types\/post"}],"author":[{"embeddable":true,"href":"https:\/\/redsemlac.com\/semmexico\/wp-json\/wp\/v2\/users\/3"}],"replies":[{"embeddable":true,"href":"https:\/\/redsemlac.com\/semmexico\/wp-json\/wp\/v2\/comments?post=10023"}],"version-history":[{"count":0,"href":"https:\/\/redsemlac.com\/semmexico\/wp-json\/wp\/v2\/posts\/10023\/revisions"}],"wp:featuredmedia":[{"embeddable":true,"href":"https:\/\/redsemlac.com\/semmexico\/wp-json\/wp\/v2\/media\/10025"}],"wp:attachment":[{"href":"https:\/\/redsemlac.com\/semmexico\/wp-json\/wp\/v2\/media?parent=10023"}],"wp:term":[{"taxonomy":"category","embeddable":true,"href":"https:\/\/redsemlac.com\/semmexico\/wp-json\/wp\/v2\/categories?post=10023"},{"taxonomy":"post_tag","embeddable":true,"href":"https:\/\/redsemlac.com\/semmexico\/wp-json\/wp\/v2\/tags?post=10023"}],"curies":[{"name":"wp","href":"https:\/\/api.w.org\/{rel}","templated":true}]}}