{"id":100224,"date":"2025-11-05T17:09:52","date_gmt":"2025-11-05T23:09:52","guid":{"rendered":"https:\/\/redsemlac.com\/semmexico\/?p=100224"},"modified":"2025-11-05T17:09:53","modified_gmt":"2025-11-05T23:09:53","slug":"seguridad-de-sheinbaum-cuenta-con-20-integrantes-de-la-direccion-de-ayudantia","status":"publish","type":"post","link":"https:\/\/redsemlac.com\/semmexico\/seguridad-de-sheinbaum-cuenta-con-20-integrantes-de-la-direccion-de-ayudantia\/","title":{"rendered":"Seguridad de Sheinbaum cuenta con 20 integrantes de la Direcci\u00f3n de Ayudant\u00eda"},"content":{"rendered":"\n<p class=\"wp-block-paragraph\">La mandataria federal descart\u00f3 cambios o despidos en su equipo de seguridad tras el acoso sexual que sufri\u00f3 el martes.&nbsp;\/&nbsp;Foto: Presidencia<\/p>\n\n\n\n<p class=\"wp-block-paragraph\">Desde su llegada a la presidencia, Sheinbaum dio continuidad al sistema de seguridad empleado por AMLO, quien desapareci\u00f3 al Estado Mayor Presidencial y opt\u00f3 por un esquema de \u201cAyudant\u00eda\u201d<\/p>\n\n\n\n<p class=\"wp-block-paragraph\">Aldo Canedo<\/p>\n\n\n\n<p class=\"wp-block-paragraph\">SemM\u00e9xico \/ El Sol de M\u00e9xico, 5&nbsp; de noviembre, 2025.- La&nbsp;presidenta Claudia Sheinbaum Pardo&nbsp;vivi\u00f3 un episodio de&nbsp;acoso sexual&nbsp;durante un&nbsp;recorrido a pie en el Centro Hist\u00f3rico&nbsp;de la Ciudad de M\u00e9xico. Al sujeto identificado como&nbsp;Ulises \u201cN\u201d&nbsp;se le detuvo y desde la noche del 4 de noviembre fue&nbsp;presentado ante la Fiscal\u00eda capitalina.<\/p>\n\n\n\n<p class=\"wp-block-paragraph\">El caso deriv\u00f3 en&nbsp;cuestionamientos hacia la seguridad de la mandataria mexicana, quien en la conferencia matutina de este martes&nbsp;descart\u00f3 cambios o despidos en su equipo de seguridad.<\/p>\n\n\n\n<p class=\"wp-block-paragraph\">Desde su llegada a la Presidencia,&nbsp;Sheinbaum dio continuidad al sistema de seguridad&nbsp;empleado por el expresidente&nbsp;Andr\u00e9s Manuel L\u00f3pez Obrador,&nbsp;quien anunci\u00f3 en 2018 la&nbsp;desaparici\u00f3n del antiguo Estado Mayor Presidencial&nbsp;y&nbsp;opt\u00f3 por un esquema de \u201cAyudant\u00eda\u201d.<\/p>\n\n\n\n<p class=\"wp-block-paragraph\">Es decir, la&nbsp;Presidencia de la Rep\u00fablica&nbsp;pas\u00f3 de tener un&nbsp;equipo de militares especializados en seguridad interior&nbsp;dedicados por completo a salvaguardar la seguridad y vida de los m\u00e1ximos mandatarios, a un&nbsp;equipo de log\u00edstica y organizaci\u00f3n no necesariamente especializados en seguridad.<\/p>\n\n\n\n<p class=\"wp-block-paragraph\">De acuerdo con el&nbsp;Portal Nacional de Transparencia, Sheinbaum Pardo cuenta con&nbsp;31 integrantes en la Direcci\u00f3n General de Ayudant\u00eda, de los cuales&nbsp;siete est\u00e1n registrados como Directores de \u00c1rea: Mario Esperanza Dom\u00ednguez; Miguel Oscar Casillas Sandoval; V\u00edctor Hugo Castro, Valeriano; Ram\u00f3n Antonio Torres Morales; Juan Rodrigo Sandoval Bonilla; Jimena Moreno Zertuche; y Carlos Javier Casta\u00f1os Villase\u00f1or.<\/p>\n\n\n\n<p class=\"wp-block-paragraph\">Adem\u00e1s,&nbsp;hay 12 personas registradas en la Subdirecci\u00f3n de Ayudant\u00eda,&nbsp;sumado a un&nbsp;jefe de Unidad: Juan Jos\u00e9 Ram\u00edrez Mendoza.<\/p>\n\n\n\n<p class=\"wp-block-paragraph\">Seg\u00fan el propio portal, los miembros de la Ayudant\u00eda de Sheinbaum cobran&nbsp;salarios que van de los 45 mil a los 65 mil pesos netos mensuales.<\/p>\n\n\n\n<p class=\"wp-block-paragraph\">La Ayudant\u00eda es parte importante alrededor de la Presidenta, pues es un equipo de asistentes operativos y de log\u00edstica. Su funci\u00f3n es&nbsp;acompa\u00f1ar, organizar y facilitar las actividades y movimientos de la Presidenta, aunque no cuentan con preparaci\u00f3n espec\u00edfica en materia de seguridad, pues&nbsp;no est\u00e1n armados ni entrenados como escoltas.<\/p>\n\n\n\n<p class=\"wp-block-paragraph\">Cuando L\u00f3pez Obrador extingui\u00f3 el&nbsp;Estado Mayor Presidencial&nbsp;(EMP) en 2018, argument\u00f3 que era una&nbsp;instituci\u00f3n cara, excesiva, privilegiada y alejada del pueblo.<\/p>\n\n\n\n<p class=\"wp-block-paragraph\">Su discurso fue que \u00e9l no necesitaba un cuerpo \u00e9lite para protegerlo, porque&nbsp;\u201cel pueblo lo cuidaba\u201d.<\/p>\n\n\n\n<p class=\"wp-block-paragraph\">Si bien se manej\u00f3 el discurso de la extinci\u00f3n del EMP, un&nbsp;reportaje de Mexicanos contra la Corrupci\u00f3n y la Impunidad (MCCI)&nbsp;revel\u00f3 que, para 2021, este organismo se encontraba \u201cen receso\u201d por orden del Secretario de la Defensa Nacional y la&nbsp;iniciativa para su desaparici\u00f3n qued\u00f3 congelada&nbsp;en el Congreso de la Uni\u00f3n.<\/p>\n\n\n\n<p class=\"wp-block-paragraph\">Pese a lo vivido&nbsp; &#8211; acoso o abuso sexual- y&nbsp; sufrido la tarde del martes, la&nbsp;presidenta Claudia Sheinbaum&nbsp;asegur\u00f3 que&nbsp;no dejar\u00e1 de caminar sobre las calles:<\/p>\n\n\n\n<p class=\"wp-block-paragraph\">\u201cNosotros&nbsp;no vamos a cambiar la manera en que somos. Nosotros no podemos estar lejos de la gente, eso ser\u00eda negar de d\u00f3nde venimos y c\u00f3mo somos. Nuestros compa\u00f1eros de Ayudant\u00eda nos van a seguir apoyando, pero&nbsp;tenemos que estar cerca de la gente\u201d, declar\u00f3 la mandataria federal.<\/p>\n\n\n\n<p class=\"wp-block-paragraph\">\u201cNo pienso reforzar la seguridad. La decisi\u00f3n de ayer de caminar a la SEP la he tomado en los estados tambi\u00e9n. Ahora, si el gabinete de seguridad, el secretario o el Sistema Nacional de Seguridad me dicen:&nbsp;\u2018hay una alerta contra usted\u2019, bueno pues entonces hay que ver si fuerzas la seguridad; hasta el momento no hay ninguna alerta en contra m\u00eda. Entonces mientras eso no ocurra,&nbsp;nosotros seguimos caminando cerca de la gente, porque lo otro ser\u00eda aislarse y la gente nos cuida\u201d, subray\u00f3 la Presidenta.<\/p>\n\n\n\n<p class=\"wp-block-paragraph\"><a href=\"https:\/\/oem.com.mx\/elsoldemexico\/analisis\/autor\/aldo-canedo-3441\">Aldo&nbsp;Canedo<\/a><\/p>\n\n\n\n<p class=\"wp-block-paragraph\">Canedo, sin e\u00f1e ni ele. Reportero de finales del 99. Me gusta investigar, preguntar, contar y redactar. Cubro temas de seguridad y justicia. Aqu\u00ed y all\u00e1.&nbsp;<\/p>\n","protected":false},"excerpt":{"rendered":"<p>La mandataria federal descart\u00f3 cambios o despidos en su equipo de seguridad tras el acoso sexual que sufri\u00f3 el martes.&nbsp;\/&nbsp;Foto: Presidencia Desde su llegada a la presidencia, Sheinbaum dio continuidad al sistema de seguridad empleado por AMLO, quien desapareci\u00f3 al Estado Mayor Presidencial y opt\u00f3 por un esquema de \u201cAyudant\u00eda\u201d Aldo Canedo SemM\u00e9xico \/ El [&hellip;]<\/p>\n","protected":false},"author":3,"featured_media":100225,"comment_status":"open","ping_status":"open","sticky":false,"template":"","format":"standard","meta":{"_monsterinsights_skip_tracking":false,"footnotes":""},"categories":[903],"tags":[],"class_list":["post-100224","post","type-post","status-publish","format-standard","has-post-thumbnail","category-presidenta-y-mas"],"_links":{"self":[{"href":"https:\/\/redsemlac.com\/semmexico\/wp-json\/wp\/v2\/posts\/100224","targetHints":{"allow":["GET"]}}],"collection":[{"href":"https:\/\/redsemlac.com\/semmexico\/wp-json\/wp\/v2\/posts"}],"about":[{"href":"https:\/\/redsemlac.com\/semmexico\/wp-json\/wp\/v2\/types\/post"}],"author":[{"embeddable":true,"href":"https:\/\/redsemlac.com\/semmexico\/wp-json\/wp\/v2\/users\/3"}],"replies":[{"embeddable":true,"href":"https:\/\/redsemlac.com\/semmexico\/wp-json\/wp\/v2\/comments?post=100224"}],"version-history":[{"count":0,"href":"https:\/\/redsemlac.com\/semmexico\/wp-json\/wp\/v2\/posts\/100224\/revisions"}],"wp:featuredmedia":[{"embeddable":true,"href":"https:\/\/redsemlac.com\/semmexico\/wp-json\/wp\/v2\/media\/100225"}],"wp:attachment":[{"href":"https:\/\/redsemlac.com\/semmexico\/wp-json\/wp\/v2\/media?parent=100224"}],"wp:term":[{"taxonomy":"category","embeddable":true,"href":"https:\/\/redsemlac.com\/semmexico\/wp-json\/wp\/v2\/categories?post=100224"},{"taxonomy":"post_tag","embeddable":true,"href":"https:\/\/redsemlac.com\/semmexico\/wp-json\/wp\/v2\/tags?post=100224"}],"curies":[{"name":"wp","href":"https:\/\/api.w.org\/{rel}","templated":true}]}}