{"id":100218,"date":"2025-11-05T11:39:17","date_gmt":"2025-11-05T17:39:17","guid":{"rendered":"https:\/\/redsemlac.com\/semmexico\/?p=100218"},"modified":"2025-11-05T11:39:18","modified_gmt":"2025-11-05T17:39:18","slug":"sheinbaum-levanta-denuncia-contra-acosador-busca-tipificar-delito-en-todo-el-pais","status":"publish","type":"post","link":"https:\/\/redsemlac.com\/semmexico\/sheinbaum-levanta-denuncia-contra-acosador-busca-tipificar-delito-en-todo-el-pais\/","title":{"rendered":"Sheinbaum levanta denuncia contra acosador; busca tipificar delito en todo el pa\u00eds"},"content":{"rendered":"\n<p class=\"wp-block-paragraph\">Claudia Sheinbaum fue v\u00edctima de acoso por parte de un sujeto en estado de ebriedad&nbsp;\/&nbsp;Foto: Mois\u00e9s Pablo Nava \/ Cuartoscuro.com<\/p>\n\n\n\n<p class=\"wp-block-paragraph\">La mandataria dijo en su conferencia matutina que present\u00f3 una denuncia contra el sujeto que la acos\u00f3 el d\u00eda de ayer en el Centro Hist\u00f3rico<\/p>\n\n\n\n<p class=\"wp-block-paragraph\">Jorge Salcedo<\/p>\n\n\n\n<p class=\"wp-block-paragraph\">SemM\u00e9xico \/ El Sol de M\u00e9xico, 5 de diciembre, 2025.- En su conferencia matutina, la Presidenta de la Rep\u00fablica,&nbsp;Claudia Sheinbaum Pardo, dijo quelevand\u00f3 una denuncia contra el hombre que la acos\u00f3&nbsp;durante su caminata por el Centro Hist\u00f3rico hacia las oficinas de la Secretar\u00eda de Educaci\u00f3n P\u00fablica y anunci\u00f3 que su gobierno&nbsp;trabaja en una campa\u00f1a nacional en contra del acoso a las mujeres.<\/p>\n\n\n\n<p class=\"wp-block-paragraph\">La mandataria explic\u00f3 que&nbsp;tom\u00f3 la decisi\u00f3n de presentar la denuncia&nbsp;ante la Fiscal\u00eda de Justicia de la Ciudad de M\u00e9xico debido a su experiencia como mujer en temas de acoso.<\/p>\n\n\n\n<p class=\"wp-block-paragraph\">\u201cLo he vivido antes cuando no era presidenta, como alcaldesa, como joven estudiante. (&#8230;) Mi reflexi\u00f3n es: si no presento yo denuncia, \u00bfen qu\u00e9 condici\u00f3n est\u00e1n todas las mujeres del pa\u00eds?\u201d, declar\u00f3 la presidenta Sheinbaum.<\/p>\n\n\n\n<p class=\"wp-block-paragraph\">Dijo que muchas mujeres tienen que enfrentar ese proceso de denunciar; dijo que el acoso lo padecen miles de mujeres. Explic\u00f3 que para esa campa\u00f1a dio instrucciones a la Secretar\u00eda de las Mujeres.<\/p>\n\n\n\n<p class=\"wp-block-paragraph\">Paralelamente la oficina de comunicaci\u00f3n social distribuy\u00f3 informaci\u00f3n sobre estad\u00edsticas de acoso. Mientras en redes sociales hay una pol\u00e9mica sobre lo que vivi\u00f3 la presidenta y c\u00f3mo se est\u00e1 tomando desde los c\u00edrculos oficiales.<\/p>\n\n\n\n<p class=\"wp-block-paragraph\">El martes 4 de noviembre la presidenta sali\u00f3 de Palacio Nacional a pie para un evento de la SEP a unas calles del Z\u00f3calo, por lo que la presidenta y su equipo caminaron a un costado del Templo Mayor en la Ciudad de M\u00e9xico en donde se encontraron con j\u00f3venes quienes le solicitaron fotografiarse con ella. Videos publicados en redes sociales muestran como&nbsp;un hombre se acerca para intentar tocarla&nbsp;sin su consentimiento.<\/p>\n\n\n\n<p class=\"wp-block-paragraph\">Sheinbaum dijo que este es un delito del fuero com\u00fan en la Ciudad de M\u00e9xico, sin embargo&nbsp;no es el mismo caso en todos los estados de la Rep\u00fablica, por lo que adem\u00e1s de presentar su denuncia le solicit\u00f3 a la secretaria de las Mujeres, Citlalli Hern\u00e1ndez, que revise en qu\u00e9 estados es delito penal realizar estos actos.<\/p>\n\n\n\n<p class=\"wp-block-paragraph\">\u201cNo podemos dejarlo pasar, es un asunto de la dignidad de las mujeres\u201d, apunt\u00f3.<\/p>\n\n\n\n<p class=\"wp-block-paragraph\"><a href=\"https:\/\/oem.com.mx\/elsoldemexico\/analisis\/autor\/jorge-salcedo-3754\">Jorge&nbsp;Salcedo: <\/a>Reportero de medio ambiente, derechos humanos y temas religiosos. Me gusta contar historias en las que se cruzan la ciencia, la vida cotidiana y los n\u00fameros. Ciclista urbano, cocinero ocasional y amante del caf\u00e9 de especialidad.<\/p>\n","protected":false},"excerpt":{"rendered":"<p>Claudia Sheinbaum fue v\u00edctima de acoso por parte de un sujeto en estado de ebriedad&nbsp;\/&nbsp;Foto: Mois\u00e9s Pablo Nava \/ Cuartoscuro.com La mandataria dijo en su conferencia matutina que present\u00f3 una denuncia contra el sujeto que la acos\u00f3 el d\u00eda de ayer en el Centro Hist\u00f3rico Jorge Salcedo SemM\u00e9xico \/ El Sol de M\u00e9xico, 5 de [&hellip;]<\/p>\n","protected":false},"author":3,"featured_media":100219,"comment_status":"open","ping_status":"open","sticky":false,"template":"","format":"standard","meta":{"_monsterinsights_skip_tracking":false,"footnotes":""},"categories":[903],"tags":[],"class_list":["post-100218","post","type-post","status-publish","format-standard","has-post-thumbnail","category-presidenta-y-mas"],"_links":{"self":[{"href":"https:\/\/redsemlac.com\/semmexico\/wp-json\/wp\/v2\/posts\/100218","targetHints":{"allow":["GET"]}}],"collection":[{"href":"https:\/\/redsemlac.com\/semmexico\/wp-json\/wp\/v2\/posts"}],"about":[{"href":"https:\/\/redsemlac.com\/semmexico\/wp-json\/wp\/v2\/types\/post"}],"author":[{"embeddable":true,"href":"https:\/\/redsemlac.com\/semmexico\/wp-json\/wp\/v2\/users\/3"}],"replies":[{"embeddable":true,"href":"https:\/\/redsemlac.com\/semmexico\/wp-json\/wp\/v2\/comments?post=100218"}],"version-history":[{"count":0,"href":"https:\/\/redsemlac.com\/semmexico\/wp-json\/wp\/v2\/posts\/100218\/revisions"}],"wp:featuredmedia":[{"embeddable":true,"href":"https:\/\/redsemlac.com\/semmexico\/wp-json\/wp\/v2\/media\/100219"}],"wp:attachment":[{"href":"https:\/\/redsemlac.com\/semmexico\/wp-json\/wp\/v2\/media?parent=100218"}],"wp:term":[{"taxonomy":"category","embeddable":true,"href":"https:\/\/redsemlac.com\/semmexico\/wp-json\/wp\/v2\/categories?post=100218"},{"taxonomy":"post_tag","embeddable":true,"href":"https:\/\/redsemlac.com\/semmexico\/wp-json\/wp\/v2\/tags?post=100218"}],"curies":[{"name":"wp","href":"https:\/\/api.w.org\/{rel}","templated":true}]}}