{"id":10020,"date":"2019-07-23T00:19:39","date_gmt":"2019-07-23T00:19:39","guid":{"rendered":"https:\/\/redsemlac.com\/semmexico\/?p=10020"},"modified":"2023-07-21T14:51:22","modified_gmt":"2023-07-21T19:51:22","slug":"allanan-su-domicilio-y-roban-informacion-a-la-periodista-lydia-cacho","status":"publish","type":"post","link":"https:\/\/redsemlac.com\/semmexico\/allanan-su-domicilio-y-roban-informacion-a-la-periodista-lydia-cacho\/","title":{"rendered":"Allanan su domicilio y roban informaci\u00f3n a la periodista Lydia Cacho"},"content":{"rendered":"\n<p class=\"wp-block-paragraph\"><strong>Dos sujetos\ndesconocidos allanaron el d\u00eda de ayer el domicilio de la periodista y defensora\nde derechos humanos.<\/strong><\/p>\n\n\n\n<p class=\"wp-block-paragraph\"><strong>Redacci\u00f3n<\/strong><\/p>\n\n\n\n<p class=\"wp-block-paragraph\">SemM\u00e9xico\/Article 19. Ciudad de M\u00e9xico, a 22 de julio de\n2019.- Dos sujetos desconocidos allanaron el d\u00eda de ayer el domicilio de la\nperiodista y defensora de derechos humanos Lydia Cacho. Robaron equipo de\ntrabajo y material period\u00edstico altamente sensible, adem\u00e1s mataron a una perra\nque proteg\u00eda la casa y otra fue envenenada. Se trata de un acto de represalia\npor su ejercicio de defensa de derechos humanos y de su libertad de expresi\u00f3n.<\/p>\n\n\n\n<p class=\"wp-block-paragraph\">Los agresores irrumpieron al domicilio en Puerto Morelos,\nQuintana Roo, a las 18:30 hrs, aproximadamente, despu\u00e9s de romper los cables de\nlas c\u00e1maras de seguridad y desactivar la alarma. Sustrajeron equipo de trabajo,\nincluyendo una grabadora de audio, 3 c\u00e1maras fotogr\u00e1ficas, varias tarjetas de\nmemoria, una computadora port\u00e1til, y 10 discos duros con informaci\u00f3n de alto\ninter\u00e9s p\u00fablico relacionada con casos de pederastia. Afortunadamente, la\nperiodista tiene respaldos de seguridad en el extranjero.&nbsp; <\/p>\n\n\n\n<p class=\"wp-block-paragraph\">Adem\u00e1s del robo de informaci\u00f3n, desordenaron su recamara,\ndestrozaron objetos, entre ellos fotograf\u00edas familiares y ropa interior, y\nmataron a una perra que proteg\u00eda la casa y a otra la envenenaron.<\/p>\n\n\n\n<p class=\"wp-block-paragraph\">Esto sucede en el contexto de la b\u00fasqueda de justicia de\nLydia Cacho por la tortura a la que fue sometida en 2005 por parte de un grupo\ncriminal de poder encabezado por altos funcionarios y empresarios de los\nestados de Puebla y Quintana Roo. El Comit\u00e9 de Derechos Humanos (CDH) de la\nOrganizaci\u00f3n de las Naciones Unidas (ONU) declar\u00f3 a M\u00e9xico responsable por la violaci\u00f3n\na sus derechos humanos, por la tortura a la que fue sujeta y por la falta de\ndebida diligencia en la investigaci\u00f3n. Todo esto como consecuencia de la\npublicaci\u00f3n del libro \u201cLos demonios del ed\u00e9n\u201d en el cual se exhibe una red de\npederastas que opera en los Estados mencionados. La periodista, sin embargo,\nsigue investigando casos de su especialidad period\u00edstica.<\/p>\n\n\n\n<p class=\"wp-block-paragraph\">Expertos en seguridad, consultados por la periodista despu\u00e9s\ndel allanamiento, aseguran que \u201ciban por ella\u201d y que, afortunadamente, no se\nencontraba en su hogar.<\/p>\n\n\n\n<p class=\"wp-block-paragraph\">Cabe destacar que, como consecuencia del dictamen del CDH de\nla ONU, la Fiscal\u00eda Especial para la Atenci\u00f3n de Delitos cometidos contra la\nLibertad de Expresi\u00f3n (FEADLE) gir\u00f3 el pasado 11 de abril \u00f3rdenes de\naprehensi\u00f3n contra Mario Mar\u00edn Torres (ex gobernador de Puebla), Kamel Nacif,\nJuan S\u00e1nchez Moreno y Hugo Adolfo Karam, por su probable responsabilidad como\nautores intelectuales por los hechos de tortura en contra de la periodista. <\/p>\n\n\n\n<p class=\"wp-block-paragraph\">Para ARTICLE 19, las agresiones del d\u00eda de ayer constituyen\nun ataque frontal a la b\u00fasqueda de justicia de Lydia, que ha llevado m\u00e1s de 14\na\u00f1os. En su momento el CDH se\u00f1al\u00f3 que \u201clas agresiones que sufri\u00f3 la periodista\nhab\u00edan sido focalizadas y con contenido discriminatorio en raz\u00f3n de g\u00e9nero y\nconnotaci\u00f3n sexual\u201d. El mismo patr\u00f3n sucedido en el 2005 se repite en las\nagresiones de ayer; la ruptura de fotos familiares, de su ropa \u00edntima y el\nasesinato de su perra, pretenden dar un mensaje amenazador e intimidante para\nla periodista.&nbsp;&nbsp; <\/p>\n\n\n\n<p class=\"wp-block-paragraph\">El allanamiento y la sustracci\u00f3n de material period\u00edstico\ncon informaci\u00f3n de inter\u00e9s p\u00fablico figuran como elementos intimidatorios que pretenden\ngenerar un efecto inhibidor en el activismo, defensa derechos humanos y\nejercicio de la libertad de expresi\u00f3n de Lydia Cacho, quien hoy es una\nreferencia a nivel internacional sobre el ejercicio period\u00edstico y la defensa\nde derechos humanos de las mujeres y la ni\u00f1ez. <\/p>\n\n\n\n<p class=\"wp-block-paragraph\">Por ello, a pocos d\u00edas del primer aniversario del dictamen\ndel Comit\u00e9 de Derechos Humanos de la ONU y a casi 5 meses de la disculpa\np\u00fablica del Estado mexicano en que se reconocieron las violaciones a los\nderechos humanos de la periodista y se comprometi\u00f3 a lograr una reparaci\u00f3n\nintegral del da\u00f1o y todas las medidas para garantizar su vida, integridad y\nlibertad de expresi\u00f3n, ARTICLE 19 exige a la Secretar\u00eda de Gobernaci\u00f3n y a la\nFiscal\u00eda General de la Rep\u00fablica, especialmente a la FEADLE, se cumplan las\ngarant\u00edas de no repetici\u00f3n, se garantice su seguridad y su vida en todo momento\ny se sancione a los responsables de estos hechos.<\/p>\n\n\n\n<p class=\"wp-block-paragraph\">SEM\/Article 19<\/p>\n","protected":false},"excerpt":{"rendered":"<p>\ufeffDos sujetos desconocidos allanaron el d\u00eda de ayer el domicilio de la periodista y defensora de derechos humanos.<\/p>\n","protected":false},"author":3,"featured_media":10021,"comment_status":"open","ping_status":"open","sticky":false,"template":"","format":"standard","meta":{"_monsterinsights_skip_tracking":false,"footnotes":""},"categories":[690,55],"tags":[],"class_list":["post-10020","post","type-post","status-publish","format-standard","has-post-thumbnail","category-690","category-periodistas"],"_links":{"self":[{"href":"https:\/\/redsemlac.com\/semmexico\/wp-json\/wp\/v2\/posts\/10020","targetHints":{"allow":["GET"]}}],"collection":[{"href":"https:\/\/redsemlac.com\/semmexico\/wp-json\/wp\/v2\/posts"}],"about":[{"href":"https:\/\/redsemlac.com\/semmexico\/wp-json\/wp\/v2\/types\/post"}],"author":[{"embeddable":true,"href":"https:\/\/redsemlac.com\/semmexico\/wp-json\/wp\/v2\/users\/3"}],"replies":[{"embeddable":true,"href":"https:\/\/redsemlac.com\/semmexico\/wp-json\/wp\/v2\/comments?post=10020"}],"version-history":[{"count":0,"href":"https:\/\/redsemlac.com\/semmexico\/wp-json\/wp\/v2\/posts\/10020\/revisions"}],"wp:featuredmedia":[{"embeddable":true,"href":"https:\/\/redsemlac.com\/semmexico\/wp-json\/wp\/v2\/media\/10021"}],"wp:attachment":[{"href":"https:\/\/redsemlac.com\/semmexico\/wp-json\/wp\/v2\/media?parent=10020"}],"wp:term":[{"taxonomy":"category","embeddable":true,"href":"https:\/\/redsemlac.com\/semmexico\/wp-json\/wp\/v2\/categories?post=10020"},{"taxonomy":"post_tag","embeddable":true,"href":"https:\/\/redsemlac.com\/semmexico\/wp-json\/wp\/v2\/tags?post=10020"}],"curies":[{"name":"wp","href":"https:\/\/api.w.org\/{rel}","templated":true}]}}