{"id":100196,"date":"2025-11-05T10:11:03","date_gmt":"2025-11-05T16:11:03","guid":{"rendered":"https:\/\/redsemlac.com\/semmexico\/?p=100196"},"modified":"2025-11-05T10:11:03","modified_gmt":"2025-11-05T16:11:03","slug":"la-meta-vacunar-a-2-5-millones-de-ninas-y-ninos-contra-el-vph-en-la-campana-2025","status":"publish","type":"post","link":"https:\/\/redsemlac.com\/semmexico\/la-meta-vacunar-a-2-5-millones-de-ninas-y-ninos-contra-el-vph-en-la-campana-2025\/","title":{"rendered":"La meta vacunar a 2.5 millones de ni\u00f1as y ni\u00f1os contra el VPH en la campa\u00f1a 2025"},"content":{"rendered":"\n<p class=\"wp-block-paragraph\">Elda Montiel&nbsp;<\/p>\n\n\n\n<p class=\"wp-block-paragraph\">SemM\u00e9xico, Cd. de M\u00e9xico, 5 de noviembre, 2025.- La campa\u00f1a de vacunaci\u00f3n contra el Virus del Papiloma Humano (VPH) 2025 tiene como meta vacunar a 2.5 millones de ni\u00f1as y ni\u00f1os inform\u00f3 David Kershenobich Stalnikowitz, secretario de Salud como parte de la estrategia para erradicar el c\u00e1ncer cervicouterino en M\u00e9xico.<\/p>\n\n\n\n<p class=\"wp-block-paragraph\">El anuncio se dio, durante la conferencia de prensa matutina del martes 4 de noviembre, de la presidenta Claudia Sheinbaum Pardo donde el funcionario federal destac\u00f3 que por primera vez la campa\u00f1a tambi\u00e9n se dirige a varones en el mismo rango de edad para garantizar la equidad en la prevenci\u00f3n.<\/p>\n\n\n\n<p class=\"wp-block-paragraph\">Kershenobich destac\u00f3 que a partir de este a\u00f1o se incorpor\u00f3 la vacunaci\u00f3n a las ni\u00f1as y&nbsp; ni\u00f1os de quinto de primaria y de 11 a\u00f1os no escolarizados. Los grupos de edades que pueden vacunarse son menores de 12 a 16 a\u00f1os sin antecedente vacunal, personas de 11 a 49 a\u00f1os que viven con VIH, y adolescentes v\u00edctimas de violencia sexual.<\/p>\n\n\n\n<p class=\"wp-block-paragraph\">Inform\u00f3 que del 25 al 31 de octubre del 2025 se registr\u00f3 la aplicaci\u00f3n de 960 mil 548, lo que representa el 42.6% de la meta nacional.&nbsp;<\/p>\n\n\n\n<p class=\"wp-block-paragraph\">Detall\u00f3 que la Organizaci\u00f3n Mundial de la Salud en coordinaci\u00f3n con la Organizaci\u00f3n Panamericana de la Salud lanz\u00f3 la Estrategia Global de Eliminaci\u00f3n del C\u00e1ncer Cervicouterino que es la segunda causa de muerte en mujeres y se puede eliminar.&nbsp;&nbsp;<\/p>\n\n\n\n<p class=\"wp-block-paragraph\">En este marco se\u00f1al\u00f3 que el gobierno de M\u00e9xico, fortaleci\u00f3 y promovi\u00f3 diversas campa\u00f1as de salud que permitieron la aplicaci\u00f3n de 2 millones 229 mil 617 vacunas desde 2024 hasta ahora.<\/p>\n\n\n\n<p class=\"wp-block-paragraph\">Precis\u00f3 que la vacuna utilizada durante la campa\u00f1a es la que \u00abm\u00e1s protege\u00bb. Esta es la nona Valente. As\u00ed, se protege no s\u00f3lo a las ni\u00f1as de desarrollar c\u00e1ncer cervicouterino, sino tambi\u00e9n a los ni\u00f1os para que evitar que padezcan c\u00e1ncer de vejiga, por ejemplo.<\/p>\n\n\n\n<p class=\"wp-block-paragraph\">Esta vacuna protege contra genotipos de alto riesgo que son responsables del 70% de los casos de c\u00e1ncer cervicouterino. Tambi\u00e9n protege contra c\u00e1nceres de vulva, vagina, pene, recto y orofar\u00edngeo, que tambi\u00e9n pueden afectar a los ni\u00f1os. Cubre serotipos 6 y 11 que est\u00e1n asociados al 90% de las verrugas genitales.<\/p>\n\n\n\n<p class=\"wp-block-paragraph\">\u00abEsta estrategia lo que persigue es que los ni\u00f1os y ni\u00f1as que se vacunen ahora lleguen a la edad adulta sin tener ya ning\u00fan riesgo de desarrollar carcinoma cervicouterino \u00ab, expreso Kershenobich.&nbsp;<\/p>\n","protected":false},"excerpt":{"rendered":"<p>Elda Montiel&nbsp; SemM\u00e9xico, Cd. de M\u00e9xico, 5 de noviembre, 2025.- La campa\u00f1a de vacunaci\u00f3n contra el Virus del Papiloma Humano (VPH) 2025 tiene como meta vacunar a 2.5 millones de ni\u00f1as y ni\u00f1os inform\u00f3 David Kershenobich Stalnikowitz, secretario de Salud como parte de la estrategia para erradicar el c\u00e1ncer cervicouterino en M\u00e9xico. El anuncio se [&hellip;]<\/p>\n","protected":false},"author":3,"featured_media":100197,"comment_status":"open","ping_status":"open","sticky":false,"template":"","format":"standard","meta":{"_monsterinsights_skip_tracking":false,"footnotes":""},"categories":[682,35],"tags":[],"class_list":["post-100196","post","type-post","status-publish","format-standard","has-post-thumbnail","category-noticias","category-opinion"],"_links":{"self":[{"href":"https:\/\/redsemlac.com\/semmexico\/wp-json\/wp\/v2\/posts\/100196","targetHints":{"allow":["GET"]}}],"collection":[{"href":"https:\/\/redsemlac.com\/semmexico\/wp-json\/wp\/v2\/posts"}],"about":[{"href":"https:\/\/redsemlac.com\/semmexico\/wp-json\/wp\/v2\/types\/post"}],"author":[{"embeddable":true,"href":"https:\/\/redsemlac.com\/semmexico\/wp-json\/wp\/v2\/users\/3"}],"replies":[{"embeddable":true,"href":"https:\/\/redsemlac.com\/semmexico\/wp-json\/wp\/v2\/comments?post=100196"}],"version-history":[{"count":0,"href":"https:\/\/redsemlac.com\/semmexico\/wp-json\/wp\/v2\/posts\/100196\/revisions"}],"wp:featuredmedia":[{"embeddable":true,"href":"https:\/\/redsemlac.com\/semmexico\/wp-json\/wp\/v2\/media\/100197"}],"wp:attachment":[{"href":"https:\/\/redsemlac.com\/semmexico\/wp-json\/wp\/v2\/media?parent=100196"}],"wp:term":[{"taxonomy":"category","embeddable":true,"href":"https:\/\/redsemlac.com\/semmexico\/wp-json\/wp\/v2\/categories?post=100196"},{"taxonomy":"post_tag","embeddable":true,"href":"https:\/\/redsemlac.com\/semmexico\/wp-json\/wp\/v2\/tags?post=100196"}],"curies":[{"name":"wp","href":"https:\/\/api.w.org\/{rel}","templated":true}]}}