{"id":100177,"date":"2025-11-05T09:54:24","date_gmt":"2025-11-05T15:54:24","guid":{"rendered":"https:\/\/redsemlac.com\/semmexico\/?p=100177"},"modified":"2025-11-05T09:54:24","modified_gmt":"2025-11-05T15:54:24","slug":"alistan-para-este-miercoles-nombramiento-de-grecia-quiroz-como-presidenta-municipal-de-uruapan","status":"publish","type":"post","link":"https:\/\/redsemlac.com\/semmexico\/alistan-para-este-miercoles-nombramiento-de-grecia-quiroz-como-presidenta-municipal-de-uruapan\/","title":{"rendered":"Alistan para este mi\u00e9rcoles nombramiento de Grecia Quiroz como presidenta municipal de Uruapan"},"content":{"rendered":"\n<p class=\"wp-block-paragraph\">Grecia Itzel Quiroz Garc\u00eda, viuda del expresidente municipal de Uruapan, Carlos Manzo Rodr\u00edguez&nbsp;\/&nbsp;Foto: Facebook |&nbsp;DIF Municipal Uruapan&nbsp;<\/p>\n\n\n\n<p class=\"wp-block-paragraph\">Este mi\u00e9rcoles, Grecia Quiroz rendir\u00e1 protesta como suplente al cargo de presidenta municipal, tras el asesinato de su esposo Carlos Manzo<\/p>\n\n\n\n<p class=\"wp-block-paragraph\">Jorge Salcedo y Omar \u00c1ngel&nbsp;<\/p>\n\n\n\n<p class=\"wp-block-paragraph\">SemM\u00e9xico\/ El Sol de M\u00e9xico, 5 de noviembre, 2025.- MORELIA.-&nbsp;Grecia Itzel Quiroz Garc\u00eda, viuda de Carlos Alberto Manzo Rodr\u00edguez, rendir\u00e1 protesta este mi\u00e9rcoles como&nbsp;presidenta municipal sustituta de Uruapan, luego de que el Congreso de Michoac\u00e1n acord\u00f3 designarla&nbsp;tras el asesinato de su esposo&nbsp;el pasado s\u00e1bado.<\/p>\n\n\n\n<p class=\"wp-block-paragraph\">El&nbsp;Cabildo de Uruapan, a trav\u00e9s del diputado independiente Alejandro Tafolla Bautista, solicit\u00f3 a la presidenta del Congreso de Michoac\u00e1n, Giulianna Bugarini Torres, someter a la consideraci\u00f3n del Pleno la&nbsp;designaci\u00f3n de Grecia Itzel Quiroz Garc\u00eda&nbsp;como presidenta municipal sustituta, la cual fue acordada y aceptada por todos los diputados.<\/p>\n\n\n\n<p class=\"wp-block-paragraph\">Fabiola Alan\u00eds S\u00e1mano, presidenta de la Junta de Coordinaci\u00f3n Pol\u00edtica (Jucopo), asegur\u00f3 que los legisladores locales acordaron respetar la propuesta del&nbsp;Movimiento del Sombrero,&nbsp;base electoral que le dio a&nbsp;Carlos Manzo&nbsp;la presidencia municipal de Uruapan en 2024, la cual est\u00e1 representada por su viuda.<\/p>\n\n\n\n<p class=\"wp-block-paragraph\">Los legisladores locales fueron citados ma\u00f1ana&nbsp;mi\u00e9rcoles 5 de noviembre a las 14:30 horas&nbsp;para la sesi\u00f3n que tratar\u00e1 un solo punto: la \u201clectura, discusi\u00f3n y votaci\u00f3n del dictamen con proyecto de decreto mediante el cual se designa presidente municipal sustituto del H. Ayuntamiento de Uruapan, Michoac\u00e1n\u201d, luego de que el Cabildo realiz\u00f3 la&nbsp;notificaci\u00f3n de ausencia definitiva&nbsp;del alcalde.<\/p>\n\n\n\n<figure class=\"wp-block-image size-large\"><a href=\"https:\/\/redsemlac.com\/semmexico\/wp-content\/uploads\/2025\/11\/image-2.png\"><img decoding=\"async\" src=\"https:\/\/redsemlac.com\/semmexico\/wp-content\/uploads\/2025\/11\/image-2-1024x576.png\" alt=\"\" class=\"wp-image-100179\"\/><\/a><\/figure>\n\n\n\n<p class=\"wp-block-paragraph\">Grecia Itzel Quiroz Garc\u00eda, viuda de Carlos Manzo&nbsp;\/&nbsp;Foto: Facebook | Uruapan Gobierno Municipal<\/p>\n\n\n\n<p class=\"wp-block-paragraph\">Grecia Itzel Quiroz \u2014quien ocup\u00f3 la presidencia honoraria del DIF municipal durante la gesti\u00f3n de Carlos Manzo\u2014 estuvo hoy en la&nbsp;reuni\u00f3n del gabinete federal, a la que convoc\u00f3 la presidenta Claudia Sheinbaum, para delinear los detalles del plan para la&nbsp;pacificaci\u00f3n de Michoac\u00e1n&nbsp;que anunci\u00f3 en su conferencia ma\u00f1anera. Lleg\u00f3 cerca de las 14:00 horas a Palacio Nacional y se retir\u00f3 luego de dos horas sin dar declaraciones a la prensa.<\/p>\n\n\n\n<p class=\"wp-block-paragraph\">Previo a su visita a la Ciudad de M\u00e9xico,&nbsp;Quiroz Garc\u00eda pidi\u00f3 que las manifestaciones en reclamo&nbsp;al asesinato de su esposo se dieran&nbsp;de forma pac\u00edfica, luego de los enfrentamientos y destrozos que se suscitaron la tarde-noche del lunes en las protestas de Uruapan, Apatzing\u00e1n y Morelia.<\/p>\n\n\n\n<p class=\"wp-block-paragraph\">\u201cQuiero decirles que&nbsp;a \u00e9l no le hubiese gustado. Su lucha no va encaminada o no iba encaminada hacia hechos violentos (&#8230;). Hago este llamado a quienes est\u00e9n manifestando de una forma violenta, que no lo vamos a hacer de esta manera y, por favor, les pido que&nbsp;no caigamos en el vandalismo\u201d, dijo a trav\u00e9s de un videomensaje en Facebook.<\/p>\n\n\n\n<p class=\"wp-block-paragraph\">A\u00f1adi\u00f3 que continuar\u00e1 usando las plataformas digitales oficiales de su esposo para informar al pueblo de la&nbsp;Perla del Cupatitzio&nbsp;sobre el futuro del gobierno de Uruapan.<\/p>\n\n\n\n<figure class=\"wp-block-image size-large\"><a href=\"https:\/\/redsemlac.com\/semmexico\/wp-content\/uploads\/2025\/11\/image-3.png\"><img decoding=\"async\" src=\"https:\/\/redsemlac.com\/semmexico\/wp-content\/uploads\/2025\/11\/image-3-1024x576.png\" alt=\"\" class=\"wp-image-100180\"\/><\/a><\/figure>\n\n\n\n<p class=\"wp-block-paragraph\">Estudiantes destrozan ventanas del Congreso del Estado&nbsp;\/&nbsp;Foto: Adid Jim\u00e9nez | El Sol de Morelia<\/p>\n\n\n\n<p class=\"wp-block-paragraph\">\u201cPor favor, yo se los pido que me ayuden.&nbsp;Ustedes m\u00e1s que nadie estaban con \u00e9l en todo momento&nbsp;y yo les pido que sigamos unidos y que sigamos adelante\u201d, dijo para finalizar su mensaje.<\/p>\n\n\n\n<p class=\"wp-block-paragraph\">As\u00ed fueron las protestas en Uruapan tras el asesinato de Manzo<\/p>\n\n\n\n<p class=\"wp-block-paragraph\">En Uruapan, la&nbsp;manifestaci\u00f3n celebrada frente a la estaci\u00f3n 3 del Telef\u00e9rico, ubicada frente a Plaza \u00c1gora, termin\u00f3 en&nbsp;destrozos y disturbios.<\/p>\n\n\n\n<p class=\"wp-block-paragraph\">En&nbsp;Apatzing\u00e1n, manifestantes irrumpieron en el palacio municipal, donde&nbsp;destruyeron muebles y puerta, y realizaron pintas, para luego prenderle fuego.<\/p>\n\n\n\n<p class=\"wp-block-paragraph\">En este municipio de la Tierra Caliente,&nbsp;semanas atr\u00e1s fue asesinado el l\u00edder de los productores de lim\u00f3n, Bernardo Bravo, quien al igual que&nbsp;Carlos Manzo denunci\u00f3 el hostigamiento&nbsp;y extorsiones&nbsp;del crimen organizado.<\/p>\n\n\n\n<figure class=\"wp-block-image size-large\"><a href=\"https:\/\/redsemlac.com\/semmexico\/wp-content\/uploads\/2025\/11\/image-4.png\"><img decoding=\"async\" src=\"https:\/\/redsemlac.com\/semmexico\/wp-content\/uploads\/2025\/11\/image-4-1024x575.png\" alt=\"\" class=\"wp-image-100181\"\/><\/a><\/figure>\n\n\n\n<p class=\"wp-block-paragraph\">Carlos Manzo con la bandera de M\u00e9xico&nbsp;\/&nbsp;Foto: Facebook | Uruapan Gobierno Municipal<\/p>\n\n\n\n<p class=\"wp-block-paragraph\">En Morelia, los manifestantes&nbsp;vandalizaron por segundo d\u00eda consecutivo el Palacio de Gobierno y la sede del Congreso, el cual tuvo que suspender la sesi\u00f3n a que hab\u00eda convocada para dar seguimiento al relevo del gobierno en Uruapan.<\/p>\n\n\n\n<p class=\"wp-block-paragraph\">Las&nbsp;manifestaciones en la capital del estado, que comenzaron desde el domingo,&nbsp;han dejado al menos 18 detenidos, de los cuales 8 fueron liberados este martes.<\/p>\n\n\n\n<p class=\"wp-block-paragraph\">Hoy se realiz\u00f3 otra movilizaci\u00f3n en el puerto de L\u00e1zaro C\u00e1rdenas.<\/p>\n\n\n\n<p class=\"wp-block-paragraph\">Se prev\u00e9 que contin\u00faen las manifestaciones, una de la cuales est\u00e1 prevista para ma\u00f1ana, en la que&nbsp;transportistas de Uruapan&nbsp;realizar\u00e1n una&nbsp;caravana en memoria de Carlos Manzo.<\/p>\n\n\n\n<p class=\"wp-block-paragraph\"><a href=\"https:\/\/oem.com.mx\/elsoldemorelia\/analisis\/autor\/jorge-salcedo-3754\">Jorge&nbsp;Salcedo: <\/a>Reportero de medio ambiente, derechos humanos y temas religiosos. Me gusta contar historias en las que se cruzan la ciencia, la vida cotidiana y los n\u00fameros. Ciclista urbano, cocinero ocasional y amante del caf\u00e9 de especialidad.<\/p>\n\n\n\n<p class=\"wp-block-paragraph\">\u00daltimas notas:<\/p>\n\n\n\n<ul class=\"wp-block-list\">\n<li><a href=\"https:\/\/oem.com.mx\/elsoldemexico\/mexico\/grecia-quiroz-viuda-del-alcalde-carlos-manzo-llega-a-palacio-nacional-26638865\">Grecia Quiroz, viuda de Carlos Manzo, se re\u00fane con Sheinbaum<\/a><\/li>\n\n\n\n<li><a href=\"https:\/\/oem.com.mx\/elsoldemorelia\/local\/este-miercoles-grecia-quiroz-sera-designada-presidenta-municipal-de-uruapan-26637610\">Alistan para este mi\u00e9rcoles nombramiento de Grecia Quiroz como presidenta municipal de Uruapan<\/a><\/li>\n<\/ul>\n","protected":false},"excerpt":{"rendered":"<p>Grecia Itzel Quiroz Garc\u00eda, viuda del expresidente municipal de Uruapan, Carlos Manzo Rodr\u00edguez&nbsp;\/&nbsp;Foto: Facebook |&nbsp;DIF Municipal Uruapan&nbsp; Este mi\u00e9rcoles, Grecia Quiroz rendir\u00e1 protesta como suplente al cargo de presidenta municipal, tras el asesinato de su esposo Carlos Manzo Jorge Salcedo y Omar \u00c1ngel&nbsp; SemM\u00e9xico\/ El Sol de M\u00e9xico, 5 de noviembre, 2025.- MORELIA.-&nbsp;Grecia Itzel Quiroz [&hellip;]<\/p>\n","protected":false},"author":3,"featured_media":100178,"comment_status":"open","ping_status":"open","sticky":false,"template":"","format":"standard","meta":{"_monsterinsights_skip_tracking":false,"footnotes":""},"categories":[694,903],"tags":[],"class_list":["post-100177","post","type-post","status-publish","format-standard","has-post-thumbnail","category-destacadas","category-presidenta-y-mas"],"_links":{"self":[{"href":"https:\/\/redsemlac.com\/semmexico\/wp-json\/wp\/v2\/posts\/100177","targetHints":{"allow":["GET"]}}],"collection":[{"href":"https:\/\/redsemlac.com\/semmexico\/wp-json\/wp\/v2\/posts"}],"about":[{"href":"https:\/\/redsemlac.com\/semmexico\/wp-json\/wp\/v2\/types\/post"}],"author":[{"embeddable":true,"href":"https:\/\/redsemlac.com\/semmexico\/wp-json\/wp\/v2\/users\/3"}],"replies":[{"embeddable":true,"href":"https:\/\/redsemlac.com\/semmexico\/wp-json\/wp\/v2\/comments?post=100177"}],"version-history":[{"count":0,"href":"https:\/\/redsemlac.com\/semmexico\/wp-json\/wp\/v2\/posts\/100177\/revisions"}],"wp:featuredmedia":[{"embeddable":true,"href":"https:\/\/redsemlac.com\/semmexico\/wp-json\/wp\/v2\/media\/100178"}],"wp:attachment":[{"href":"https:\/\/redsemlac.com\/semmexico\/wp-json\/wp\/v2\/media?parent=100177"}],"wp:term":[{"taxonomy":"category","embeddable":true,"href":"https:\/\/redsemlac.com\/semmexico\/wp-json\/wp\/v2\/categories?post=100177"},{"taxonomy":"post_tag","embeddable":true,"href":"https:\/\/redsemlac.com\/semmexico\/wp-json\/wp\/v2\/tags?post=100177"}],"curies":[{"name":"wp","href":"https:\/\/api.w.org\/{rel}","templated":true}]}}