{"id":100172,"date":"2025-11-05T06:52:11","date_gmt":"2025-11-05T12:52:11","guid":{"rendered":"https:\/\/redsemlac.com\/semmexico\/?p=100172"},"modified":"2025-11-05T09:53:04","modified_gmt":"2025-11-05T15:53:04","slug":"hombre-acosa-a-claudia-sheinbaum-mientras-caminaba-en-el-centro-historico","status":"publish","type":"post","link":"https:\/\/redsemlac.com\/semmexico\/hombre-acosa-a-claudia-sheinbaum-mientras-caminaba-en-el-centro-historico\/","title":{"rendered":"Hombre acosa a Claudia Sheinbaum mientras caminaba en el Centro Hist\u00f3rico"},"content":{"rendered":"\n<p class=\"wp-block-paragraph\">La presidenta Claudia Sheinbaum fue acosada por un hombre mientras caminaba en las inmediaciones de Palacio Nacional.&nbsp;\/&nbsp;Foto: Nadya Murillo \/ El Sol de M\u00e9xico<\/p>\n\n\n\n<p class=\"wp-block-paragraph\">A trav\u00e9s de un video difundido en redes sociales se pudo ver el momento cuando un hombre toca de manera inapropiada a la Presidenta<\/p>\n\n\n\n<p class=\"wp-block-paragraph\">Yahir Fragoso&nbsp;<\/p>\n\n\n\n<p class=\"wp-block-paragraph\">SemM\u00e9xico\/ El Sol de M\u00e9xico, Cd. de M\u00e9xico, 5 de noviembre, 2025.- La presidenta&nbsp;Claudia Sheinbaum fue acosada por un hombre&nbsp;que la toc\u00f3 de manera inapropiada mientras la mandataria conviv\u00eda con un grupo de personas en el&nbsp;Centro Hist\u00f3rico.<\/p>\n\n\n\n<p class=\"wp-block-paragraph\">A trav\u00e9s de redes sociales se difundi\u00f3 el video del momento cuando el hombre aprovech\u00f3 que la mandataria conviv\u00eda con un grupo de personas para&nbsp;abrazarla y posteriormente ponen sus manos en el torso de la Presidenta.<\/p>\n\n\n\n<p class=\"wp-block-paragraph\">La persona fue&nbsp;alejada de Sheinbaum por el personal de seguridad, mientras la presidenta intentaba que la situaci\u00f3n no escalara.<\/p>\n\n\n\n<p class=\"wp-block-paragraph\">En las im\u00e1genes se puede apreciar que&nbsp;el hombre vuelve a acercarse&nbsp;para hablar con la mandataria, pero su escolta ya se interpone entre ellos.<\/p>\n\n\n\n<p class=\"wp-block-paragraph\">La situaci\u00f3n que vivi\u00f3 la mandataria lejos de ser un caso aislado, muestra la gravedad de la&nbsp;violencia que viven d\u00eda a d\u00eda las mujeres&nbsp;en los espacios p\u00fablicos. La doctora Georgina C\u00e1rdenas, especialista en violencia pol\u00edtica contra las mujeres, se\u00f1al\u00f3 que estas escenas dejan claro \u201cno llegamos todas\u201d, pero todas estamos expuestas al acoso.<\/p>\n\n\n\n<p class=\"wp-block-paragraph\">Otras colectivas, manifestaron su sorpresa. Y las polit\u00f3logas su preocupaci\u00f3n, es acoso sexual, pero que \u00e9l hombre llegar\u00e1 hasta ah\u00ed, habla de que hay un problema de Estado y&nbsp; fallas en la seguridad evidentes.<\/p>\n\n\n\n<p class=\"wp-block-paragraph\"><strong>La Violencia<\/strong><\/p>\n\n\n\n<p class=\"wp-block-paragraph\">De acuerdo con informaci\u00f3n del Inegi, con datos actualizados a 2021,&nbsp;el 70.1 por ciento de las mujeres mayores de 15 a\u00f1os&nbsp;han sufrido alg\u00fan tipo de&nbsp;violencia, con la&nbsp;violencia sexual (49.7%) en el segundo lugar de prevalencia.<\/p>\n\n\n\n<p class=\"wp-block-paragraph\">En este sentido,&nbsp;la Ciudad de M\u00e9xico se coloca en el segundo lugar entre la entidades con m\u00e1s casos&nbsp;de violencia contra las mujeres, s\u00f3lo detr\u00e1s del Estado de M\u00e9xico, tambi\u00e9n en la Zona Metropolitana de la capital.<\/p>\n\n\n\n<p class=\"wp-block-paragraph\">Apenas este fin de semana otro video sobre un caso de acoso sexual fue evidenciado en redes sociales por la propia afectada.<\/p>\n\n\n\n<p class=\"wp-block-paragraph\">Una joven que caminaba por el Z\u00f3calo&nbsp;capitalino, al igual que la presidenta Sheinbaum, se percat\u00f3 de que&nbsp;un hombre la segu\u00eda mientras grababa.<\/p>\n\n\n\n<p class=\"wp-block-paragraph\">La mujer continu\u00f3 con la grabaci\u00f3n, caminando entre otras personas, pero&nbsp;el sujeto se manten\u00eda cerca de ella.<\/p>\n\n\n\n<p class=\"wp-block-paragraph\">Las im\u00e1genes causaron indignaci\u00f3n en redes sociales, donde los usuarios criticaban que las mujeres no puedan caminar por sus ciudades sin ser acosadas.<\/p>\n","protected":false},"excerpt":{"rendered":"<p>La presidenta Claudia Sheinbaum fue acosada por un hombre mientras caminaba en las inmediaciones de Palacio Nacional.&nbsp;\/&nbsp;Foto: Nadya Murillo \/ El Sol de M\u00e9xico A trav\u00e9s de un video difundido en redes sociales se pudo ver el momento cuando un hombre toca de manera inapropiada a la Presidenta Yahir Fragoso&nbsp; SemM\u00e9xico\/ El Sol de M\u00e9xico, [&hellip;]<\/p>\n","protected":false},"author":3,"featured_media":100174,"comment_status":"open","ping_status":"open","sticky":false,"template":"","format":"standard","meta":{"_monsterinsights_skip_tracking":false,"footnotes":""},"categories":[694,903],"tags":[],"class_list":["post-100172","post","type-post","status-publish","format-standard","has-post-thumbnail","category-destacadas","category-presidenta-y-mas"],"_links":{"self":[{"href":"https:\/\/redsemlac.com\/semmexico\/wp-json\/wp\/v2\/posts\/100172","targetHints":{"allow":["GET"]}}],"collection":[{"href":"https:\/\/redsemlac.com\/semmexico\/wp-json\/wp\/v2\/posts"}],"about":[{"href":"https:\/\/redsemlac.com\/semmexico\/wp-json\/wp\/v2\/types\/post"}],"author":[{"embeddable":true,"href":"https:\/\/redsemlac.com\/semmexico\/wp-json\/wp\/v2\/users\/3"}],"replies":[{"embeddable":true,"href":"https:\/\/redsemlac.com\/semmexico\/wp-json\/wp\/v2\/comments?post=100172"}],"version-history":[{"count":0,"href":"https:\/\/redsemlac.com\/semmexico\/wp-json\/wp\/v2\/posts\/100172\/revisions"}],"wp:featuredmedia":[{"embeddable":true,"href":"https:\/\/redsemlac.com\/semmexico\/wp-json\/wp\/v2\/media\/100174"}],"wp:attachment":[{"href":"https:\/\/redsemlac.com\/semmexico\/wp-json\/wp\/v2\/media?parent=100172"}],"wp:term":[{"taxonomy":"category","embeddable":true,"href":"https:\/\/redsemlac.com\/semmexico\/wp-json\/wp\/v2\/categories?post=100172"},{"taxonomy":"post_tag","embeddable":true,"href":"https:\/\/redsemlac.com\/semmexico\/wp-json\/wp\/v2\/tags?post=100172"}],"curies":[{"name":"wp","href":"https:\/\/api.w.org\/{rel}","templated":true}]}}