{"id":100169,"date":"2025-11-04T12:31:11","date_gmt":"2025-11-04T18:31:11","guid":{"rendered":"https:\/\/redsemlac.com\/semmexico\/?p=100169"},"modified":"2025-11-04T17:32:23","modified_gmt":"2025-11-04T23:32:23","slug":"sheinbaum-anuncia-plan-michoacan-por-la-paz-y-la-justicia","status":"publish","type":"post","link":"https:\/\/redsemlac.com\/semmexico\/sheinbaum-anuncia-plan-michoacan-por-la-paz-y-la-justicia\/","title":{"rendered":"Sheinbaum anuncia Plan Michoac\u00e1n por la paz y la justicia"},"content":{"rendered":"\n<p class=\"wp-block-paragraph\">El proyecto contempla el fortalecimiento y presencia de las Fuerzas Fderales al estado, no solo de la Guardia Nacional, tras el homicidio del edil Carlos Manzo<\/p>\n\n\n\n<p class=\"wp-block-paragraph\"><a target=\"_blank\" href=\"https:\/\/www.facebook.com\/share.php?u=https:\/\/oem.com.mx\/elsoldemexico\/mexico\/sheinbaum-anuncia-plan-michoacan-por-la-paz-y-la-justicia-26632278.app.json\" rel=\"noreferrer noopener\"><\/a><a target=\"_blank\" href=\"https:\/\/twitter.com\/share?url=https:\/\/oem.com.mx\/elsoldemexico\/mexico\/sheinbaum-anuncia-plan-michoacan-por-la-paz-y-la-justicia-26632278.app.json\" rel=\"noreferrer noopener\"><\/a><\/p>\n\n\n\n<p class=\"wp-block-paragraph\">SemM\u00e9xico\/El Sol de M\u00e9xico, 4 nov, 2025-La presidenta\u00a0Claudia Sheinbaum anunci\u00f3 la creaci\u00f3n de un plan integral\u00a0con todas las secretar\u00edas del Gobierno federal para\u00a0garantizar la\u00a0seguridad\u00a0de la poblaci\u00f3n\u00a0de Michoac\u00e1n, luego del\u00a0asesinato del edil de Uruapan,\u00a0<a href=\"https:\/\/oem.com.mx\/elsoldemexico\/mexico\/carlos-manzo-fue-valiente-pero-estaba-solo-ante-el-crimen-experto-26606756\" target=\"_blank\" rel=\"noreferrer noopener\">Carlos Manzo<\/a>.<\/p>\n\n\n\n<p class=\"wp-block-paragraph\">En la conferencia matutina este martes desde\u00a0Palacio Nacional,\u00a0la presidenta dijo que este plan se desarrolla en coordinaci\u00f3n con todos los\u00a0miembros de su gabinete\u00a0para que realicen de forma conjunta con la poblaci\u00f3n acciones en beneficio de los habitantes del estado.<\/p>\n\n\n\n<p class=\"wp-block-paragraph\">Sheinbaum adelant\u00f3 que el proyecto se desarrollar\u00e1 en el\u00a0transcurso de esta semana\u00a0para que a m\u00e1s tardar este fin de semana o la semana entrante pueda ser\u00a0presentado a los michoacanos,por lo que\u00a0llam\u00f3 al gabinete completo a\u00a0dividir las tareas entre cada secretar\u00eda y que se re\u00fanan con las comunidades de Michoac\u00e1n.<a href=\"https:\/\/oem.com.mx\/elsoldemexico\/mexico\/quien-era-carlos-manzo-alcalde-de-uruapan-que-derroto-a-morena-a-sombrerazos-26608314.app.json\"><\/a><a href=\"https:\/\/oem.com.mx\/elsoldemexico\/mexico\/quien-era-carlos-manzo-alcalde-de-uruapan-que-derroto-a-morena-a-sombrerazos-26608314.app.json\"><\/a><\/p>\n\n\n\n<h3 class=\"wp-block-heading\"><a href=\"https:\/\/oem.com.mx\/elsoldemexico\/mexico\/quien-era-carlos-manzo-alcalde-de-uruapan-que-derroto-a-morena-a-sombrerazos-26608314.app.json\">Carlos Manzo, el alcalde de Uruapan que derrot\u00f3 a Morena a \u201csombrerazos\u201d<\/a><\/h3>\n\n\n\n<p class=\"wp-block-paragraph\">\u201cVamos a escuchar a las<strong>&nbsp;comunidades, a las autoridades tradicionales, a las iglesias, a los sectores productivos y sociales<\/strong>&nbsp;para fortalecer el plan con su mirada y su experiencia para presentarlo en los pr\u00f3ximos d\u00edas\u201d, declar\u00f3 la Jefa del Ejecutivo federal.<\/p>\n\n\n\n<p class=\"wp-block-paragraph\">La presidenta agreg\u00f3 que el plan contempla el&nbsp;<strong>fortalecimiento y presencia de fuerzas federales en Michoac\u00e1n,<\/strong>&nbsp;no solo de la Guardia Nacional, sino tambi\u00e9n de unidades conjuntas de la&nbsp;<strong>Secretar\u00eda de Seguridad y Protecci\u00f3n Ciudadana y de la Fiscal\u00eda del estado&nbsp;<\/strong>enfocadas en&nbsp;<strong>homicidios y&nbsp;<a rel=\"noreferrer noopener\" href=\"https:\/\/oem.com.mx\/elsoldemexico\/finanzas\/extorsion-cuesta-21-mil-mdp-a-empresarios-baja-aparente-se-debe-a-falta-de-denuncias-coparmex-26284282\" target=\"_blank\">extorsi\u00f3n<\/a>.<\/strong><\/p>\n\n\n\n<p class=\"wp-block-paragraph\">Sheinbaum tambi\u00e9n plante\u00f3 fortalecer a la fiscal\u00eda estatal a trav\u00e9s del Congreso michoacano para crear una fiscal\u00eda especializada de<strong>&nbsp;investigaci\u00f3n e inteligencia en delitos de alto impacto<\/strong>, as\u00ed como oficinas de la Presidencia de la Rep\u00fablica en distintos municipios del estado, particularmente en&nbsp;<strong>Uruapan<\/strong>, donde fue asesinado el presidente municipal el pasado s\u00e1bado primero de noviembre,&nbsp;<strong>Carlos Manzo.<\/strong><\/p>\n\n\n\n<p class=\"wp-block-paragraph\"><a href=\"http:\/\/youtube.com\/watch?v=KEGTigMlj6w\">http:\/\/youtube.com\/watch?v=KEGTigMlj6w<\/a><\/p>\n\n\n\n<p class=\"wp-block-paragraph\"><\/p>\n\n\n\n<p class=\"wp-block-paragraph\">Otro de los puntos que se\u00f1al\u00f3 la mandataria incluyen<strong>&nbsp;mesas de seguridad cada 15 d\u00edas con autoridades del gabinete de seguridad,&nbsp;<\/strong>un&nbsp;<strong>sistema de alerta<\/strong>&nbsp;para los presidentes municipales y fortalecimiento al<strong>&nbsp;sistema de&nbsp;<a rel=\"noreferrer noopener\" href=\"https:\/\/oem.com.mx\/elsoldemexico\/mexico\/pri-denuncia-40-mil-millones-de-ciberataques-y-abandono-agricola-26543752\" target=\"_blank\">denuncias<\/a>&nbsp;an\u00f3nimas&nbsp;<\/strong>por extorsi\u00f3n.<\/p>\n\n\n\n<p class=\"wp-block-paragraph\">En las acciones orientadas hacia el desarrollo econ\u00f3mico y la seguridad social, Sheinbaum declar\u00f3 que busca dar s<strong>alarios dignos a jornaleros agr\u00edcolas, inversi\u00f3n en infraestructura rural&nbsp;<\/strong>y un convenio con el sector productivo para el desarrollo de m\u00e1s Polos del Bienestar.<\/p>\n\n\n\n<p class=\"wp-block-paragraph\">Tambi\u00e9n propuso impulsar la&nbsp;<strong>educaci\u00f3n y a cultura de paz&nbsp;<\/strong>a trav\u00e9s de las escuelas con&nbsp;<strong>programas de reinserci\u00f3n, atenci\u00f3n a v\u00edctimas,&nbsp;<\/strong>becas para la ayuda en el transporte de j\u00f3venes, centros comunitarios de deporte, al igual que con mesas de di\u00e1logo, una campa\u00f1a estatal denominada Recuperemos Michoac\u00e1n y diversas actividades de promoci\u00f3n art\u00edstica y cultural.<\/p>\n\n\n\n<figure class=\"wp-block-embed is-type-video is-provider-youtube wp-block-embed-youtube wp-embed-aspect-16-9 wp-has-aspect-ratio\"><div class=\"wp-block-embed__wrapper\">\n<div class=\"youtube-embed\" data-video_id=\"-XPZ5SU5Eu4\"><iframe loading=\"lazy\" title=\"Revelan detalles sobre el ase##no del alcalde de Uruapan\" width=\"696\" height=\"392\" src=\"https:\/\/www.youtube.com\/embed\/-XPZ5SU5Eu4?feature=oembed&#038;enablejsapi=1\" frameborder=\"0\" allow=\"accelerometer; autoplay; clipboard-write; encrypted-media; gyroscope; picture-in-picture; web-share\" referrerpolicy=\"strict-origin-when-cross-origin\" allowfullscreen><\/iframe><\/div>\n<\/div><\/figure>\n\n\n\n<p class=\"wp-block-paragraph\"><a href=\"https:\/\/oem.com.mx\/elsoldemexico\/analisis\/autor\/jorge-salcedo-3754\/app.json\"><\/a><\/p>\n\n\n\n<p class=\"wp-block-paragraph\"><a href=\"https:\/\/oem.com.mx\/elsoldemexico\/analisis\/autor\/jorge-salcedo-3754\/app.json\">Jorge&nbsp;Salcedo<\/a><\/p>\n\n\n\n<p class=\"wp-block-paragraph\">Reportero de medio ambiente, derechos humanos y temas religiosos. Me gusta contar historias en las que se cruzan la ciencia, la vida cotidiana y los n\u00fameros. Ciclista urbano, cocinero ocasional y amante del caf\u00e9 de especialidad.<\/p>\n\n\n\n<figure class=\"wp-block-image\"><a href=\"https:\/\/oem.com.mx\/elsoldemexico\/analisis\/autor\/jorge-salcedo-3754\/app.json\"><img decoding=\"async\" src=\"https:\/\/oem.com.mx\/elsoldemexico\/img\/25315559\/1755712692\/ORIGINAL\/400\/image.webp\" alt=\"Jorge Salcedo\"\/><\/a><\/figure>\n\n\n\n<p class=\"wp-block-paragraph\">\u00daltimas notas:<\/p>\n\n\n\n<ul class=\"wp-block-list\">\n<li><a href=\"https:\/\/oem.com.mx\/elsoldemexico\/mexico\/grecia-quiroz-viuda-del-alcalde-carlos-manzo-llega-a-palacio-nacional-26638865.app.json\">Grecia Quiroz, viuda de Carlos Manzo, se re\u00fane con Sheinbaum<\/a><\/li>\n\n\n\n<li><a href=\"https:\/\/oem.com.mx\/elsoldemexico\/finanzas\/aun-no-hay-fecha-para-apertura-de-la-frontera-con-eu-al-ganado-mexicano-sheinbaum-26634102.app.json\">A\u00fan no hay fecha para apertura de la frontera con EU al ganado mexicano<\/a><\/li>\n\n\n\n<li><a href=\"https:\/\/oem.com.mx\/elsoldemexico\/mexico\/imss-bienestar-anuncia-programa-nacional-de-teleconsultas-en-zonas-rurales-26634911.app.json\">IMSS Bienestar anuncia Programa Nacional de teleconsultas en zonas rurales<\/a><\/li>\n<\/ul>\n","protected":false},"excerpt":{"rendered":"<p>El proyecto contempla el fortalecimiento y presencia de las Fuerzas Fderales al estado, no solo de la Guardia Nacional, tras el homicidio del edil Carlos Manzo SemM\u00e9xico\/El Sol de M\u00e9xico, 4 nov, 2025-La presidenta\u00a0Claudia Sheinbaum anunci\u00f3 la creaci\u00f3n de un plan integral\u00a0con todas las secretar\u00edas del Gobierno federal para\u00a0garantizar la\u00a0seguridad\u00a0de la poblaci\u00f3n\u00a0de Michoac\u00e1n, luego del\u00a0asesinato [&hellip;]<\/p>\n","protected":false},"author":3,"featured_media":100170,"comment_status":"open","ping_status":"open","sticky":false,"template":"","format":"standard","meta":{"_monsterinsights_skip_tracking":false,"footnotes":""},"categories":[903],"tags":[],"class_list":["post-100169","post","type-post","status-publish","format-standard","has-post-thumbnail","category-presidenta-y-mas"],"_links":{"self":[{"href":"https:\/\/redsemlac.com\/semmexico\/wp-json\/wp\/v2\/posts\/100169","targetHints":{"allow":["GET"]}}],"collection":[{"href":"https:\/\/redsemlac.com\/semmexico\/wp-json\/wp\/v2\/posts"}],"about":[{"href":"https:\/\/redsemlac.com\/semmexico\/wp-json\/wp\/v2\/types\/post"}],"author":[{"embeddable":true,"href":"https:\/\/redsemlac.com\/semmexico\/wp-json\/wp\/v2\/users\/3"}],"replies":[{"embeddable":true,"href":"https:\/\/redsemlac.com\/semmexico\/wp-json\/wp\/v2\/comments?post=100169"}],"version-history":[{"count":0,"href":"https:\/\/redsemlac.com\/semmexico\/wp-json\/wp\/v2\/posts\/100169\/revisions"}],"wp:featuredmedia":[{"embeddable":true,"href":"https:\/\/redsemlac.com\/semmexico\/wp-json\/wp\/v2\/media\/100170"}],"wp:attachment":[{"href":"https:\/\/redsemlac.com\/semmexico\/wp-json\/wp\/v2\/media?parent=100169"}],"wp:term":[{"taxonomy":"category","embeddable":true,"href":"https:\/\/redsemlac.com\/semmexico\/wp-json\/wp\/v2\/categories?post=100169"},{"taxonomy":"post_tag","embeddable":true,"href":"https:\/\/redsemlac.com\/semmexico\/wp-json\/wp\/v2\/tags?post=100169"}],"curies":[{"name":"wp","href":"https:\/\/api.w.org\/{rel}","templated":true}]}}