{"id":100149,"date":"2025-11-03T19:21:22","date_gmt":"2025-11-04T01:21:22","guid":{"rendered":"https:\/\/redsemlac.com\/semmexico\/?p=100149"},"modified":"2025-11-03T19:21:23","modified_gmt":"2025-11-04T01:21:23","slug":"solo-2-de-cada-10-artistas-en-festivales-de-musica-latinos-son-mujeres","status":"publish","type":"post","link":"https:\/\/redsemlac.com\/semmexico\/solo-2-de-cada-10-artistas-en-festivales-de-musica-latinos-son-mujeres\/","title":{"rendered":"S\u00f3lo 2 de cada 10 artistas en festivales de m\u00fasica latinos son mujeres"},"content":{"rendered":"\n<ul class=\"wp-block-list\">\n<li>Menos del 1 % son cabezas de cartel, lo que refleja la persistencia de \u201cun filtro masculino\u201d en la toma de decisiones dentro de la industria<\/li>\n\n\n\n<li>20 % de las presentaciones cuentan con mujeres solistas, revela estudio<\/li>\n<\/ul>\n\n\n\n<p class=\"wp-block-paragraph\">Isaac Esquivel<\/p>\n\n\n\n<p class=\"wp-block-paragraph\">SemM\u00e9xico, Ciudad de M\u00e9xico, 3 de noviembre, 2025.- Dos de cada diez artistas en los&nbsp;festivales&nbsp;de&nbsp;m\u00fasica&nbsp;en Latinoam\u00e9rica son mujeres, y menos del uno por ciento son cabezas de cartel, lo que refleja la persistencia de\u201cun filtro masculino\u201d&nbsp;en la toma de decisiones dentro de la industria, dijo Alejandra Olea, directora general para las Am\u00e9ricas en la compa\u00f1\u00eda de&nbsp;m\u00fasica&nbsp;digital Believe.<\/p>\n\n\n\n<p class=\"wp-block-paragraph\">Las cifras provienen de un estudio de Ruidosa, organizaci\u00f3n liderada por la cantautora chilena Francisca Valenzuela, presentado en la capital mexicana, en colaboraci\u00f3n con los sellos de&nbsp;m\u00fasica&nbsp;digital Believe y Tunecore.<\/p>\n\n\n\n<p class=\"wp-block-paragraph\">Con datos de 2022 a 2024, el informe concluy\u00f3 que solo el 20 por ciento de las presentaciones cuentan con mujeres solistas o bandas integradas exclusivamente por mujeres,&nbsp;tras analizar 400 carteles de 60 festivales a gran escala en la regi\u00f3n.<\/p>\n\n\n\n<p class=\"wp-block-paragraph\">De esas artistas,&nbsp;solo el uno por ciento son cabezas de cartel de los festivales&nbsp;bajo lupa en M\u00e9xico, Argentina, Chile, Colombia, Costa Rica, Per\u00fa y Uruguay, adem\u00e1s de eventos latinos en Estados Unidos.<\/p>\n\n\n\n<p class=\"wp-block-paragraph\">Sumado a ello, otro estudio apunt\u00f3 que solo dos de cada 10 puestos de liderazgo dentro de la industria son ocupados por mujeres,&nbsp;tras examinar la presencia femenina en 114 empresas clave de la industria musical en 2025.<\/p>\n\n\n\n<p class=\"wp-block-paragraph\">Olea consider\u00f3 que \u201cno es una sorpresa que la toma de decisiones sea basada desde&nbsp;una visi\u00f3n y un filtro m\u00e1s masculino\u201d, por lo que destac\u00f3 la necesidad de provocar un cambio desde dentro del sistema para ver resultados en los escenarios, se\u00f1ala a EFE y publicado por UDGTV.<\/p>\n\n\n\n<p class=\"wp-block-paragraph\">\u201cLo que necesitamos es darle un poco de diversidad a esa visi\u00f3n. Ah\u00ed yo creo que vamos a poder causar un impacto en la representaci\u00f3n de mujeres en festivales\u201d, expuso.<\/p>\n\n\n\n<p class=\"wp-block-paragraph\">La directiva detall\u00f3 que las mujeres&nbsp;ocupan solo el 12 % de los altos cargos&nbsp;y el 24 por ciento en los puestos de liderazgo en general.<\/p>\n\n\n\n<p class=\"wp-block-paragraph\">Apunt\u00f3 que \u201clas brechas m\u00e1s amplias\u201d se observan en sellos discogr\u00e1ficos (17 %) y en la&nbsp;<strong>m\u00fasica<\/strong>&nbsp;en vivo (9 %), que son&nbsp;\u201clos sectores de mayor poder de decisi\u00f3n sobre la visibilidad art\u00edstica\u201d.<\/p>\n\n\n\n<p class=\"wp-block-paragraph\">En ese sentido, destac\u00f3 que las \u00e1reas digitales, como el streaming, presentan el mayor equilibrio (44 % de representaci\u00f3n femenina), adem\u00e1s de que son las que cuentan con m\u00e1s programas a favor de la equidad de g\u00e9nero.<\/p>\n\n\n\n<p class=\"wp-block-paragraph\">\u201cPara m\u00ed, eso&nbsp;es una esperanza\u201d, expres\u00f3.<\/p>\n\n\n\n<p class=\"wp-block-paragraph\">Para Olea, esta diferencia notable en las \u00e1reas digitales se debe a que las plataformas tienen menos de 20 a\u00f1os y tienen un sistema y una propuesta distinta&nbsp;\u201cm\u00e1s democr\u00e1tica\u201d&nbsp;a la que puede acceder una diversidad de artistas.<\/p>\n\n\n\n<p class=\"wp-block-paragraph\">Olea indic\u00f3 que a ra\u00edz de las conclusiones de los informes, surge \u201cla necesidad de un monitoreo continuo, una promoci\u00f3n del liderazgo femenino y pol\u00edticas activas de inclusi\u00f3n del cuidado\u201d.<\/p>\n\n\n\n<p class=\"wp-block-paragraph\">Finalmente, consider\u00f3 que \u201cel cu\u00e1ndo\u201d&nbsp;depender\u00e1 de qu\u00e9 tan r\u00e1pido y profundo avance&nbsp;la pol\u00edtica de inclusi\u00f3n en las empresas.<\/p>\n\n\n\n<p class=\"wp-block-paragraph\">\u201cHay dos personas en el lineup (cartel) ahora, pero yo te puedo apostar que podemos llegar a cinco\u201d, concluy\u00f3.<\/p>\n","protected":false},"excerpt":{"rendered":"<p>Isaac Esquivel SemM\u00e9xico, Ciudad de M\u00e9xico, 3 de noviembre, 2025.- Dos de cada diez artistas en los&nbsp;festivales&nbsp;de&nbsp;m\u00fasica&nbsp;en Latinoam\u00e9rica son mujeres, y menos del uno por ciento son cabezas de cartel, lo que refleja la persistencia de\u201cun filtro masculino\u201d&nbsp;en la toma de decisiones dentro de la industria, dijo Alejandra Olea, directora general para las Am\u00e9ricas en [&hellip;]<\/p>\n","protected":false},"author":3,"featured_media":100150,"comment_status":"open","ping_status":"open","sticky":false,"template":"","format":"standard","meta":{"_monsterinsights_skip_tracking":false,"footnotes":""},"categories":[748],"tags":[],"class_list":["post-100149","post","type-post","status-publish","format-standard","has-post-thumbnail","category-cultura-feminista"],"_links":{"self":[{"href":"https:\/\/redsemlac.com\/semmexico\/wp-json\/wp\/v2\/posts\/100149","targetHints":{"allow":["GET"]}}],"collection":[{"href":"https:\/\/redsemlac.com\/semmexico\/wp-json\/wp\/v2\/posts"}],"about":[{"href":"https:\/\/redsemlac.com\/semmexico\/wp-json\/wp\/v2\/types\/post"}],"author":[{"embeddable":true,"href":"https:\/\/redsemlac.com\/semmexico\/wp-json\/wp\/v2\/users\/3"}],"replies":[{"embeddable":true,"href":"https:\/\/redsemlac.com\/semmexico\/wp-json\/wp\/v2\/comments?post=100149"}],"version-history":[{"count":0,"href":"https:\/\/redsemlac.com\/semmexico\/wp-json\/wp\/v2\/posts\/100149\/revisions"}],"wp:featuredmedia":[{"embeddable":true,"href":"https:\/\/redsemlac.com\/semmexico\/wp-json\/wp\/v2\/media\/100150"}],"wp:attachment":[{"href":"https:\/\/redsemlac.com\/semmexico\/wp-json\/wp\/v2\/media?parent=100149"}],"wp:term":[{"taxonomy":"category","embeddable":true,"href":"https:\/\/redsemlac.com\/semmexico\/wp-json\/wp\/v2\/categories?post=100149"},{"taxonomy":"post_tag","embeddable":true,"href":"https:\/\/redsemlac.com\/semmexico\/wp-json\/wp\/v2\/tags?post=100149"}],"curies":[{"name":"wp","href":"https:\/\/api.w.org\/{rel}","templated":true}]}}