{"id":100146,"date":"2025-11-03T19:15:41","date_gmt":"2025-11-04T01:15:41","guid":{"rendered":"https:\/\/redsemlac.com\/semmexico\/?p=100146"},"modified":"2025-11-03T19:15:42","modified_gmt":"2025-11-04T01:15:42","slug":"garantizar-una-menstruacion-digna-en-centros-penitenciarios-propone-rocio-corona","status":"publish","type":"post","link":"https:\/\/redsemlac.com\/semmexico\/garantizar-una-menstruacion-digna-en-centros-penitenciarios-propone-rocio-corona\/","title":{"rendered":"Garantizar una menstruaci\u00f3n digna en centros penitenciarios, propone Roc\u00edo Corona"},"content":{"rendered":"\n<ul class=\"wp-block-list\">\n<li>\u201cSin toallas ni agua, vivir la menstruaci\u00f3n en la c\u00e1rcel es m\u00e1s que dolor corporal\u201d<\/li>\n\n\n\n<li>El manejo de la higiene menstrual es un tema marginado de las agendas de desarrollo<\/li>\n<\/ul>\n\n\n\n<p class=\"wp-block-paragraph\">&nbsp;Redacci\u00f3n<\/p>\n\n\n\n<p class=\"wp-block-paragraph\">SemM\u00e9xico, Ciudad de M\u00e9xico, 3 de noviembre, 2025.- Con la finalidad de garantizar una menstruaci\u00f3n digna en los centros penitenciarios, la senadora Roc\u00edo Corona Nakamura present\u00f3 una iniciativa para que las mujeres privadas de libertad en estos centros puedan acceder a productos de gesti\u00f3n menstrual, espacios dignos y servicios de salud, reconociendo la menstruaci\u00f3n como un derecho fundamental y promoviendo la reinserci\u00f3n social.&nbsp;<\/p>\n\n\n\n<p class=\"wp-block-paragraph\">La legisladora del Partido Verde Ecologista de M\u00e9xico, reconoci\u00f3 que el manejo de la higiene menstrual es un tema marginado de las agendas de desarrollo, lo que priva a mujeres y ni\u00f1as de \u00e1reas seguras, accesibles e higi\u00e9nicas para ello, adem\u00e1s de que en ocasiones no cuentan con acceso a toallas sanitarias y otros insumos de higiene menstrual, o no son asequibles.<\/p>\n\n\n\n<p class=\"wp-block-paragraph\">Asegur\u00f3 que \u201cla imposibilidad de controlar de una forma digna y segura la gesti\u00f3n menstrual impacta negativamente los derechos de las mujeres, adolescentes y ni\u00f1as\u201d, m\u00e1s a\u00fan si se encuentran en una situaci\u00f3n de vulnerabilidad como lo es estar privadas de la libertad.<\/p>\n\n\n\n<p class=\"wp-block-paragraph\">Recalc\u00f3 que la Comisi\u00f3n Nacional de los Derechos Humanos (CNDH) mostr\u00f3 su preocupaci\u00f3n por las condiciones y el trato que se les da a las mujeres en los centros penitenciarios, por lo que las autoridades encargadas del sistema deben tomar las medidas pertinentes y realizar acciones efectivas para garantizar el respeto a los derechos humanos de estas mujeres.<\/p>\n\n\n\n<p class=\"wp-block-paragraph\">De acuerdo con esta dependencia, aproximadamente 15 o 17 entidades federativas del pa\u00eds, no tienen asignada una partida presupuestal para garantizar una gesti\u00f3n menstrual digna en los centros penitenciarios del pa\u00eds, quienes dependen exclusivamente de donaciones o de los familiares que llevan estos enseres a las mujeres.<\/p>\n\n\n\n<p class=\"wp-block-paragraph\">Agreg\u00f3 que el 31 de agosto del 2021, esta Comisi\u00f3n emiti\u00f3 una recomendaci\u00f3n donde destaca \u201cla insuficiencia de acciones en los centros penitenciarios del pa\u00eds para garantizar el derecho a la salud sexual y reproductiva de las adolescentes y mujeres privadas de la libertad, as\u00ed como para asegurar una gesti\u00f3n e higiene menstrual digna a las mujeres y personas menstruantes en dichos lugares\u201d.&nbsp;<\/p>\n\n\n\n<p class=\"wp-block-paragraph\">Insisti\u00f3 en la pertinencia de su propuesta ya que la atenci\u00f3n de mujeres en reclusi\u00f3n ha sido materia de diferentes se\u00f1alamientos, por la falta de servicios y suministros de productos para su atenci\u00f3n personal, y recalc\u00f3 que \u201csin toallas ni agua, vivir la menstruaci\u00f3n en la c\u00e1rcel es m\u00e1s que dolor corporal\u201d, por lo que recalc\u00f3 que el Estado debe asignar mayor presupuesto a los centros de reinserci\u00f3n social para atender esta problem\u00e1tica y brindar a las mujeres los elementos necesarios para una menstruaci\u00f3n digna.<\/p>\n\n\n\n<p class=\"wp-block-paragraph\">Asegur\u00f3 que \u201cel acceso a productos sanitarios para las mujeres privadas de su libertad es un derecho que se debe hacer valer y respetar, no un privilegio\u201d, por lo que su iniciativa busca garantizar que las mujeres privadas de la libertad en centros penitenciarios cuenten con instalaciones adecuadas y espacios necesarios para una estancia digna y segura, incluidas aquellas destinadas para su gesti\u00f3n e higiene menstrual; adem\u00e1s de los suministros necesarios, entre ellos, tampones, copas menstruales, papel higi\u00e9nico y medicamentos para tratar los trastornos o el dolor relacionados con la menstruaci\u00f3n.<\/p>\n\n\n\n<p class=\"wp-block-paragraph\">Finalmente, recalc\u00f3 que con su propuesta se busca robustecer el marco jur\u00eddico y brindar mayor seguridad a las mujeres en situaci\u00f3n de vulnerabilidad, en especial a las mujeres privadas de libertad, para que su menstruaci\u00f3n, siempre, sea de la manera m\u00e1s digna posible.&nbsp;<\/p>\n\n\n\n<p class=\"wp-block-paragraph\">SEM\/sj<\/p>\n","protected":false},"excerpt":{"rendered":"<p>&nbsp;Redacci\u00f3n SemM\u00e9xico, Ciudad de M\u00e9xico, 3 de noviembre, 2025.- Con la finalidad de garantizar una menstruaci\u00f3n digna en los centros penitenciarios, la senadora Roc\u00edo Corona Nakamura present\u00f3 una iniciativa para que las mujeres privadas de libertad en estos centros puedan acceder a productos de gesti\u00f3n menstrual, espacios dignos y servicios de salud, reconociendo la menstruaci\u00f3n [&hellip;]<\/p>\n","protected":false},"author":3,"featured_media":0,"comment_status":"open","ping_status":"open","sticky":false,"template":"","format":"standard","meta":{"_monsterinsights_skip_tracking":false,"footnotes":""},"categories":[50],"tags":[],"class_list":["post-100146","post","type-post","status-publish","format-standard","category-congreso"],"_links":{"self":[{"href":"https:\/\/redsemlac.com\/semmexico\/wp-json\/wp\/v2\/posts\/100146","targetHints":{"allow":["GET"]}}],"collection":[{"href":"https:\/\/redsemlac.com\/semmexico\/wp-json\/wp\/v2\/posts"}],"about":[{"href":"https:\/\/redsemlac.com\/semmexico\/wp-json\/wp\/v2\/types\/post"}],"author":[{"embeddable":true,"href":"https:\/\/redsemlac.com\/semmexico\/wp-json\/wp\/v2\/users\/3"}],"replies":[{"embeddable":true,"href":"https:\/\/redsemlac.com\/semmexico\/wp-json\/wp\/v2\/comments?post=100146"}],"version-history":[{"count":0,"href":"https:\/\/redsemlac.com\/semmexico\/wp-json\/wp\/v2\/posts\/100146\/revisions"}],"wp:attachment":[{"href":"https:\/\/redsemlac.com\/semmexico\/wp-json\/wp\/v2\/media?parent=100146"}],"wp:term":[{"taxonomy":"category","embeddable":true,"href":"https:\/\/redsemlac.com\/semmexico\/wp-json\/wp\/v2\/categories?post=100146"},{"taxonomy":"post_tag","embeddable":true,"href":"https:\/\/redsemlac.com\/semmexico\/wp-json\/wp\/v2\/tags?post=100146"}],"curies":[{"name":"wp","href":"https:\/\/api.w.org\/{rel}","templated":true}]}}