{"id":100143,"date":"2025-11-03T18:54:54","date_gmt":"2025-11-04T00:54:54","guid":{"rendered":"https:\/\/redsemlac.com\/semmexico\/?p=100143"},"modified":"2025-11-03T18:54:55","modified_gmt":"2025-11-04T00:54:55","slug":"llama-pt-a-estados-a-homologar-tipificacion-de-la-violencia-vicaria","status":"publish","type":"post","link":"https:\/\/redsemlac.com\/semmexico\/llama-pt-a-estados-a-homologar-tipificacion-de-la-violencia-vicaria\/","title":{"rendered":"Llama PT a estados a homologar tipificaci\u00f3n de la violencia vicaria"},"content":{"rendered":"\n<ul class=\"wp-block-list\">\n<li>Piden a 10 congresos armonizar sus C\u00f3digos Penales y capacitar a personal de las fiscal\u00edas<\/li>\n\n\n\n<li>La propuesta en un punto de acuerdo fue presentada por tres senadoras y un senador<\/li>\n<\/ul>\n\n\n\n<p class=\"wp-block-paragraph\">Redacci\u00f3n<\/p>\n\n\n\n<p class=\"wp-block-paragraph\">SemM\u00e9xico, Ciudad de M\u00e9xico, 3 de noviembre, 2025.- Senadoras del Partido del Trabajo llamaron a los Congresos de Colima, Durango, Estado de M\u00e9xico, Guanajuato, Nuevo Le\u00f3n, Quer\u00e9taro, San Luis Potos\u00ed, Tabasco, Veracruz y Chihuahua a armonizar sus respectivos C\u00f3digos Penales a fin de tipificar la violencia vicaria como delito.<\/p>\n\n\n\n<p class=\"wp-block-paragraph\">De esta manera, se busca garantizar una protecci\u00f3n integral a las v\u00edctimas, establecer sanciones proporcionales a la gravedad del da\u00f1o y asegurar el acceso efectivo a la justicia para mujeres, ni\u00f1as y ni\u00f1os afectados.<\/p>\n\n\n\n<p class=\"wp-block-paragraph\">As\u00ed lo establecieron en un punto de acuerdo, las senadoras Geovanna Ba\u00f1uelos, Liz S\u00e1nchez, Ana Karen Hern\u00e1ndez y Yeidckol Polevnsky, as\u00ed como el senador Alberto Anaya pidieron, adem\u00e1s, a las fiscal\u00edas de justicia de las 32 entidades federativas, as\u00ed como a los tribunales de lo familiar, fortalecer la capacitaci\u00f3n del personal ministerial, judicial y pericial en materia de violencia vicaria para erradicar la impunidad, prevenir la revictimizaci\u00f3n institucional y garantizar procesos judiciales \u00e1giles, sensibles y con perspectiva de g\u00e9nero<\/p>\n\n\n\n<p class=\"wp-block-paragraph\">Tambi\u00e9n solicitan a la Secretar\u00eda de las Mujeres y sus hom\u00f3logas en las 32 entidades federativas, establecer e implementar protocolos especializados de atenci\u00f3n a casos de violencia vicaria, que incluyan asesor\u00eda jur\u00eddica integral, atenci\u00f3n psicol\u00f3gica especializada y medidas de acompa\u00f1amiento para las hijas e hijos afectados, con enfoque de derechos humanos, perspectiva de g\u00e9nero y consideraci\u00f3n del inter\u00e9s superior de la ni\u00f1ez.<\/p>\n\n\n\n<p class=\"wp-block-paragraph\">En el documento que fue inscrito en la Gaceta Parlamentaria, se\u00f1alan que la violencia vicaria es una de las expresiones m\u00e1s crueles y complejas de la violencia de g\u00e9nero.<\/p>\n\n\n\n<p class=\"wp-block-paragraph\">\u201cSe trata de aquella en la que el agresor da\u00f1a a una mujer a trav\u00e9s de sus hijas e hijos, con el fin de castigarla o mantener el control sobre ella. Y no es una forma de violencia que atenta s\u00f3lo contra la integridad de las mujeres, sino tambi\u00e9n contra los derechos fundamentales de la ni\u00f1ez\u201d, detallan.<\/p>\n\n\n\n<p class=\"wp-block-paragraph\">De acuerdo con el Frente Nacional contra la Violencia Vicaria y la Secretar\u00eda de Gobernaci\u00f3n, en el 86 por ciento de los casos el agresor amenaza con causar da\u00f1o a los hijos como mecanismo de coerci\u00f3n y castigo.<\/p>\n\n\n\n<p class=\"wp-block-paragraph\">Los legisladores del Grupo Parlamentario del Partido del Trabajo destacan que a pesar de su gravedad, la violencia vicaria enfrenta una respuesta institucional desigual. Actualmente 29 estados la reconocen dentro de sus leyes de acceso a una vida libre de violencia, pero s\u00f3lo 22 entidades federativas la han tipificado formalmente como delito en sus c\u00f3digos penales.<\/p>\n\n\n\n<p class=\"wp-block-paragraph\">\u201cEsta disparidad normativa genera vac\u00edos legales que impiden sancionar a los agresores y garantizan su impunidad. En los estados donde a\u00fan no est\u00e1 tipificada, como Colima, Durango, Estado de M\u00e9xico, Guanajuato, Nuevo Le\u00f3n, Quer\u00e9taro, San Luis Potos\u00ed, Tabasco, Veracruz y Chihuahua, las v\u00edctimas carecen de un marco legal que reconozca su condici\u00f3n y las proteja eficazmente\u201d, especifican.<\/p>\n\n\n\n<p class=\"wp-block-paragraph\">Adem\u00e1s, reconocen que la falta de informaci\u00f3n confiable sobre este tema limita la creaci\u00f3n de pol\u00edticas p\u00fablicas efectivas y aseguran que contar con indicadores claros permitir\u00eda medir avances, detectar rezagos y, sobre todo, visibilizar a las v\u00edctimas que actualmente permanecen fuera de los registros oficiales.<\/p>\n\n\n\n<p class=\"wp-block-paragraph\">Por ello, las senadoras y el coordinador del GPPT urgen a construir un sistema nacional de datos sobre violencia vicaria, que recopile informaci\u00f3n de las fiscal\u00edas, tribunales, refugios y organizaciones civiles. \u201cNo basta con castigar al agresor; es necesario transformar las estructuras que permiten que la violencia se perpet\u00fae\u201d.<\/p>\n\n\n\n<p class=\"wp-block-paragraph\">\u201cLa violencia vicaria no es un hecho aislado, es el reflejo extremo de un sistema que permite que el dolor de las mujeres y la infancia sea utilizado como herramienta de control. Combatirla exige sensibilidad, compromiso y una justicia con rostro humano\u201d, concluyeron.<\/p>\n\n\n\n<p class=\"wp-block-paragraph\">SEM\/sj<\/p>\n","protected":false},"excerpt":{"rendered":"<p>Redacci\u00f3n SemM\u00e9xico, Ciudad de M\u00e9xico, 3 de noviembre, 2025.- Senadoras del Partido del Trabajo llamaron a los Congresos de Colima, Durango, Estado de M\u00e9xico, Guanajuato, Nuevo Le\u00f3n, Quer\u00e9taro, San Luis Potos\u00ed, Tabasco, Veracruz y Chihuahua a armonizar sus respectivos C\u00f3digos Penales a fin de tipificar la violencia vicaria como delito. De esta manera, se busca [&hellip;]<\/p>\n","protected":false},"author":3,"featured_media":100144,"comment_status":"open","ping_status":"open","sticky":false,"template":"","format":"standard","meta":{"_monsterinsights_skip_tracking":false,"footnotes":""},"categories":[50],"tags":[],"class_list":["post-100143","post","type-post","status-publish","format-standard","has-post-thumbnail","category-congreso"],"_links":{"self":[{"href":"https:\/\/redsemlac.com\/semmexico\/wp-json\/wp\/v2\/posts\/100143","targetHints":{"allow":["GET"]}}],"collection":[{"href":"https:\/\/redsemlac.com\/semmexico\/wp-json\/wp\/v2\/posts"}],"about":[{"href":"https:\/\/redsemlac.com\/semmexico\/wp-json\/wp\/v2\/types\/post"}],"author":[{"embeddable":true,"href":"https:\/\/redsemlac.com\/semmexico\/wp-json\/wp\/v2\/users\/3"}],"replies":[{"embeddable":true,"href":"https:\/\/redsemlac.com\/semmexico\/wp-json\/wp\/v2\/comments?post=100143"}],"version-history":[{"count":0,"href":"https:\/\/redsemlac.com\/semmexico\/wp-json\/wp\/v2\/posts\/100143\/revisions"}],"wp:featuredmedia":[{"embeddable":true,"href":"https:\/\/redsemlac.com\/semmexico\/wp-json\/wp\/v2\/media\/100144"}],"wp:attachment":[{"href":"https:\/\/redsemlac.com\/semmexico\/wp-json\/wp\/v2\/media?parent=100143"}],"wp:term":[{"taxonomy":"category","embeddable":true,"href":"https:\/\/redsemlac.com\/semmexico\/wp-json\/wp\/v2\/categories?post=100143"},{"taxonomy":"post_tag","embeddable":true,"href":"https:\/\/redsemlac.com\/semmexico\/wp-json\/wp\/v2\/tags?post=100143"}],"curies":[{"name":"wp","href":"https:\/\/api.w.org\/{rel}","templated":true}]}}