{"id":100137,"date":"2025-11-03T17:49:38","date_gmt":"2025-11-03T23:49:38","guid":{"rendered":"https:\/\/redsemlac.com\/semmexico\/?p=100137"},"modified":"2025-11-03T17:49:39","modified_gmt":"2025-11-03T23:49:39","slug":"la-opinion-el-asesinato-de-carlos-manzo-una-atrocidad","status":"publish","type":"post","link":"https:\/\/redsemlac.com\/semmexico\/la-opinion-el-asesinato-de-carlos-manzo-una-atrocidad\/","title":{"rendered":"La opini\u00f3n| El asesinato de Carlos Manzo: una atrocidad"},"content":{"rendered":"\n<p class=\"wp-block-paragraph\">Ang\u00e9lica de la Pe\u00f1a<\/p>\n\n\n\n<p class=\"wp-block-paragraph\">SemM\u00e9xico, Ciudad de M\u00e9xico, 3 de noviembre, 2025.- El homicidio&nbsp;de Carlos Manzo Rodr\u00edguez fue una&nbsp;cr\u00f3nica anunciada&nbsp;que se debi\u00f3 prevenir; ni modo que no se supiera que&nbsp;al evidenciar&nbsp;las tropel\u00edas del crimen organizado&nbsp;no corriera&nbsp;riesgos.<\/p>\n\n\n\n<p class=\"wp-block-paragraph\">El&nbsp;alcalde de Uruapan, Michoac\u00e1n, se puso del lado de la poblaci\u00f3n que gobernaba y&nbsp;no cedi\u00f3&nbsp;a las amenazas, aun poniendo en riesgo su vida. Pero&nbsp;no lo atendieron,&nbsp;lo dejaron solo, a merced de sus asesinos.<\/p>\n\n\n\n<p class=\"wp-block-paragraph\">Hay intereses&nbsp;que hoy se confirman nuevamente son&nbsp;m\u00e1s poderosos&nbsp;que lo que pueda reclamar un alcalde de Michoac\u00e1n o un&nbsp;l\u00edder limonero.<\/p>\n\n\n\n<p class=\"wp-block-paragraph\">Por desgracia para la naci\u00f3n, su asesinato&nbsp;solo constata&nbsp;que no importan las vidas de quienes exigen al gobierno cumpla con su&nbsp;responsabilidad legal&nbsp;de atender los reclamos justos de quienes se animan a exponer la&nbsp;crisis de inseguridad&nbsp;por las amenazas a su gobierno y a la poblaci\u00f3n que gobierna.<\/p>\n\n\n\n<p class=\"wp-block-paragraph\">Por&nbsp;no ser agachones,&nbsp;por no ceder su poder institucional a las amenazas de los malosos que se empoderaron y&nbsp;se ufanan&nbsp;de su poder, de manera m\u00e1s aguda gracias a los&nbsp;seis a\u00f1os&nbsp;de abrazos no balazos, la pol\u00edtica impuesta arbitrariamente por el expresidente L\u00f3pez Obrador. No est\u00e1bamos bien, pero con la&nbsp;<em>4T<\/em>&nbsp;estamos peor.<\/p>\n\n\n\n<p class=\"wp-block-paragraph\">Este asesinato,&nbsp;y otros m\u00e1s que se han venido uno tras otro en todo el pa\u00eds, es resultado de la&nbsp;criminal actitud&nbsp;del gobierno que, en lugar de contenerlos y penalizarlos, los ha dejado&nbsp;crecer impunemente&nbsp;y se ha perdido la l\u00ednea de la separaci\u00f3n entre&nbsp;las mafias&nbsp;y los gobiernos.<\/p>\n\n\n\n<p class=\"wp-block-paragraph\">Porque&nbsp;todo el pa\u00eds&nbsp;escuch\u00f3 al alcalde de Uruapan hacerle un reiterado llamado a la presidenta Sheinbaum que&nbsp;no se olvidase&nbsp;de su municipio, que pusiera atenci\u00f3n a parar a los c\u00e1rteles, porque \u201cdesde hace m\u00e1s de 25 a\u00f1os&nbsp;se ha complicado&nbsp;la situaci\u00f3n de los municipios\u201d. Afirmaba que&nbsp;el enemigo&nbsp;estaba en casa, ya que hab\u00eda funcionarios que&nbsp;operaban&nbsp;para los malos, que pasaban informaci\u00f3n para que no se tuviera \u00e9xito en lograr la paz: \u00e9l mismo&nbsp;fue v\u00edctima&nbsp;de una confabulaci\u00f3n para acallarlo, para que no siguiera cobrando&nbsp;fuerza pol\u00edtica&nbsp;m\u00e1s all\u00e1 de su municipio.<\/p>\n\n\n\n<p class=\"wp-block-paragraph\">Ubic\u00f3 con precisi\u00f3n que&nbsp;las fiscal\u00edas,&nbsp;la del estado y la de la Rep\u00fablica, ten\u00edan que hacer su trabajo para evitar que los ministerios p\u00fablicos&nbsp;liberasen&nbsp;a los delincuentes, cuando espor\u00e1dicamente son aprehendidos, por&nbsp;evidente corrupci\u00f3n.<\/p>\n\n\n\n<p class=\"wp-block-paragraph\">Carlos Manzo dijo que la delincuencia&nbsp;no tiene honor.&nbsp;Este alcalde de Uruapan lo constat\u00f3, lo se\u00f1al\u00f3 y&nbsp;lo evidenci\u00f3.&nbsp;Sab\u00eda que se hab\u00edan entregado muchos municipios de Michoac\u00e1n a la&nbsp;delincuencia organizada.&nbsp;Y alert\u00f3: si no se detiene la delincuencia, estamos frente a un Estado fallido. \u00c9l&nbsp;fue v\u00edctima&nbsp;de un Estado fallido.<\/p>\n\n\n\n<p class=\"wp-block-paragraph\">Porque&nbsp;dijo con valent\u00eda&nbsp;lo que otras organizaciones sociales y pol\u00edticos de oposici\u00f3n han reiterado: que los grupos criminales tienen el&nbsp;control del pa\u00eds.<\/p>\n\n\n\n<p class=\"wp-block-paragraph\">A partir de las diversas&nbsp;entrevistas y discursos&nbsp;que dio escuch\u00e9 reacciones que lo aplaud\u00edan por su valent\u00eda de exponer,&nbsp;p\u00fablicamente,&nbsp;la inseguridad y la contundencia en su reclamo al gobierno federal; tambi\u00e9n con preocupaci\u00f3n que estaba tocando&nbsp;fibras mal\u00e9volas&nbsp;que proceder\u00edan a matarlo, a menos de que se le protegiera, lo que&nbsp;no pas\u00f3&nbsp;el s\u00e1bado pasado.<\/p>\n\n\n\n<p class=\"wp-block-paragraph\">Su asesinato prueba&nbsp;el abandono&nbsp;del \u00e1mbito municipal frente a la delincuencia organizada.&nbsp;Siete alcaldes&nbsp;han sido asesinados durante el gobierno de Claudia Sheinbaum; Carlos Manzo&nbsp;evidenci\u00f3&nbsp;un sistema que hoy lo ha acallado. Este asesinato tendr\u00e1&nbsp;enormes repercusiones;&nbsp;al tiempo\u2026<\/p>\n\n\n\n<ul class=\"wp-block-list\">\n<li><em>Defensora de derechos humanos<\/em><\/li>\n<\/ul>\n","protected":false},"excerpt":{"rendered":"<p>Ang\u00e9lica de la Pe\u00f1a SemM\u00e9xico, Ciudad de M\u00e9xico, 3 de noviembre, 2025.- El homicidio&nbsp;de Carlos Manzo Rodr\u00edguez fue una&nbsp;cr\u00f3nica anunciada&nbsp;que se debi\u00f3 prevenir; ni modo que no se supiera que&nbsp;al evidenciar&nbsp;las tropel\u00edas del crimen organizado&nbsp;no corriera&nbsp;riesgos. El&nbsp;alcalde de Uruapan, Michoac\u00e1n, se puso del lado de la poblaci\u00f3n que gobernaba y&nbsp;no cedi\u00f3&nbsp;a las amenazas, aun poniendo [&hellip;]<\/p>\n","protected":false},"author":3,"featured_media":86539,"comment_status":"open","ping_status":"open","sticky":false,"template":"","format":"standard","meta":{"_monsterinsights_skip_tracking":false,"footnotes":""},"categories":[725,110,35],"tags":[],"class_list":["post-100137","post","type-post","status-publish","format-standard","has-post-thumbnail","category-angelica-de-la-pena","category-la-opinion-columnas","category-opinion"],"_links":{"self":[{"href":"https:\/\/redsemlac.com\/semmexico\/wp-json\/wp\/v2\/posts\/100137","targetHints":{"allow":["GET"]}}],"collection":[{"href":"https:\/\/redsemlac.com\/semmexico\/wp-json\/wp\/v2\/posts"}],"about":[{"href":"https:\/\/redsemlac.com\/semmexico\/wp-json\/wp\/v2\/types\/post"}],"author":[{"embeddable":true,"href":"https:\/\/redsemlac.com\/semmexico\/wp-json\/wp\/v2\/users\/3"}],"replies":[{"embeddable":true,"href":"https:\/\/redsemlac.com\/semmexico\/wp-json\/wp\/v2\/comments?post=100137"}],"version-history":[{"count":0,"href":"https:\/\/redsemlac.com\/semmexico\/wp-json\/wp\/v2\/posts\/100137\/revisions"}],"wp:featuredmedia":[{"embeddable":true,"href":"https:\/\/redsemlac.com\/semmexico\/wp-json\/wp\/v2\/media\/86539"}],"wp:attachment":[{"href":"https:\/\/redsemlac.com\/semmexico\/wp-json\/wp\/v2\/media?parent=100137"}],"wp:term":[{"taxonomy":"category","embeddable":true,"href":"https:\/\/redsemlac.com\/semmexico\/wp-json\/wp\/v2\/categories?post=100137"},{"taxonomy":"post_tag","embeddable":true,"href":"https:\/\/redsemlac.com\/semmexico\/wp-json\/wp\/v2\/tags?post=100137"}],"curies":[{"name":"wp","href":"https:\/\/api.w.org\/{rel}","templated":true}]}}