{"id":100134,"date":"2025-11-03T17:43:37","date_gmt":"2025-11-03T23:43:37","guid":{"rendered":"https:\/\/redsemlac.com\/semmexico\/?p=100134"},"modified":"2025-11-03T17:43:38","modified_gmt":"2025-11-03T23:43:38","slug":"fernanda-trias-premio-de-literatura-sor-juana-ines-de-la-cruz-2025","status":"publish","type":"post","link":"https:\/\/redsemlac.com\/semmexico\/fernanda-trias-premio-de-literatura-sor-juana-ines-de-la-cruz-2025\/","title":{"rendered":"Fernanda Tr\u00edas, Premio de Literatura Sor Juana In\u00e9s de la Cruz 2025"},"content":{"rendered":"\n<ul class=\"wp-block-list\">\n<li>Por la creaci\u00f3n de\u00a0<em>El monte de las furias,<\/em>\u00a0\u201cuna novela que se enra\u00edza en la tradici\u00f3n narrativa latinoamericana\u201d.<\/li>\n\n\n\n<li>La escritora uruguaya recibir\u00e1 el galard\u00f3n en diciembre en el marco de la FIL<\/li>\n<\/ul>\n\n\n\n<p class=\"wp-block-paragraph\">SemM\u00e9xico, Ciudad de M\u00e9xico, 3 de noviembre, 2025.- La escritora uruguaya Fernanda Tr\u00edas, por su novela&nbsp;<em>El monte de las furias<\/em>, recibir\u00e1 elPremio de Literatura Sor Juana In\u00e9s de la Cruz 2025, por ser \u201cuna novela que se enra\u00edza en la tradici\u00f3n narrativa latinoamericana, reconfigur\u00e1ndola mediante un excepcional punto de vista femenino lleno de hallazgos y matices\u201d.<\/p>\n\n\n\n<p class=\"wp-block-paragraph\">As\u00ed lo determin\u00f3 el jurado integrado por Giselle Etcheverry Walker, Patricia C\u00f3rdova Abundis y Juli\u00e1n Herbert, quienes tras haber examinado y discutido cuidadosamente las postulaciones, decidi\u00f3 conceder por unanimidad el premio a la escritora Tr\u00edas, inform\u00f3 la Gaceta de la Universidad de Guadajara.<\/p>\n\n\n\n<p class=\"wp-block-paragraph\">La ceremonia de&nbsp;entrega se realizar\u00e1 el mi\u00e9rcoles 3 de diciembre, durante la celebraci\u00f3n de la edici\u00f3n 39 de la Feria Internacional del Libro de Guadalajara.<\/p>\n\n\n\n<p class=\"wp-block-paragraph\">Adem\u00e1s de se\u00f1alar a sus exc\u00e9ntricos personajes, que resultan v\u00edvidos y entra\u00f1ables,&nbsp;el comit\u00e9 de especialistas destac\u00f3 el ritmo del lenguaje po\u00e9tico&nbsp;y al mismo tiempo precis\u00f3, que genera atm\u00f3sferas y escenas memorables en la obra.<\/p>\n\n\n\n<p class=\"wp-block-paragraph\">\u201cLa vida eremita de una mujer, su descarnada visi\u00f3n del erotismo y la irrupci\u00f3n en su escenario de una siniestra violencia humana sirven de marco a un relato que concilia las genealog\u00edas femeninas con la invisibilizaci\u00f3n del trabajo, la ruina de lo urbano con la a\u00f1oranza del mundo rural, el gozo de la soledad con la pulsi\u00f3n del deseo\u201d, asegur\u00f3 el jurado calificador en su acta resolutiva.<\/p>\n\n\n\n<p class=\"wp-block-paragraph\">Fernanda Tr\u00edas&nbsp;naci\u00f3 en Uruguay en 1976 y es narradora, traductora y docente. Public\u00f3&nbsp;<em>Cuaderno para un solo ojo, La azotea, La ciudad invencible, No so\u00f1ar\u00e1s flores<\/em>&nbsp;y&nbsp;<em>Mugre rosa<\/em>. Por&nbsp;<em>Mugre rosa<\/em>&nbsp;recibi\u00f3 el apoyo de la residencia E\u00f1e\/Casa de Vel\u00e1zquez (Espa\u00f1a, 2018), el Premio Nacional de Literatura (Uruguay, 2020), el Premio Bartolom\u00e9 Hidalgo de la cr\u00edtica (Uruguay, 2021) y, por primera vez, el Sor Juana In\u00e9s de la Cruz de la FIL Guadalajara en 2021, y fue finalista en los National Book Awards. Tanto&nbsp;<em>La azotea<\/em>&nbsp;como&nbsp;<em>Mugre rosa<\/em>&nbsp;obtuvieron el British PEN Translates Award (2020 y 2022). Sus novelas se han traducido a m\u00e1s de quince lenguas.<\/p>\n\n\n\n<p class=\"wp-block-paragraph\">Dotado con diez mil d\u00f3lares, la&nbsp;edici\u00f3n 33 del&nbsp;Premio de Literatura Sor Juana In\u00e9s de la Cruz&nbsp;es posible gracias al apoyo del Claustro de Sor Juana. Instituido en 1993, este reconocimiento fue concebido y bautizado por la escritora nicarag\u00fcense Milagros Palma, y premia a la autora de una novela publicada originalmente en espa\u00f1ol.<\/p>\n\n\n\n<p class=\"wp-block-paragraph\">El Jurado determin\u00f3 tambi\u00e9n&nbsp;otorgar una menci\u00f3n honor\u00edfica a la escritora argentina Adriana Riva por su novela&nbsp;<em>Ruth<\/em>, ya que esta obra \u00ababorda con agudeza y sensibilidad los m\u00e1rgenes de la representaci\u00f3n literaria de la vejez femenina. Adem\u00e1s, desmitifica con luz y ludismo la senectud y la sororidad a trav\u00e9s de un personaje entra\u00f1able\u00bb.<\/p>\n\n\n\n<p class=\"wp-block-paragraph\">SEM\/sj<\/p>\n","protected":false},"excerpt":{"rendered":"<p>SemM\u00e9xico, Ciudad de M\u00e9xico, 3 de noviembre, 2025.- La escritora uruguaya Fernanda Tr\u00edas, por su novela&nbsp;El monte de las furias, recibir\u00e1 elPremio de Literatura Sor Juana In\u00e9s de la Cruz 2025, por ser \u201cuna novela que se enra\u00edza en la tradici\u00f3n narrativa latinoamericana, reconfigur\u00e1ndola mediante un excepcional punto de vista femenino lleno de hallazgos y [&hellip;]<\/p>\n","protected":false},"author":3,"featured_media":100135,"comment_status":"open","ping_status":"open","sticky":false,"template":"","format":"standard","meta":{"_monsterinsights_skip_tracking":false,"footnotes":""},"categories":[694],"tags":[],"class_list":["post-100134","post","type-post","status-publish","format-standard","has-post-thumbnail","category-destacadas"],"_links":{"self":[{"href":"https:\/\/redsemlac.com\/semmexico\/wp-json\/wp\/v2\/posts\/100134","targetHints":{"allow":["GET"]}}],"collection":[{"href":"https:\/\/redsemlac.com\/semmexico\/wp-json\/wp\/v2\/posts"}],"about":[{"href":"https:\/\/redsemlac.com\/semmexico\/wp-json\/wp\/v2\/types\/post"}],"author":[{"embeddable":true,"href":"https:\/\/redsemlac.com\/semmexico\/wp-json\/wp\/v2\/users\/3"}],"replies":[{"embeddable":true,"href":"https:\/\/redsemlac.com\/semmexico\/wp-json\/wp\/v2\/comments?post=100134"}],"version-history":[{"count":0,"href":"https:\/\/redsemlac.com\/semmexico\/wp-json\/wp\/v2\/posts\/100134\/revisions"}],"wp:featuredmedia":[{"embeddable":true,"href":"https:\/\/redsemlac.com\/semmexico\/wp-json\/wp\/v2\/media\/100135"}],"wp:attachment":[{"href":"https:\/\/redsemlac.com\/semmexico\/wp-json\/wp\/v2\/media?parent=100134"}],"wp:term":[{"taxonomy":"category","embeddable":true,"href":"https:\/\/redsemlac.com\/semmexico\/wp-json\/wp\/v2\/categories?post=100134"},{"taxonomy":"post_tag","embeddable":true,"href":"https:\/\/redsemlac.com\/semmexico\/wp-json\/wp\/v2\/tags?post=100134"}],"curies":[{"name":"wp","href":"https:\/\/api.w.org\/{rel}","templated":true}]}}