{"id":100131,"date":"2025-11-03T17:36:03","date_gmt":"2025-11-03T23:36:03","guid":{"rendered":"https:\/\/redsemlac.com\/semmexico\/?p=100131"},"modified":"2025-11-03T17:36:04","modified_gmt":"2025-11-03T23:36:04","slug":"carlos-manzo-el-alcalde-de-uruapan-que-derroto-a-morena-a-sombrerazos","status":"publish","type":"post","link":"https:\/\/redsemlac.com\/semmexico\/carlos-manzo-el-alcalde-de-uruapan-que-derroto-a-morena-a-sombrerazos\/","title":{"rendered":"Carlos Manzo, el alcalde de Uruapan que derrot\u00f3 a Morena a \u201csombrerazos\u201d"},"content":{"rendered":"\n<ul class=\"wp-block-list\">\n<li>Se convirti\u00f3 en alcalde de Uruapan, Michoac\u00e1n, tras romper con Morena<\/li>\n\n\n\n<li>Encabez\u00f3 un movimiento de pol\u00edticos independientes en la regi\u00f3n<\/li>\n<\/ul>\n\n\n\n<p class=\"wp-block-paragraph\">Juan Carlos Rodr\u00edguez<\/p>\n\n\n\n<p class=\"wp-block-paragraph\">SemM\u00e9xico\/El Sol de M\u00e9xico, 3 de noviembre, 2025.- Carlos Manzo, alcalde de&nbsp;Uruapan&nbsp;asesinado la noche del s\u00e1bado en una plaza p\u00fablica, no s\u00f3lo era la m\u00e1xima autoridad en la segunda ciudad m\u00e1s poblada e industrializada de Michoac\u00e1n, tambi\u00e9n era el&nbsp;l\u00edder de un movimiento que cimbr\u00f3 las estructuras locales de Morena.<\/p>\n\n\n\n<p class=\"wp-block-paragraph\">Manzo Rodr\u00edguez, de 40 a\u00f1os y con dos hijos menores de edad, era el&nbsp;dirigente del llamado \u201cMovimiento del Sombrero\u201d, una corriente de l\u00edderes&nbsp;sin partido&nbsp;que en las pasadas elecciones federales&nbsp;gan\u00f3 posiciones estrat\u00e9gicas&nbsp;por sus posturas cr\u00edticas hacia la falta de medicamentos, la corrupci\u00f3n policial, la inseguridad y las extorsiones que agobian a los productores de Uruapan.<\/p>\n\n\n\n<p class=\"wp-block-paragraph\">Ubicado en el coraz\u00f3n de la&nbsp;regi\u00f3n aguacatera&nbsp;de Michoac\u00e1n,&nbsp;Uruapan&nbsp;se ha convertido en un n\u00facleo donde&nbsp;la prosperidad econ\u00f3mica agr\u00edcola convive con una violencia estructural alimentada por el crimen organizado.<\/p>\n\n\n\n<p class=\"wp-block-paragraph\">El municipio destaca como uno de los&nbsp;principales productores de aguacate en M\u00e9xico, pero esta riqueza ha atra\u00eddo la mirada de&nbsp;c\u00e1rteles&nbsp;que extorsionan a productores, empacadoras y trabajadores, convirtiendo el \u201coro verde\u201d en bot\u00edn y moneda de cambio.<\/p>\n\n\n\n<p class=\"wp-block-paragraph\">El 2 de junio de 2024,&nbsp;Manzo gan\u00f3 la alcald\u00eda de Uruapan por la v\u00eda independiente con 66 por ciento de los votos, lo que borr\u00f3 del mapa al candidato de la&nbsp;alianza Morena-Verde-PT&nbsp;y presidente municipal que en ese momento&nbsp;buscaba la reelecci\u00f3n, Ignacio Campos, quien obtuvo 19.4 por ciento de los sufragios.<\/p>\n\n\n\n<p class=\"wp-block-paragraph\">Junto con Manzo, los otros \u201csombrerudos\u201d sin partido que ganaron los comicios fueron&nbsp;Guadalupe Arias&nbsp;(una diputaci\u00f3n federal), Carlos&nbsp;Bautista Tafolla y Conrado Paz Torres&nbsp;(diputaciones locales), todos ellos oriundos de Uruapan, donde viven unos 350 mil habitantes<\/p>\n\n\n\n<p class=\"wp-block-paragraph\">El triunfo de los cuatro independientes represent\u00f3 un desaf\u00edo para los partidos tradicionales del municipio y el estado, pues no s\u00f3lo ganaron los comicios con escasos recursos financieros, sino que&nbsp;capitalizaron el apoyo popular a trav\u00e9s de iniciativas como recaudar medicinas sin caducar para repartirlas&nbsp;entre quienes m\u00e1s las necesitan, realizar&nbsp;rondines ciudadanos o reciclar papel para reducir la tala de \u00e1rboles.<\/p>\n\n\n\n<p class=\"wp-block-paragraph\">\u201cVamos a gobernar con honestidad, con valent\u00eda, y&nbsp;vamos a luchar por los intereses del pueblo. Eso nos puede costar la vida, pero si tenemos al pueblo de nuestro lado, eso va a ser nuestra mejor arma\u201d, dijo Manzo, abogado de profesi\u00f3n, en entrevista con este reportero, el 9 junio del a\u00f1o pasado.<\/p>\n\n\n\n<p class=\"wp-block-paragraph\">En aquella ocasi\u00f3n,&nbsp;Manzo coment\u00f3 que su proyecto se construy\u00f3 en enero de 2024, cuando&nbsp;Morena&nbsp;hizo una&nbsp;encuesta poco transparente&nbsp;para elegir al candidato a la presidencia municipal, y&nbsp;Manzo no result\u00f3 ganador, pese a contar con una amplia base social.<\/p>\n\n\n\n<p class=\"wp-block-paragraph\">Manzo, que estaba terminando su gesti\u00f3n como&nbsp;diputado federal de Morena, aunque sin afiliarse al partido,&nbsp;decidi\u00f3 romper con el partido guinda&nbsp;y comenz\u00f3 a reunir las casi&nbsp;cinco mil firmas&nbsp;que le ped\u00eda la&nbsp;autoridad electoral&nbsp;para registrarse como&nbsp;candidato independiente.<\/p>\n\n\n\n<p class=\"wp-block-paragraph\">\u201cTengo entendido que las mediciones que hicieron en Morena nos daban un amplio respaldo, pero al final&nbsp;decidieron postular a Ignacio Campos, del que yo hab\u00eda sido&nbsp;muy cr\u00edtico por su mal desempe\u00f1o\u201d, expuso aquella ocasi\u00f3n.<\/p>\n\n\n\n<p class=\"wp-block-paragraph\">Tras una campa\u00f1a en la que era com\u00fan verlo andar a pie con sombrero de palma y un morral de ixtle,&nbsp;Manzo&nbsp;lleg\u00f3 a la&nbsp;presidencia municipal&nbsp;con la&nbsp;convicci\u00f3n&nbsp;de que el poder local puede ejercerse&nbsp;sin someterse a los grupos criminales. Su&nbsp;asesinato&nbsp;no solo trunc\u00f3 una trayectoria pol\u00edtica, tambi\u00e9n&nbsp;evidenci\u00f3 el alto costo de intentar gobernar una de las regiones m\u00e1s disputadas del pa\u00eds.<\/p>\n\n\n\n<p class=\"wp-block-paragraph\">Carlos Alberto Manzo Rodr\u00edguez es hijo del activista Juan Manzo Ceja, quien fue el fundador en Uruapan de la primera galer\u00eda comercial para artistas pl\u00e1sticos. Tambi\u00e9n fue&nbsp;pionero de la resistencia civil pac\u00edfica&nbsp;y defendi\u00f3 los ideales de justicia, democracia y equidad social.<\/p>\n\n\n\n<p class=\"wp-block-paragraph\">Fallecido en 2012,&nbsp;Juan Manzo Ceja&nbsp;es recordado porque en&nbsp;1992, durante tres d\u00edas, emprendi\u00f3 una jornada de protesta civil pac\u00edfica para&nbsp;denunciar fraude electoral en las elecciones locales.<\/p>\n\n\n\n<p class=\"wp-block-paragraph\">\u201cMi pap\u00e1 fue un activista social aqu\u00ed en Uruapan en los a\u00f1os noventa y desde muy chico me he involucrado en las actividades pol\u00edticas\u201d, coment\u00f3 Manzo, quien debut\u00f3 en pol\u00edtica como integrante del Frente Juvenil Revolucionario del PRI, hace un par de d\u00e9cadas.<\/p>\n\n\n\n<p class=\"wp-block-paragraph\">SEM\/ElSoldeM\u00e9xico\/jcr<\/p>\n","protected":false},"excerpt":{"rendered":"<p>Juan Carlos Rodr\u00edguez SemM\u00e9xico\/El Sol de M\u00e9xico, 3 de noviembre, 2025.- Carlos Manzo, alcalde de&nbsp;Uruapan&nbsp;asesinado la noche del s\u00e1bado en una plaza p\u00fablica, no s\u00f3lo era la m\u00e1xima autoridad en la segunda ciudad m\u00e1s poblada e industrializada de Michoac\u00e1n, tambi\u00e9n era el&nbsp;l\u00edder de un movimiento que cimbr\u00f3 las estructuras locales de Morena. Manzo Rodr\u00edguez, de [&hellip;]<\/p>\n","protected":false},"author":3,"featured_media":100132,"comment_status":"open","ping_status":"open","sticky":false,"template":"","format":"standard","meta":{"_monsterinsights_skip_tracking":false,"footnotes":""},"categories":[694],"tags":[],"class_list":["post-100131","post","type-post","status-publish","format-standard","has-post-thumbnail","category-destacadas"],"_links":{"self":[{"href":"https:\/\/redsemlac.com\/semmexico\/wp-json\/wp\/v2\/posts\/100131","targetHints":{"allow":["GET"]}}],"collection":[{"href":"https:\/\/redsemlac.com\/semmexico\/wp-json\/wp\/v2\/posts"}],"about":[{"href":"https:\/\/redsemlac.com\/semmexico\/wp-json\/wp\/v2\/types\/post"}],"author":[{"embeddable":true,"href":"https:\/\/redsemlac.com\/semmexico\/wp-json\/wp\/v2\/users\/3"}],"replies":[{"embeddable":true,"href":"https:\/\/redsemlac.com\/semmexico\/wp-json\/wp\/v2\/comments?post=100131"}],"version-history":[{"count":0,"href":"https:\/\/redsemlac.com\/semmexico\/wp-json\/wp\/v2\/posts\/100131\/revisions"}],"wp:featuredmedia":[{"embeddable":true,"href":"https:\/\/redsemlac.com\/semmexico\/wp-json\/wp\/v2\/media\/100132"}],"wp:attachment":[{"href":"https:\/\/redsemlac.com\/semmexico\/wp-json\/wp\/v2\/media?parent=100131"}],"wp:term":[{"taxonomy":"category","embeddable":true,"href":"https:\/\/redsemlac.com\/semmexico\/wp-json\/wp\/v2\/categories?post=100131"},{"taxonomy":"post_tag","embeddable":true,"href":"https:\/\/redsemlac.com\/semmexico\/wp-json\/wp\/v2\/tags?post=100131"}],"curies":[{"name":"wp","href":"https:\/\/api.w.org\/{rel}","templated":true}]}}