{"id":100121,"date":"2025-11-03T17:09:29","date_gmt":"2025-11-03T23:09:29","guid":{"rendered":"https:\/\/redsemlac.com\/semmexico\/?p=100121"},"modified":"2025-11-03T17:09:29","modified_gmt":"2025-11-03T23:09:29","slug":"morras-malditas-comparten-leyendas-de-oaxaca-y-sonora-en-su-primer-libro","status":"publish","type":"post","link":"https:\/\/redsemlac.com\/semmexico\/morras-malditas-comparten-leyendas-de-oaxaca-y-sonora-en-su-primer-libro\/","title":{"rendered":"\u201cMorras Malditas\u201d comparten leyendas de Oaxaca y Sonora en su primer libro"},"content":{"rendered":"\n<ul class=\"wp-block-list\">\n<li>El proyecto creado por Janet M\u00e9rida y Erika Maldonado da el salto del podcast a la letra impresa<\/li>\n<\/ul>\n\n\n\n<p class=\"wp-block-paragraph\">Luis Valdovinos<\/p>\n\n\n\n<p class=\"wp-block-paragraph\">SemM\u00e9xico\/El Sol de M\u00e9xico, Ciudad de M\u00e9xico, 3 de noviembre, 2025.- Del formato de p\u00f3dcast al de libro:&nbsp;<strong>\u201c<\/strong>Morras Malditas: Apaguemos la luz y entremos a la noche\u201d, el proyecto de terror conformado por&nbsp;Janet M\u00e9rida y Erika Maldonado, da el salto a una nueva etapa para adentrarse en las historias y leyendas m\u00e1s inquietantes de los pueblos de M\u00e9xico.<\/p>\n\n\n\n<p class=\"wp-block-paragraph\">Con el objetivo de rescatar y visibilizar la rica tradici\u00f3n oral y las creencias sobrenaturales arraigadas en la cultura mexicana, el libro surgi\u00f3 hace un a\u00f1o y medio, inspirado en los vol\u00famenes de leyendas que sus autoras le\u00edan y escuchaban cuando eran ni\u00f1as.&nbsp;<\/p>\n\n\n\n<p class=\"wp-block-paragraph\">As\u00ed, el proyecto combina esas memorias con las ra\u00edces personales de ambas, dedicando una parte a&nbsp;Oaxaca&nbsp;y otra a Sonora, sus lugares de origen.<\/p>\n\n\n\n<p class=\"wp-block-paragraph\">\u201cNosotras apostamos por las historias de las comunidades, este libro no solo recupera historias de fantasmas, sino la historia de un pa\u00eds, de los pueblos que conforman nuestro pa\u00eds. El&nbsp;libro es muy cultural, es muy antropol\u00f3gico tambi\u00e9n\u201d, explic\u00f3 en entrevista la autora Janet M\u00e9rida.<\/p>\n\n\n\n<p class=\"wp-block-paragraph\">\u201cLas historias van de diferentes \u00e9pocas, incluso se narran y se puede entender un poco c\u00f3mo era el M\u00e9xico en ese momento; la apuesta es que no se mueran las historias, lo rico que se siente juntarse en familia o con amigos y empezar a contar historias\u201d, dijo Erika Maldonado.<\/p>\n\n\n\n<p class=\"wp-block-paragraph\">\u201cApaguemos la luz y entremos a la noche\u201d, ilustrado por Erika Maldonado, es tambi\u00e9n una manera de evocar el inicio del&nbsp;podcast,cuyo primer episodio<strong>, <\/strong>\u201cHistorias de Norte a Sur\u201d,&nbsp;marc\u00f3 el comienzo de un recorrido que suma m\u00e1s de 240 episodios hasta la fecha.<\/p>\n\n\n\n<p class=\"wp-block-paragraph\">El proceso de escribirlo represent\u00f3 un viaje a los lugares que habitan sus p\u00e1ginas: en Oaxaca, Santos Reyes Tepejillo, Yosonicaje y&nbsp;Santa Catarina Ixtepeji; y en Sonora, Huatabampo<strong>,<\/strong>&nbsp;\u00c1lamos, Hermosillo, Moronc\u00e1rit, Yavaros y San Rafael de Ures, territorios que dieron vida a las historias y leyendas recopiladas.&nbsp;<\/p>\n\n\n\n<p class=\"wp-block-paragraph\">Aunque ya conoc\u00edan esos sitios, la experiencia les permiti\u00f3 profundizar en sus ra\u00edces, redescubrir sus tradiciones y conectar de una forma m\u00e1s \u00edntima con su gente y sus relatos, siendo una \u201ccr\u00f3nica de viaje\u201d.<\/p>\n\n\n\n<p class=\"wp-block-paragraph\">\u201cCreemos que la gente cuando lo lea va a sentir muchas ganas de conocer m\u00e1s M\u00e9xico y nostalgia de conocer sus comunidades. Esto puede detonar que cada persona que lo lea diga \u00a1ah\u00ed de d\u00f3nde es mi origen, de d\u00f3nde es mi gente!\u201d, explic\u00f3 Janet M\u00e9rida.<\/p>\n\n\n\n<p class=\"wp-block-paragraph\">\u201cFui reportera muchos a\u00f1os, entonces la din\u00e1mica que hicimos en el viaje fue llegar a las comunidades y hacer entrevistas con la gente, armar el&nbsp;<strong>libro&nbsp;<\/strong>fue vaciar todas esas entrevistas, transcribir todo y empezar a darle forma a las historias\u201d, a\u00f1adi\u00f3 la autora.<\/p>\n\n\n\n<p class=\"wp-block-paragraph\">\u201cApaguemos la luz y entremos a la noche\u201dya est\u00e1 disponible&nbsp;y pr\u00f3ximamente tendr\u00e1 versi\u00f3n en audiolibro narrado por las autoras.<\/p>\n\n\n\n<p class=\"wp-block-paragraph\">SEM\/Sol de M\u00e9xico\/lv<\/p>\n","protected":false},"excerpt":{"rendered":"<p>Luis Valdovinos SemM\u00e9xico\/El Sol de M\u00e9xico, Ciudad de M\u00e9xico, 3 de noviembre, 2025.- Del formato de p\u00f3dcast al de libro:&nbsp;\u201cMorras Malditas: Apaguemos la luz y entremos a la noche\u201d, el proyecto de terror conformado por&nbsp;Janet M\u00e9rida y Erika Maldonado, da el salto a una nueva etapa para adentrarse en las historias y leyendas m\u00e1s inquietantes [&hellip;]<\/p>\n","protected":false},"author":3,"featured_media":100122,"comment_status":"open","ping_status":"open","sticky":false,"template":"","format":"standard","meta":{"_monsterinsights_skip_tracking":false,"footnotes":""},"categories":[748],"tags":[],"class_list":["post-100121","post","type-post","status-publish","format-standard","has-post-thumbnail","category-cultura-feminista"],"_links":{"self":[{"href":"https:\/\/redsemlac.com\/semmexico\/wp-json\/wp\/v2\/posts\/100121","targetHints":{"allow":["GET"]}}],"collection":[{"href":"https:\/\/redsemlac.com\/semmexico\/wp-json\/wp\/v2\/posts"}],"about":[{"href":"https:\/\/redsemlac.com\/semmexico\/wp-json\/wp\/v2\/types\/post"}],"author":[{"embeddable":true,"href":"https:\/\/redsemlac.com\/semmexico\/wp-json\/wp\/v2\/users\/3"}],"replies":[{"embeddable":true,"href":"https:\/\/redsemlac.com\/semmexico\/wp-json\/wp\/v2\/comments?post=100121"}],"version-history":[{"count":0,"href":"https:\/\/redsemlac.com\/semmexico\/wp-json\/wp\/v2\/posts\/100121\/revisions"}],"wp:featuredmedia":[{"embeddable":true,"href":"https:\/\/redsemlac.com\/semmexico\/wp-json\/wp\/v2\/media\/100122"}],"wp:attachment":[{"href":"https:\/\/redsemlac.com\/semmexico\/wp-json\/wp\/v2\/media?parent=100121"}],"wp:term":[{"taxonomy":"category","embeddable":true,"href":"https:\/\/redsemlac.com\/semmexico\/wp-json\/wp\/v2\/categories?post=100121"},{"taxonomy":"post_tag","embeddable":true,"href":"https:\/\/redsemlac.com\/semmexico\/wp-json\/wp\/v2\/tags?post=100121"}],"curies":[{"name":"wp","href":"https:\/\/api.w.org\/{rel}","templated":true}]}}