{"id":100118,"date":"2025-11-03T16:51:53","date_gmt":"2025-11-03T22:51:53","guid":{"rendered":"https:\/\/redsemlac.com\/semmexico\/?p=100118"},"modified":"2025-11-03T16:51:54","modified_gmt":"2025-11-03T22:51:54","slug":"jovenes-criadas-en-casa-de-las-mercedes-piden-que-regresen-a-las-menores-al-refugio","status":"publish","type":"post","link":"https:\/\/redsemlac.com\/semmexico\/jovenes-criadas-en-casa-de-las-mercedes-piden-que-regresen-a-las-menores-al-refugio\/","title":{"rendered":"J\u00f3venes criadas en Casa de las Mercedes piden que regresen a las menores al refugio"},"content":{"rendered":"\n<ul class=\"wp-block-list\">\n<li>Testimonios acusaron que est\u00e1n en un lugar donde no tienen condiciones b\u00e1sicas de salubridad y de alimentaci\u00f3n<\/li>\n<\/ul>\n\n\n\n<p class=\"wp-block-paragraph\">Karla Mora<\/p>\n\n\n\n<p class=\"wp-block-paragraph\">SemM\u00e9xico\/El Sol de M\u00e9xico, 3 de noviembre, 2025.- Decenas de&nbsp;mujeres que crecieron en el refugio&nbsp;Casa de las Mercedes, as\u00ed como colaboradoras y padrinos de las menores que ah\u00ed viv\u00edan,&nbsp;urgieron a las autoridades de la Ciudad de M\u00e9xico regresar a las menores al refugio, ya que&nbsp;actualmente est\u00e1n en un lugar insalubre, sin los cuidados que necesitan.<\/p>\n\n\n\n<p class=\"wp-block-paragraph\">Afuera de la casa ubicada en el n\u00famero 18 de la calle Miguel Shultz colonia San Rafael, la cual tiene sellos de suspensi\u00f3n de actividades,&nbsp;j\u00f3venes negaron que existiera alg\u00fan tipo de&nbsp;explotaci\u00f3n&nbsp;y, al contrario, expusieron que en ese lugar las menores reciben el cuidado que no tuvieron&nbsp;de instituciones como el&nbsp;DIF o la Fiscal\u00eda General de Justicia de la CDMX.<\/p>\n\n\n\n<p class=\"wp-block-paragraph\">El 29 de octubre en un operativo dirigido por el DIF Ciudad de M\u00e9xico,&nbsp;80 mujeres menores de edad que viv\u00edan en las dos sedes de la Casa de las Mercedes fueron trasladadas de los refugios, debido a la&nbsp;investigaci\u00f3n de un supuesto caso de&nbsp;violaci\u00f3n&nbsp;en contra de una adolescente que viv\u00eda en uno de ellos.<\/p>\n\n\n\n<p class=\"wp-block-paragraph\">Seg\u00fan las autoridades capitalinas, la&nbsp;denunciante mand\u00f3 una carta al DIF&nbsp;en la que se\u00f1al\u00f3 que la&nbsp;directora del albergue, \u00c1ngela N, sacaba a las j\u00f3venes de obligada a hacer labores dom\u00e9sticas y, en una de esas ocasiones,&nbsp;la llev\u00f3 a una casa donde la agredi\u00f3 sexualmente Aquiles N, hermano de la directora.<\/p>\n\n\n\n<p class=\"wp-block-paragraph\">Testimonios de madres y amigos de las menores se\u00f1alaron que las&nbsp;ni\u00f1as y adolescentes fueron llevadas a un centro de migraci\u00f3n en Iztacalco, donde llegan migrantes e indigentes. Dos j\u00f3venes menores de edad que acuden a la escuela con algunas de ellas aseveraron que las&nbsp;adolescentes les dicen que no comen bien y no pueden ba\u00f1arse todos los d\u00edas.<\/p>\n\n\n\n<p class=\"wp-block-paragraph\">En conferencia de prensa, Elena, quien fue institucionalizada desde los siete a\u00f1os y criada en el refugio, calific\u00f3 como&nbsp;absurdo y bajo decir que las autoridades rescataron a las menores, pues fueron llevadas a la fuerza, sin un protocolo.<\/p>\n\n\n\n<p class=\"wp-block-paragraph\"><em>\u201cYo creo que esto se est\u00e1 convirtiendo en un tema pol\u00edtico; pero 80 vidas y 80 historias no pueden ser eso (&#8230;). Muchas de ellas no tienen red de apoyo, son muy vulnerables, no tienen las herramientas para salir adelante. <\/em>Elena.<\/p>\n\n\n\n<p class=\"wp-block-paragraph\">Araceli,&nbsp;madre&nbsp;de una de las&nbsp;menores&nbsp;presuntamente rescatadas, declar\u00f3 que, en el refugio, las encargadas cuidan a las ni\u00f1as, las llevan a pasear y les dan herramientas para salir adelante. Relat\u00f3 que lleg\u00f3 al refugio despu\u00e9s de que \u201cme vaciaron mi casa y me qued\u00e9 sin lugar donde vivir\u201d.<\/p>\n\n\n\n<p class=\"wp-block-paragraph\"><em>\u201cDeber\u00edan de ver en el lugar que est\u00e1n hoy, un lugar horrible, feo, ni cobijas tienen, tienen puras s\u00e1banas con chinches y apestosas a humedad. Les dan nada de comer, \u00a1ah, pero les dieron dulcecitos de Halloween, todos caducados y duros!<\/em>\u201d Araceli.<\/p>\n\n\n\n<p class=\"wp-block-paragraph\">Sobre la&nbsp;investigaci\u00f3n contra Aquiles N, acusado de violaci\u00f3n&nbsp;por una joven que estuvo en el refugio, las manifestantes comentaron que esa&nbsp;acusaci\u00f3n es independiente de lo que ellas defienden y dijeron desconocer la situaci\u00f3n denunciada.<\/p>\n\n\n\n<p class=\"wp-block-paragraph\">SEM\/Sol de M\u00e9xico\/km<\/p>\n","protected":false},"excerpt":{"rendered":"<p>Karla Mora SemM\u00e9xico\/El Sol de M\u00e9xico, 3 de noviembre, 2025.- Decenas de&nbsp;mujeres que crecieron en el refugio&nbsp;Casa de las Mercedes, as\u00ed como colaboradoras y padrinos de las menores que ah\u00ed viv\u00edan,&nbsp;urgieron a las autoridades de la Ciudad de M\u00e9xico regresar a las menores al refugio, ya que&nbsp;actualmente est\u00e1n en un lugar insalubre, sin los cuidados [&hellip;]<\/p>\n","protected":false},"author":3,"featured_media":100119,"comment_status":"open","ping_status":"open","sticky":false,"template":"","format":"standard","meta":{"_monsterinsights_skip_tracking":false,"footnotes":""},"categories":[48],"tags":[],"class_list":["post-100118","post","type-post","status-publish","format-standard","has-post-thumbnail","category-no-mas-impunidad-no-mas-impunidad"],"_links":{"self":[{"href":"https:\/\/redsemlac.com\/semmexico\/wp-json\/wp\/v2\/posts\/100118","targetHints":{"allow":["GET"]}}],"collection":[{"href":"https:\/\/redsemlac.com\/semmexico\/wp-json\/wp\/v2\/posts"}],"about":[{"href":"https:\/\/redsemlac.com\/semmexico\/wp-json\/wp\/v2\/types\/post"}],"author":[{"embeddable":true,"href":"https:\/\/redsemlac.com\/semmexico\/wp-json\/wp\/v2\/users\/3"}],"replies":[{"embeddable":true,"href":"https:\/\/redsemlac.com\/semmexico\/wp-json\/wp\/v2\/comments?post=100118"}],"version-history":[{"count":0,"href":"https:\/\/redsemlac.com\/semmexico\/wp-json\/wp\/v2\/posts\/100118\/revisions"}],"wp:featuredmedia":[{"embeddable":true,"href":"https:\/\/redsemlac.com\/semmexico\/wp-json\/wp\/v2\/media\/100119"}],"wp:attachment":[{"href":"https:\/\/redsemlac.com\/semmexico\/wp-json\/wp\/v2\/media?parent=100118"}],"wp:term":[{"taxonomy":"category","embeddable":true,"href":"https:\/\/redsemlac.com\/semmexico\/wp-json\/wp\/v2\/categories?post=100118"},{"taxonomy":"post_tag","embeddable":true,"href":"https:\/\/redsemlac.com\/semmexico\/wp-json\/wp\/v2\/tags?post=100118"}],"curies":[{"name":"wp","href":"https:\/\/api.w.org\/{rel}","templated":true}]}}