{"id":100114,"date":"2025-11-03T16:44:10","date_gmt":"2025-11-03T22:44:10","guid":{"rendered":"https:\/\/redsemlac.com\/semmexico\/?p=100114"},"modified":"2025-11-03T16:44:11","modified_gmt":"2025-11-03T22:44:11","slug":"el-lince-entre-el-miedo-y-la-indiferencia","status":"publish","type":"post","link":"https:\/\/redsemlac.com\/semmexico\/el-lince-entre-el-miedo-y-la-indiferencia\/","title":{"rendered":"El Lince| Entre el miedo y la indiferencia"},"content":{"rendered":"\n<p class=\"wp-block-paragraph\">C\u00e9sar A. V\u00e1zquez Lince<\/p>\n\n\n\n<p class=\"wp-block-paragraph\">\u201cEl precio de desentenderse de la pol\u00edtica es ser gobernado<\/p>\n\n\n\n<p class=\"wp-block-paragraph\">por los peores hombres.\u201d<br>\u2014 Plat\u00f3n<\/p>\n\n\n\n<p class=\"wp-block-paragraph\">SemM\u00e9xico, Ciudad de M\u00e9xico, 3 de noviembre, 2025.- Otra vez la muerte tuvo nombre, rostro y oficio. Se llam\u00f3&nbsp;<strong>Carlos Manzo Rodr\u00edguez<\/strong>, alcalde de Uruapan, y tuvo la osad\u00eda de pedir ayuda al gobierno federal antes de ser ejecutado. Dijo:&nbsp;<em>\u201cNo quiero ser otro de los alcaldes asesinados.\u201d<\/em>&nbsp;Y lo fue.<\/p>\n\n\n\n<p class=\"wp-block-paragraph\"><br>Hace apenas unas semanas,&nbsp;Jos\u00e9 Guadalupe Casas Rodr\u00edguez, conocido como&nbsp;<em>Don Nico<\/em>, transmit\u00eda en vivo mientras denunciaba los baches de su calle. No gritaba consignas, no hablaba de revoluci\u00f3n: ped\u00eda caminos transitables. Y lo mataron a balazos.<\/p>\n\n\n\n<p class=\"wp-block-paragraph\">Dos hombres distintos. Uno gobernaba, el otro solo ped\u00eda dignidad. Ambos fueron asesinados por atreverse a se\u00f1alar el abandono, ambas v\u00edctimas de un Estado que ya no gobierna, sino que administra la resignaci\u00f3n.<\/p>\n\n\n\n<p class=\"wp-block-paragraph\">\u201cCuando el crimen se hace costumbre, la virtud se vuelve sospechosa.\u201d<br>\u2014 Montesquieu<\/p>\n\n\n\n<p class=\"wp-block-paragraph\">M\u00e9xico ya no est\u00e1 al borde del precipicio: hace tiempo que cay\u00f3, y el gobierno a\u00fan discute si conviene mirar hacia abajo. Mientras el pa\u00eds arde, el discurso oficial prefiere hablar de solidaridad con&nbsp;Cuba&nbsp;o&nbsp;Venezuela, de abrazos ideol\u00f3gicos con reg\u00edmenes que, parad\u00f3jicamente, persiguen la libertad que aqu\u00ed tambi\u00e9n agoniza.<\/p>\n\n\n\n<p class=\"wp-block-paragraph\"><br>La mayor\u00eda de los mexicanos no queremos adoctrinamientos tropicales ni consignas importadas: queremos&nbsp;vivir sin miedo, queremos que&nbsp;caigan los dictadores all\u00e1 y los criminales ac\u00e1.<\/p>\n\n\n\n<p class=\"wp-block-paragraph\">Pero en Palacio Nacional parece m\u00e1s importante posar con l\u00edderes extranjeros que mirar a los ojos a las viudas de los alcaldes, a los hu\u00e9rfanos de los polic\u00edas o a los vecinos que cada d\u00eda pagan extorsiones para seguir vendiendo tortillas, carne o gasolina. Porque s\u00ed:&nbsp;el crimen organizado maneja ya los precios de la canasta b\u00e1sica. Decide qui\u00e9n vende, qui\u00e9n transporta, qui\u00e9n vive y qui\u00e9n no. Y el Estado, convertido en un espectador impotente, apenas se atreve a poner vallas cuando alguien exige justicia.<\/p>\n\n\n\n<p class=\"wp-block-paragraph\">\u201cEl poder no corrompe. El miedo corrompe&#8230; el miedo a perder el poder.\u201d<br>\u2014 John Steinbeck<\/p>\n\n\n\n<p class=\"wp-block-paragraph\">El&nbsp;secretario de Seguridad y Protecci\u00f3n Ciudadana&nbsp;repite su letan\u00eda de cifras ama\u00f1adas, mientras las morgues se llenan de nombres que no caben en sus reportes. La&nbsp;estrategia oficial&nbsp;\u2014si es que alguna existe\u2014 se hunde en un pantano de improvisaci\u00f3n y propaganda. Hablan de \u201ccoordinaci\u00f3n interinstitucional\u201d, pero los ciudadanos solo vemos funerales intersemanales.<\/p>\n\n\n\n<p class=\"wp-block-paragraph\">M\u00e9xico se desangra mientras su gobierno gasta en diplomacia simb\u00f3lica y abrazos selectivos. Los criminales dominan territorios, impuestos y precios; los funcionarios honestos mueren pidiendo ayuda.<\/p>\n\n\n\n<p class=\"wp-block-paragraph\">Y nosotros, los que a\u00fan escribimos, solo podemos insistir:&nbsp;la indiferencia tambi\u00e9n mata.<\/p>\n\n\n\n<p class=\"wp-block-paragraph\">\u201cEl mayor castigo para quienes no se interesan por la pol\u00edtica es que ser\u00e1n gobernados por los que s\u00ed lo hacen, pero peor.\u201d<br>\u2014 Arist\u00f3teles<\/p>\n\n\n\n<p class=\"wp-block-paragraph\">Porque si el gobierno ya no puede \u2014o no quiere\u2014 garantizar la vida de quienes sirven y denuncian, \u00bfqu\u00e9 nos queda a los dem\u00e1s?<\/p>\n\n\n\n<p class=\"wp-block-paragraph\">Quiz\u00e1 solo el derecho \u2014y el deber\u2014 de&nbsp;no callar.<\/p>\n","protected":false},"excerpt":{"rendered":"<p>C\u00e9sar A. V\u00e1zquez Lince \u201cEl precio de desentenderse de la pol\u00edtica es ser gobernado por los peores hombres.\u201d\u2014 Plat\u00f3n SemM\u00e9xico, Ciudad de M\u00e9xico, 3 de noviembre, 2025.- Otra vez la muerte tuvo nombre, rostro y oficio. Se llam\u00f3&nbsp;Carlos Manzo Rodr\u00edguez, alcalde de Uruapan, y tuvo la osad\u00eda de pedir ayuda al gobierno federal antes de [&hellip;]<\/p>\n","protected":false},"author":3,"featured_media":100116,"comment_status":"open","ping_status":"open","sticky":false,"template":"","format":"standard","meta":{"_monsterinsights_skip_tracking":false,"footnotes":""},"categories":[110,82,35],"tags":[],"class_list":["post-100114","post","type-post","status-publish","format-standard","has-post-thumbnail","category-la-opinion-columnas","category-la-opinion","category-opinion"],"_links":{"self":[{"href":"https:\/\/redsemlac.com\/semmexico\/wp-json\/wp\/v2\/posts\/100114","targetHints":{"allow":["GET"]}}],"collection":[{"href":"https:\/\/redsemlac.com\/semmexico\/wp-json\/wp\/v2\/posts"}],"about":[{"href":"https:\/\/redsemlac.com\/semmexico\/wp-json\/wp\/v2\/types\/post"}],"author":[{"embeddable":true,"href":"https:\/\/redsemlac.com\/semmexico\/wp-json\/wp\/v2\/users\/3"}],"replies":[{"embeddable":true,"href":"https:\/\/redsemlac.com\/semmexico\/wp-json\/wp\/v2\/comments?post=100114"}],"version-history":[{"count":0,"href":"https:\/\/redsemlac.com\/semmexico\/wp-json\/wp\/v2\/posts\/100114\/revisions"}],"wp:featuredmedia":[{"embeddable":true,"href":"https:\/\/redsemlac.com\/semmexico\/wp-json\/wp\/v2\/media\/100116"}],"wp:attachment":[{"href":"https:\/\/redsemlac.com\/semmexico\/wp-json\/wp\/v2\/media?parent=100114"}],"wp:term":[{"taxonomy":"category","embeddable":true,"href":"https:\/\/redsemlac.com\/semmexico\/wp-json\/wp\/v2\/categories?post=100114"},{"taxonomy":"post_tag","embeddable":true,"href":"https:\/\/redsemlac.com\/semmexico\/wp-json\/wp\/v2\/tags?post=100114"}],"curies":[{"name":"wp","href":"https:\/\/api.w.org\/{rel}","templated":true}]}}