{"id":100096,"date":"2025-10-31T20:42:29","date_gmt":"2025-11-01T02:42:29","guid":{"rendered":"https:\/\/redsemlac.com\/semmexico\/?p=100096"},"modified":"2025-10-31T20:42:30","modified_gmt":"2025-11-01T02:42:30","slug":"sentencian-a-feminicida-de-youtuber-hechos-ocurridos-en-2018-en-acapulco","status":"publish","type":"post","link":"https:\/\/redsemlac.com\/semmexico\/sentencian-a-feminicida-de-youtuber-hechos-ocurridos-en-2018-en-acapulco\/","title":{"rendered":"Sentencian a feminicida de youtuber, hechos ocurridos en 2018 en Acapulco"},"content":{"rendered":"\n<p class=\"wp-block-paragraph\">\u00b7 Leslie Ann Pamela Montenegro, era conocida como \u201cLa Nana Pelucas\u201d<\/p>\n\n\n\n<p class=\"wp-block-paragraph\">\u00b7 El sentenciado hab\u00eda sido detenido en 2020 en el estado de Puebla<\/p>\n\n\n\n<p class=\"wp-block-paragraph\">Isabel Ortega Morales SemM\u00e9xico\/Ceprovysa, Chilpancingo, 31 de octubre, 2025.- La Fiscal\u00eda General del Estado de Guerrero inform\u00f3 que, por el asesinato de Leslie Ann Pamela Montenegro, youtuber conocida como \u201cLa Nana Pelucas\u201d, se obtuvo una sentencia condenatoria de 27 a\u00f1os y seis meses de prisi\u00f3n contra una persona del sexo masculino conocido como Edgar \u201cN\u201d.<\/p>\n\n\n\n<p class=\"wp-block-paragraph\">La detenci\u00f3n de Edgar \u201cN\u201d fue en agosto del 2020, en el estado de Puebla. La acci\u00f3n form\u00f3 parte de una orden de aprehensi\u00f3n girada en su contra por un Juez y cumplimentada por elementos de la polic\u00eda ministerial de Gurrero en coordinaci\u00f3n con la Fiscal\u00eda Especializada en Combate al Secuestro de Puebla.<\/p>\n\n\n\n<p class=\"wp-block-paragraph\">De acuerdo con un comunicado de la instituci\u00f3n, la sentencia en contra de Edgar N est\u00e1 respaldada por una investigaci\u00f3n y trasciende que tambi\u00e9n se le investiga por presunta participaci\u00f3n en hechos de extorsi\u00f3n, incluso su relaci\u00f3n con un grupo generador de violencia en el Puerto.<\/p>\n\n\n\n<p class=\"wp-block-paragraph\">Cabe recordar que Leslie Ann Pamela Montenegro, youtuber que se presentaba como \u201cLa Nana Pelucas\u201d fue ultimada dentro de su restaurante \u201cA todos los santos\u201d en Acapulco la noche del 5 de febrero de 2018.<\/p>\n\n\n\n<p class=\"wp-block-paragraph\">La youtuber y bloquera transmit\u00eda a trav\u00e9s de su canal de You Tube llamado \u201cEl sill\u00f3n Magaz\u00edn\u201d.<\/p>\n\n\n\n<p class=\"wp-block-paragraph\">Su programa ten\u00eda contenido de s\u00e1tira en el que abordaba temas de funcionarios, sobre todo de Acapulco.<\/p>\n\n\n\n<p class=\"wp-block-paragraph\">La noche de su asesinato, Leslie cenaba en su restaurant con su familia y de acuerdo a los datos de ese hecho, dos sujetos, armados con arma de fuego, entraron al local y dispararon contra la bloguera priv\u00e1ndola de la vida.<\/p>\n\n\n\n<p class=\"wp-block-paragraph\"><\/p>\n","protected":false},"excerpt":{"rendered":"<p>\u00b7 Leslie Ann Pamela Montenegro, era conocida como \u201cLa Nana Pelucas\u201d \u00b7 El sentenciado hab\u00eda sido detenido en 2020 en el estado de Puebla Isabel Ortega Morales SemM\u00e9xico\/Ceprovysa, Chilpancingo, 31 de octubre, 2025.- La Fiscal\u00eda General del Estado de Guerrero inform\u00f3 que, por el asesinato de Leslie Ann Pamela Montenegro, youtuber conocida como \u201cLa Nana [&hellip;]<\/p>\n","protected":false},"author":3,"featured_media":100097,"comment_status":"open","ping_status":"open","sticky":false,"template":"","format":"standard","meta":{"_monsterinsights_skip_tracking":false,"footnotes":""},"categories":[48],"tags":[],"class_list":["post-100096","post","type-post","status-publish","format-standard","has-post-thumbnail","category-no-mas-impunidad-no-mas-impunidad"],"_links":{"self":[{"href":"https:\/\/redsemlac.com\/semmexico\/wp-json\/wp\/v2\/posts\/100096","targetHints":{"allow":["GET"]}}],"collection":[{"href":"https:\/\/redsemlac.com\/semmexico\/wp-json\/wp\/v2\/posts"}],"about":[{"href":"https:\/\/redsemlac.com\/semmexico\/wp-json\/wp\/v2\/types\/post"}],"author":[{"embeddable":true,"href":"https:\/\/redsemlac.com\/semmexico\/wp-json\/wp\/v2\/users\/3"}],"replies":[{"embeddable":true,"href":"https:\/\/redsemlac.com\/semmexico\/wp-json\/wp\/v2\/comments?post=100096"}],"version-history":[{"count":0,"href":"https:\/\/redsemlac.com\/semmexico\/wp-json\/wp\/v2\/posts\/100096\/revisions"}],"wp:featuredmedia":[{"embeddable":true,"href":"https:\/\/redsemlac.com\/semmexico\/wp-json\/wp\/v2\/media\/100097"}],"wp:attachment":[{"href":"https:\/\/redsemlac.com\/semmexico\/wp-json\/wp\/v2\/media?parent=100096"}],"wp:term":[{"taxonomy":"category","embeddable":true,"href":"https:\/\/redsemlac.com\/semmexico\/wp-json\/wp\/v2\/categories?post=100096"},{"taxonomy":"post_tag","embeddable":true,"href":"https:\/\/redsemlac.com\/semmexico\/wp-json\/wp\/v2\/tags?post=100096"}],"curies":[{"name":"wp","href":"https:\/\/api.w.org\/{rel}","templated":true}]}}