{"id":100084,"date":"2025-10-31T19:25:10","date_gmt":"2025-11-01T01:25:10","guid":{"rendered":"https:\/\/redsemlac.com\/semmexico\/?p=100084"},"modified":"2025-10-31T19:25:11","modified_gmt":"2025-11-01T01:25:11","slug":"proponen-promocion-contra-el-cancer-de-mama-en-lenguas-indigenas","status":"publish","type":"post","link":"https:\/\/redsemlac.com\/semmexico\/proponen-promocion-contra-el-cancer-de-mama-en-lenguas-indigenas\/","title":{"rendered":"Proponen promoci\u00f3n contra el c\u00e1ncer de mama en lenguas ind\u00edgenas"},"content":{"rendered":"\n<ul class=\"wp-block-list\">\n<li>Adem\u00e1s de servicios de salud en las comunidades, pide el senador Emmanuel Reyes<\/li>\n\n\n\n<li>Mal\u00fa Micher dice que es necesario implementar una cartilla de salud de las mujeres ind\u00edgenas<\/li>\n<\/ul>\n\n\n\n<p class=\"wp-block-paragraph\">Redacci\u00f3n<\/p>\n\n\n\n<p class=\"wp-block-paragraph\">SemM\u00e9xico, Ciudad de M\u00e9xico, 31 de octubre, 2025.- El sistema de salud debe adoptar mecanismos de prevenci\u00f3n sobre el c\u00e1ncer de mam\u00e1 en lenguas ind\u00edgenas y lograr que los servicios de salud lleguen a las comunidades m\u00e1s alejadas del pa\u00eds, propuso el senador Emmanuel Reyes Carmona.<\/p>\n\n\n\n<p class=\"wp-block-paragraph\">\u201cNo podemos seguir esperando que las mujeres crucen distancias, venzan obst\u00e1culos en su camino y a la burocracia, s\u00f3lo para tener acceso b\u00e1sico a la atenci\u00f3n m\u00e9dica, eso no es igualdad, igualdad es acercar la atenci\u00f3n a d\u00f3nde est\u00e1 la vida real de la gente, de nuestras mujeres ind\u00edgenas\u201d.<\/p>\n\n\n\n<p class=\"wp-block-paragraph\">En la inauguraci\u00f3n del foro \u201cPrevenci\u00f3n del c\u00e1ncer de mama en el marco del A\u00f1o de la Mujer Ind\u00edgena\u201d, el presidente de la Comisi\u00f3n de Econom\u00eda dijo que desde el Senado de la Rep\u00fablica y la C\u00e1mara de Diputados se busca construir una visi\u00f3n compartida donde la salud de las ni\u00f1as, adolescentes y mujeres ind\u00edgenas sea vista como un tema pendiente y empiece a entenderse como prioridad del Estado mexicano.<\/p>\n\n\n\n<p class=\"wp-block-paragraph\">Nuestra responsabilidad, desde el Poder Legislativo, es empujar los cambios normativos y presupuestales que aseguren que el idioma de una mujer nunca m\u00e1s sea el obst\u00e1culo para recibir informaci\u00f3n clara sobre su propio cuerpo, o para acceder a servicios de prevenci\u00f3n o para recibir acompa\u00f1amiento oportuno en materia de salud.<\/p>\n\n\n\n<p class=\"wp-block-paragraph\"><strong>Una cartilla de salud de las ind\u00edgenas<\/strong><\/p>\n\n\n\n<p class=\"wp-block-paragraph\">Por su parte, Martha Luc\u00eda Micher Camarena, presidenta de la Comisi\u00f3n para la Igualdad de G\u00e9nero, propuso implementar una cartilla de salud de las mujeres ind\u00edgenas, en la que se registre adem\u00e1s del cuadro b\u00e1sico de atenci\u00f3n, estudios cl\u00ednicos como mastograf\u00edas, Papanicolau, ultrasonidos mamarios y otros an\u00e1lisis necesarios que coadyuven a monitorear su condici\u00f3n cl\u00ednica.<\/p>\n\n\n\n<p class=\"wp-block-paragraph\">Se\u00f1al\u00f3 que, a la fecha, no existen estudios precisos sobre diagn\u00f3sticos y prevalencia del c\u00e1ncer de mama de los pueblos originarios de nuestro pa\u00eds, y eso se debe a que no hab\u00edan sido visibilizados en las pol\u00edticas p\u00fablicas, aunado a que en estas zonas la ideolog\u00eda del machismo es un obst\u00e1culo que les impide a ellas realizarse revisiones m\u00e9dicas sin la autorizaci\u00f3n de sus esposos.<\/p>\n\n\n\n<p class=\"wp-block-paragraph\">Por ello, consider\u00f3 que se deben implementar campa\u00f1as informativas en los idiomas de las comunidades ind\u00edgenas que existen en nuestro pa\u00eds, as\u00ed como desplazarse a estas localidades para llevar mast\u00f3grafos y todos los aparatos necesarios para realizarles an\u00e1lisis, a fin de acercar los servicios de salud preventiva, principalmente de c\u00e1ncer de mama.<\/p>\n\n\n\n<p class=\"wp-block-paragraph\">En tanto, Jos\u00e9 Manuel Cruz Castellanos, presidente de la Comisi\u00f3n de Salud, reiter\u00f3 su reconocimiento por el anuncio de la presidenta Claudia Sheinbaum Pardo, sobre el Modelo de Atenci\u00f3n Universal de C\u00e1ncer de Mama, que ayudar\u00e1 a combatir esta enfermedad, y dijo que hasta dentro de cinco a\u00f1os, se observar\u00e1 el impacto en la poblaci\u00f3n, por lo que espera cifras de reducci\u00f3n de este padecimiento.<\/p>\n\n\n\n<p class=\"wp-block-paragraph\"><strong>Se visibiliza a la poblaci\u00f3n ind\u00edgena<\/strong><\/p>\n\n\n\n<p class=\"wp-block-paragraph\">Al tomar la palabra, Edith L\u00f3pez Hern\u00e1ndez, presidenta de la Comisi\u00f3n de Pueblos Ind\u00edgenas y Afromexicanos, destac\u00f3 el trabajo en esta Legislatura por reconocer en la Constituci\u00f3n a las comunidades ind\u00edgenas y afromexicanas de nuestro pa\u00eds, porque a partir de esto, se visibiliza a esta poblaci\u00f3n y se le est\u00e1 colocando en el centro de las pol\u00edticas p\u00fablicas como en el caso de la prevenci\u00f3n de la salud y la atenci\u00f3n m\u00e9dica.<\/p>\n\n\n\n<p class=\"wp-block-paragraph\">En su intervenci\u00f3n, Reyna Celeste Ascencio Ortega, presidenta de la Comisi\u00f3n de Derechos Humanos, coincidi\u00f3 en la necesidad de emprender campa\u00f1as informativas de prevenci\u00f3n y atenci\u00f3n de la salud sexual y reproductiva, as\u00ed como lo referente al c\u00e1ncer de mama, en los idiomas de las comunidades ind\u00edgenas, con el objetivo de lograr una comunicaci\u00f3n efectiva que provoque que ellas se realicen los estudios correspondientes para cuidar su cuerpo.<\/p>\n\n\n\n<p class=\"wp-block-paragraph\">SEM\/sj<\/p>\n","protected":false},"excerpt":{"rendered":"<p>Redacci\u00f3n SemM\u00e9xico, Ciudad de M\u00e9xico, 31 de octubre, 2025.- El sistema de salud debe adoptar mecanismos de prevenci\u00f3n sobre el c\u00e1ncer de mam\u00e1 en lenguas ind\u00edgenas y lograr que los servicios de salud lleguen a las comunidades m\u00e1s alejadas del pa\u00eds, propuso el senador Emmanuel Reyes Carmona. \u201cNo podemos seguir esperando que las mujeres crucen [&hellip;]<\/p>\n","protected":false},"author":3,"featured_media":100085,"comment_status":"open","ping_status":"open","sticky":false,"template":"","format":"standard","meta":{"_monsterinsights_skip_tracking":false,"footnotes":""},"categories":[50],"tags":[],"class_list":["post-100084","post","type-post","status-publish","format-standard","has-post-thumbnail","category-congreso"],"_links":{"self":[{"href":"https:\/\/redsemlac.com\/semmexico\/wp-json\/wp\/v2\/posts\/100084","targetHints":{"allow":["GET"]}}],"collection":[{"href":"https:\/\/redsemlac.com\/semmexico\/wp-json\/wp\/v2\/posts"}],"about":[{"href":"https:\/\/redsemlac.com\/semmexico\/wp-json\/wp\/v2\/types\/post"}],"author":[{"embeddable":true,"href":"https:\/\/redsemlac.com\/semmexico\/wp-json\/wp\/v2\/users\/3"}],"replies":[{"embeddable":true,"href":"https:\/\/redsemlac.com\/semmexico\/wp-json\/wp\/v2\/comments?post=100084"}],"version-history":[{"count":0,"href":"https:\/\/redsemlac.com\/semmexico\/wp-json\/wp\/v2\/posts\/100084\/revisions"}],"wp:featuredmedia":[{"embeddable":true,"href":"https:\/\/redsemlac.com\/semmexico\/wp-json\/wp\/v2\/media\/100085"}],"wp:attachment":[{"href":"https:\/\/redsemlac.com\/semmexico\/wp-json\/wp\/v2\/media?parent=100084"}],"wp:term":[{"taxonomy":"category","embeddable":true,"href":"https:\/\/redsemlac.com\/semmexico\/wp-json\/wp\/v2\/categories?post=100084"},{"taxonomy":"post_tag","embeddable":true,"href":"https:\/\/redsemlac.com\/semmexico\/wp-json\/wp\/v2\/tags?post=100084"}],"curies":[{"name":"wp","href":"https:\/\/api.w.org\/{rel}","templated":true}]}}