{"id":100081,"date":"2025-10-31T19:23:36","date_gmt":"2025-11-01T01:23:36","guid":{"rendered":"https:\/\/redsemlac.com\/semmexico\/?p=100081"},"modified":"2025-10-31T19:23:36","modified_gmt":"2025-11-01T01:23:36","slug":"vive-al-y-el-caribe-un-acelerado-cambio-demografico-baja-fecundidad-y-envejecimiento","status":"publish","type":"post","link":"https:\/\/redsemlac.com\/semmexico\/vive-al-y-el-caribe-un-acelerado-cambio-demografico-baja-fecundidad-y-envejecimiento\/","title":{"rendered":"Vive AL y el Caribe un acelerado cambio demogr\u00e1fico, baja fecundidad y envejecimiento"},"content":{"rendered":"\n<ul class=\"wp-block-list\">\n<li>Culmina VI Reuni\u00f3n de la Mesa Directiva de la Conferencia Regional sobre Poblaci\u00f3n y Desarrollo de Am\u00e9rica Latina y el Caribe<\/li>\n\n\n\n<li>6,5 % por ciento de la poblaci\u00f3n vive con alg\u00fan tipo de discapacidad<\/li>\n<\/ul>\n\n\n\n<p class=\"wp-block-paragraph\">Redacci\u00f3n<\/p>\n\n\n\n<p class=\"wp-block-paragraph\">SemM\u00e9xico, Santiago, Chile, 31 de octubre, 2025.- \u201cAm\u00e9rica Latina y el Caribe viven un acelerado cambio demogr\u00e1fico, con fuertes impactos sobre las sociedades, las econom\u00edas y el medioambiente. El envejecimiento poblacional, en particular, supone importantes desaf\u00edos y oportunidades para los pa\u00edses de la regi\u00f3n.<\/p>\n\n\n\n<p class=\"wp-block-paragraph\">As\u00ed lo advirti\u00f3 en la apertura del encuentro Javier Medina V\u00e1squez, secretario ejecutivo Adjunto a.i. de la CEPAL, quien apunt\u00f3 \u201cobservaremos, por ejemplo, un aumento significativo en la demanda de pensiones, salud y servicios de cuidados de largo plazo\u201d,<\/p>\n\n\n\n<p class=\"wp-block-paragraph\">Durante la Sexta Reuni\u00f3n de la Mesa Directiva de la Conferencia Regional sobre Poblaci\u00f3n y Desarrollo de Am\u00e9rica Latina y el Caribe, se llam\u00f3 a \u201creforzar el cumplimiento de las medidas prioritarias establecidas en el&nbsp;<a href=\"https:\/\/cepal.us12.list-manage.com\/track\/click?u=863aa7e4bbd506a1908b6de03&amp;id=2b2946a004&amp;e=7b861bd2b4\" target=\"_blank\" rel=\"noreferrer noopener\">Consenso de Montevideo sobre Poblaci\u00f3n y Desarrollo<\/a>, hoja de ruta regional en la materia, a trav\u00e9s de la ejecuci\u00f3n de acciones espec\u00edficas, la asignaci\u00f3n adecuada de recursos y el fortalecimiento de mecanismos institucionales adecuados para su implementaci\u00f3n y seguimiento\u201d.<\/p>\n\n\n\n<p class=\"wp-block-paragraph\">Al finalizar la reuni\u00f3n en la sede central de la CEPAL, reconocieron avances en la implementaci\u00f3n del&nbsp;Consenso de Montevideo sobre Poblaci\u00f3n y Desarrollo adoptado en 2013; sin embargo, llamaron a redoblar esfuerzos para lograr su plena ejecuci\u00f3n y alertaron sobre temas como la baja fecundidad, el envejecimiento demogr\u00e1fico y los desaf\u00edos para el ejercicio pleno de los derechos de las personas con discapacidad en la regi\u00f3n.<\/p>\n\n\n\n<p class=\"wp-block-paragraph\">El encuentro intergubernamental, realizado en los \u00faltimos d\u00edas de octubre, fue organizado por la Comisi\u00f3n Econ\u00f3mica para Am\u00e9rica Latina y el Caribe (CEPAL), con el apoyo del Fondo de Poblaci\u00f3n de las Naciones Unidas (UNFPA) y bajo la presidencia de Colombia. Participaron delegaciones de 24 pa\u00edses y territorios de la CEPAL, integradas por altas autoridades de los ministerios y \u00e1reas vinculadas con temas de poblaci\u00f3n y desarrollo de la regi\u00f3n, adem\u00e1s de representantes de organismos internacionales, de la academia y la sociedad civil.<\/p>\n\n\n\n<p class=\"wp-block-paragraph\">El secretario ejecutivo Adjunto a.i. de la CEPAL destac\u00f3 la propuesta de avanzar hacia la \u201csociedad del cuidado\u201d, un cambio de paradigma del desarrollo que reconoce los cuidados como una necesidad creciente a lo largo de todo el ciclo vital, un derecho humano, un bien p\u00fablico global y un trabajo clave que dinamiza la econom\u00eda en su conjunto. &nbsp;<\/p>\n\n\n\n<p class=\"wp-block-paragraph\">\u201cSin reconocer, valorar y redistribuir el cuidado no lograremos una vida digna para todas las personas ni la igualdad entre hombres y mujeres\u201d, remarc\u00f3 Javier Medina V\u00e1squez, en representaci\u00f3n del secretario ejecutivo de la Comisi\u00f3n, Jos\u00e9 Manuel Salazar-Xirinachs.<\/p>\n\n\n\n<p class=\"wp-block-paragraph\">De igual forma, el alto funcionario subray\u00f3 que, a 12 a\u00f1os de su adopci\u00f3n, \u201cel&nbsp;Consenso de Montevideo&nbsp;\u2013expresi\u00f3n regional del Programa de Acci\u00f3n de El Cairo\u2013 sigue siendo, junto con la Agenda 2030 para el Desarrollo Sostenible, una herramienta indispensable para seguir trabajando por la inclusi\u00f3n de todas las personas en nuestra regi\u00f3n, sin dejar a nadie atr\u00e1s\u201d. &nbsp;<\/p>\n\n\n\n<p class=\"wp-block-paragraph\">Susana Sottoli, directora regional para Am\u00e9rica Latina y el Caribe del UNFPA, plante\u00f3, por su parte, que \u201cuna de las mayores deudas hist\u00f3ricas de nuestros pa\u00edses es la inclusi\u00f3n de las personas con discapacidad. Las barreras que enfrentan son m\u00faltiples: falta de accesibilidad, mayor riesgo de sufrir violencia de g\u00e9nero y privaci\u00f3n de derechos. Estas realidades nos recuerdan que la discapacidad no est\u00e1 en las personas, sino en el entorno que las excluye. Es hora de responder a sus necesidades y construir un futuro m\u00e1s inclusivo\u201d. &nbsp;<\/p>\n\n\n\n<p class=\"wp-block-paragraph\">En tanto, Mauricio Jaramillo Jassir, Viceministro de Asuntos Multilaterales del Ministerio de Relaciones Exteriores de Colombia, pa\u00eds que ejerce la Presidencia de la Mesa Directiva de la Conferencia Regional sobre Poblaci\u00f3n y Desarrollo, ratific\u00f3 \u201cel firme compromiso de nuestro Gobierno con la implementaci\u00f3n del&nbsp;Consenso de Montevideo sobre Poblaci\u00f3n y Desarrollo&nbsp;y con la Agenda 2030 para el Desarrollo Sostenible, convencidas y convencidos de que es necesario una profundizaci\u00f3n del camino recorrido por la regi\u00f3n\u201d. &nbsp;<\/p>\n\n\n\n<p class=\"wp-block-paragraph\">En el cierre de la reuni\u00f3n, Simone Cecchini, director del CELADE \u2013 Divisi\u00f3n de Poblaci\u00f3n de la CEPAL, que act\u00faa como Secretar\u00eda T\u00e9cnica de la Conferencia Regional, destac\u00f3 que el&nbsp;Consenso de Montevideo&nbsp;nos obliga a poner el foco en las desigualdades y barreras que enfrentan los distintos grupos de la poblaci\u00f3n, y muy especialmente las personas con discapacidad, en la realizaci\u00f3n de sus derechos. &nbsp;<\/p>\n\n\n\n<p class=\"wp-block-paragraph\">En el marco del encuentro, la CEPAL lanz\u00f3 su informe anual&nbsp;<a href=\"https:\/\/cepal.us12.list-manage.com\/track\/click?u=863aa7e4bbd506a1908b6de03&amp;id=52f5600f84&amp;e=7b861bd2b4\" target=\"_blank\" rel=\"noreferrer noopener\">Observatorio Demogr\u00e1fico 2025 &#8211; Am\u00e9rica Latina y el Caribe ante la baja fecundidad: tendencias y din\u00e1micas emergentes<\/a>. All\u00ed se alerta, entre otras cosas, que la tasa global de fecundidad en Am\u00e9rica Latina y el Caribe alcanz\u00f3, en 2024, los 1,8 hijos por mujer y se mantiene, desde 2015, por debajo del nivel de reemplazo (2,1 hijos por mujer). En 2024, se\u00f1ala la publicaci\u00f3n, el 76 por ciento de los pa\u00edses y territorios de la regi\u00f3n registraron tasas inferiores a ese nivel, necesario para mantener estable la poblaci\u00f3n en ausencia de migraciones. &nbsp;<\/p>\n\n\n\n<p class=\"wp-block-paragraph\">En la cita regional, la CEPAL tambi\u00e9n present\u00f3 el documento&nbsp;<a href=\"https:\/\/cepal.us12.list-manage.com\/track\/click?u=863aa7e4bbd506a1908b6de03&amp;id=1d8d4041f9&amp;e=7b861bd2b4\" target=\"_blank\" rel=\"noreferrer noopener\">Las personas con discapacidad: de la visibilidad estad\u00edstica al ejercicio de derechos<\/a>, en el que se se\u00f1ala que al menos el 6,5 por ciento de la poblaci\u00f3n en Am\u00e9rica Latina y el Caribe vive con alg\u00fan tipo de discapacidad, proporci\u00f3n que podr\u00eda ser mayor debido a las limitaciones en los m\u00e9todos de medici\u00f3n disponibles. El enfoque social y de derechos, plantea la publicaci\u00f3n, es crucial para garantizar la plena participaci\u00f3n de las personas con discapacidad y avanzar hacia una sociedad m\u00e1s justa e inclusiva.<\/p>\n\n\n\n<p class=\"wp-block-paragraph\">Las y los delegados reunidos en Santiago le solicitaron a la CEPAL que prepare un nuevo estudio que examine los retos y oportunidades de la baja fecundidad y el envejecimiento demogr\u00e1fico en Am\u00e9rica Latina y el Caribe, desde la \u00f3ptica del desarrollo sostenible, la inclusi\u00f3n y el pleno goce de derechos en la regi\u00f3n. Este ser\u00e1 presentado en la Sexta Reuni\u00f3n de la Conferencia Regional sobre Poblaci\u00f3n y Desarrollo de Am\u00e9rica Latina y el Caribe, que se llevar\u00e1 a cabo en agosto de 2026 en Montevideo, Uruguay.<\/p>\n\n\n\n<p class=\"wp-block-paragraph\">La actual Mesa Directiva de la Conferencia Regional sobre Poblaci\u00f3n y Desarrollo fue elegida durante la Quinta Reuni\u00f3n de la Conferencia celebrada en Cartagena de Indias, Colombia, en 2024. Est\u00e1 integrada por Colombia en la Presidencia, y Antigua y Barbuda, Brasil, Cuba, Guyana, Honduras, Per\u00fa, Rep\u00fablica Dominicana, Suriname y Venezuela, en las vicepresidencias.<\/p>\n\n\n\n<p class=\"wp-block-paragraph\">SEM\/sj<\/p>\n\n\n\n<p class=\"wp-block-paragraph\"><\/p>\n","protected":false},"excerpt":{"rendered":"<p>Redacci\u00f3n SemM\u00e9xico, Santiago, Chile, 31 de octubre, 2025.- \u201cAm\u00e9rica Latina y el Caribe viven un acelerado cambio demogr\u00e1fico, con fuertes impactos sobre las sociedades, las econom\u00edas y el medioambiente. El envejecimiento poblacional, en particular, supone importantes desaf\u00edos y oportunidades para los pa\u00edses de la regi\u00f3n. As\u00ed lo advirti\u00f3 en la apertura del encuentro Javier Medina [&hellip;]<\/p>\n","protected":false},"author":3,"featured_media":0,"comment_status":"open","ping_status":"open","sticky":false,"template":"","format":"standard","meta":{"_monsterinsights_skip_tracking":false,"footnotes":""},"categories":[694],"tags":[],"class_list":["post-100081","post","type-post","status-publish","format-standard","category-destacadas"],"_links":{"self":[{"href":"https:\/\/redsemlac.com\/semmexico\/wp-json\/wp\/v2\/posts\/100081","targetHints":{"allow":["GET"]}}],"collection":[{"href":"https:\/\/redsemlac.com\/semmexico\/wp-json\/wp\/v2\/posts"}],"about":[{"href":"https:\/\/redsemlac.com\/semmexico\/wp-json\/wp\/v2\/types\/post"}],"author":[{"embeddable":true,"href":"https:\/\/redsemlac.com\/semmexico\/wp-json\/wp\/v2\/users\/3"}],"replies":[{"embeddable":true,"href":"https:\/\/redsemlac.com\/semmexico\/wp-json\/wp\/v2\/comments?post=100081"}],"version-history":[{"count":0,"href":"https:\/\/redsemlac.com\/semmexico\/wp-json\/wp\/v2\/posts\/100081\/revisions"}],"wp:attachment":[{"href":"https:\/\/redsemlac.com\/semmexico\/wp-json\/wp\/v2\/media?parent=100081"}],"wp:term":[{"taxonomy":"category","embeddable":true,"href":"https:\/\/redsemlac.com\/semmexico\/wp-json\/wp\/v2\/categories?post=100081"},{"taxonomy":"post_tag","embeddable":true,"href":"https:\/\/redsemlac.com\/semmexico\/wp-json\/wp\/v2\/tags?post=100081"}],"curies":[{"name":"wp","href":"https:\/\/api.w.org\/{rel}","templated":true}]}}