{"id":100075,"date":"2025-10-31T19:13:31","date_gmt":"2025-11-01T01:13:31","guid":{"rendered":"https:\/\/redsemlac.com\/semmexico\/?p=100075"},"modified":"2025-10-31T19:13:32","modified_gmt":"2025-11-01T01:13:32","slug":"busca-amalia-garcia-posicionar-a-mexico-como-referente-en-economia-circular","status":"publish","type":"post","link":"https:\/\/redsemlac.com\/semmexico\/busca-amalia-garcia-posicionar-a-mexico-como-referente-en-economia-circular\/","title":{"rendered":"Busca Amalia Garc\u00eda posicionar a M\u00e9xico como referente en econom\u00eda circular"},"content":{"rendered":"\n<ul class=\"wp-block-list\">\n<li>La presidenta de la Comisi\u00f3n para el Seguimiento a la Implementaci\u00f3n de la Agenda 2030 firm\u00f3 el Compromiso 2028 con la Global Environmental Management Initiative (GEMI) c<\/li>\n\n\n\n<li>Su finalidad de fortalecer la cooperaci\u00f3n intersectorial en favor de la econom\u00eda circular.<\/li>\n<\/ul>\n\n\n\n<p class=\"wp-block-paragraph\">SemM\u00e9xico, Ciudad de M\u00e9xico, 31 de octubre, 2025.-La senadora Amalia Garc\u00eda Medina, integrante del grupo parlamentario de Movimiento Ciudadano, asegur\u00f3 que M\u00e9xico tiene la oportunidad de convertirse en un referente latinoamericano en econom\u00eda circular y acci\u00f3n clim\u00e1tica con la participaci\u00f3n conjunta del Estado, el sector privado y la ciudadan\u00eda.&nbsp;<\/p>\n\n\n\n<p class=\"wp-block-paragraph\">Durante la inauguraci\u00f3n del Foro \u201cConstruyendo el 2030: Escalando la circularidad y la acci\u00f3n clim\u00e1tica en M\u00e9xico\u201d, la tambi\u00e9n presidenta de la Comisi\u00f3n para el Seguimiento a la Implementaci\u00f3n de la Agenda 2030 firm\u00f3 el Compromiso 2028 con la Global Environmental Management Initiative (GEMI) con la finalidad de impulsar conjuntamente la innovaci\u00f3n y fortalecer la cooperaci\u00f3n intersectorial en favor de la econom\u00eda circular, la acci\u00f3n clim\u00e1tica y la protecci\u00f3n de ecosistemas en M\u00e9xico.&nbsp;&nbsp;&nbsp;&nbsp;<\/p>\n\n\n\n<p class=\"wp-block-paragraph\">\u201cLa econom\u00eda circular no es solo una estrategia econ\u00f3mica, sino una visi\u00f3n \u00e9tica y civilizatoria de futuro\u201d, destac\u00f3 la legisladora.<\/p>\n\n\n\n<p class=\"wp-block-paragraph\">\u201cLa Agenda 2030 plantea con claridad los objetivos de desarrollo sostenible que nos convocan a construir una econom\u00eda que promueva la producci\u00f3n y el consumo responsables, la industrializaci\u00f3n sostenible, la innovaci\u00f3n y la acci\u00f3n clim\u00e1tica\u201d.<\/p>\n\n\n\n<p class=\"wp-block-paragraph\">Garc\u00eda Medina se\u00f1al\u00f3 que ante los efectos del calentamiento global es urgente cambiar el modelo de producci\u00f3n global y la forma en la que los humanos se relacionan con la naturaleza.&nbsp;<\/p>\n\n\n\n<p class=\"wp-block-paragraph\">Juan Carlos Camargo, director de la iniciativa GEMI, explic\u00f3 que esta agrupaci\u00f3n participan todo tipo de empresas a las cuales les une la visi\u00f3n de acelerar la transici\u00f3n hacia modelos de producci\u00f3n y consumo sostenibles y responsables.&nbsp;<\/p>\n\n\n\n<p class=\"wp-block-paragraph\">\u201cY para que eso sea posible, no solamente se trata de la innovaci\u00f3n, de la inversi\u00f3n, de toda esta creatividad que se genera en las empresas, sino que debe de haber un sistema social, regulatorio, econ\u00f3mico, que ayude a las empresas a moverse hacia all\u00e1 y a la sociedad en general. Esta es una oportunidad para construir sinergias con el Senado\u201d, se\u00f1al\u00f3.<\/p>\n\n\n\n<p class=\"wp-block-paragraph\">\u201cEsperemos que esta oportunidad de conversar sobre los objetivos de desarrollo sostenible 12 y 13 nos permita construir, no solamente quedarnos en las conversaciones, sino construir una hoja de ruta, las acciones necesarias para realmente avanzar y acelerar el paso\u201d.<\/p>\n\n\n\n<p class=\"wp-block-paragraph\">A su vez, Benjam\u00edn del Arco, presidente de GEMI, sostuvo que la econom\u00eda circular representa un cambio de paradigma que obliga a cambiar los h\u00e1bitos de consumo.<\/p>\n\n\n\n<p class=\"wp-block-paragraph\">\u201cLa basura no deb\u00eda existir, los desechos no deb\u00edan existir y quiz\u00e1s son palabras que deb\u00edamos eliminar de nuestro vocabulario, porque son materiales que a final de cuentas pueden ser reutilizables y pueden ser nuevamente incluidos, ya sea en un 360 a los productos que fabricamos o en productos alternos\u201d, se\u00f1al\u00f3.<\/p>\n\n\n\n<p class=\"wp-block-paragraph\">\u201cRealmente me parece que las empresas hemos entendido que el dise\u00f1o, la innovaci\u00f3n, el buscar dise\u00f1ar un producto que su vida \u00fatil no termine en el momento en que el usuario final da el uso completo, sino que tiene un retorno y que puede volverse a integrar a los c\u00edrculos productivos. Y cada vez vemos que en ese sentido las empresas est\u00e1n modificando su forma de concebir y de manejar sus productos\u201d.<\/p>\n\n\n\n<p class=\"wp-block-paragraph\">Durante el foro celebrado en el Sal\u00f3n de la Comisi\u00f3n Permanente del Senado, representantes de distintas empresas compartieron las acciones que han implementado en M\u00e9xico como ejemplo de econom\u00eda circular para visibilizar las buenas pr\u00e1cticas y casos de \u00e9xito.&nbsp;<\/p>\n\n\n\n<p class=\"wp-block-paragraph\">Por ejemplo, Gerardo Montes de Oca Sierra, fundador y director general de Hagamos Composta, explic\u00f3 que su proyecto naci\u00f3 con el objetivo de reducir la basura urbana mediante la recolecci\u00f3n y transformaci\u00f3n de residuos org\u00e1nicos en composta. Con esto, la organizaci\u00f3n ha recolectado m\u00e1s de 11 millones de kilos de residuos org\u00e1nicos, evitado el uso de cinco millones de bolsas pl\u00e1sticas y reducido 19 millones de kilos de CO2 equivalente.&nbsp;<\/p>\n\n\n\n<p class=\"wp-block-paragraph\">Carlos \u00c1lvarez, director de Estrategia, Sostenibilidad y Marketing de CHEP Latinoam\u00e9rica, destac\u00f3 que esta empresa de pallets opera con madera certificada y sustentable en 60 pa\u00edses. Subray\u00f3 que operan bajo tres ejes: regeneraci\u00f3n de las hect\u00e1reas de la materia prima, el apoyo a las comunidades con programas de alto impacto y la colaboraci\u00f3n con toda la cadena de suministro.&nbsp;<\/p>\n\n\n\n<p class=\"wp-block-paragraph\">Zerene Kahan, directora de Asuntos Corporativos de Tetra Pak, destac\u00f3 que la empresa sueca logr\u00f3 reciclar en M\u00e9xico durante 2024 m\u00e1s de 55 mil 500 toneladas de envases de cart\u00f3n para bebidas y alimentos. Asegur\u00f3 que la parte de cart\u00f3n se convierte en cart\u00f3n otra vez y la&nbsp;parte de polialuminio se vuelve a usar en sillas o mesas.<\/p>\n\n\n\n<p class=\"wp-block-paragraph\">H\u00e9ctor Mart\u00ednez, m\u00e1nager para Latinoam\u00e9rica de Seguridad del Empaque y Regulaci\u00f3n de Siegwerk, explic\u00f3 que la compa\u00f1\u00eda alemana de venta de tintas avanza en la descarbonizaci\u00f3n de sus productos, la eliminaci\u00f3n de materiales como el PVC y el uso de materias primas biobasadas. Adem\u00e1s, desarrolla soluciones que facilitan el reciclaje de empaques, como tintas que permitan que las etiquetas de PET sean reciclables junto con las botellas.<\/p>\n\n\n\n<p class=\"wp-block-paragraph\">Andrea Amozorrutia, directora de Finanzas y Sostenibilidad de Grupo H\u00e9rdez, destac\u00f3 que esta compa\u00f1\u00eda recicla m\u00e1s del 80 por ciento de sus residuos y ha recuperado m\u00e1s de 3 mil toneladas de PET, equivalentes al 42 por ciento del pl\u00e1stico que utilizan. Adem\u00e1s, el 98% de sus envases prioriza el empleo de monomateriales y cumplen las caracter\u00edsticas reciclabilidad y reutilizaci\u00f3n.<\/p>\n\n\n\n<p class=\"wp-block-paragraph\">En tanto, Roberto Fern\u00e1ndez, director de Ingenier\u00eda, Proyectos y Sustentabilidad de Grupo Jumex, asegur\u00f3 que la compa\u00f1\u00eda promueve buenas pr\u00e1cticas agr\u00edcolas como el uso de plaguicidas sustentables, adem\u00e1s de acopiar PET, reducir el consumo de agua y aprovechar los residuos org\u00e1nicos para el suelo, alimento de ganado y generaci\u00f3n de combustibles.<\/p>\n\n\n\n<figure class=\"wp-block-gallery has-nested-images columns-default is-cropped wp-block-gallery-1 is-layout-flex wp-block-gallery-is-layout-flex\">\n<figure class=\"wp-block-image size-large\"><a href=\"https:\/\/redsemlac.com\/semmexico\/wp-content\/uploads\/2025\/10\/BOL-111-2.jpg\"><img loading=\"lazy\" decoding=\"async\" width=\"1024\" height=\"682\" data-id=\"100076\" src=\"https:\/\/redsemlac.com\/semmexico\/wp-content\/uploads\/2025\/10\/BOL-111-2-1024x682.jpg\" alt=\"\" class=\"wp-image-100076\" srcset=\"https:\/\/redsemlac.com\/semmexico\/wp-content\/uploads\/2025\/10\/BOL-111-2-1024x682.jpg 1024w, https:\/\/redsemlac.com\/semmexico\/wp-content\/uploads\/2025\/10\/BOL-111-2-300x200.jpg 300w, https:\/\/redsemlac.com\/semmexico\/wp-content\/uploads\/2025\/10\/BOL-111-2-768x511.jpg 768w, https:\/\/redsemlac.com\/semmexico\/wp-content\/uploads\/2025\/10\/BOL-111-2-150x100.jpg 150w, https:\/\/redsemlac.com\/semmexico\/wp-content\/uploads\/2025\/10\/BOL-111-2-696x463.jpg 696w, https:\/\/redsemlac.com\/semmexico\/wp-content\/uploads\/2025\/10\/BOL-111-2-1068x711.jpg 1068w, https:\/\/redsemlac.com\/semmexico\/wp-content\/uploads\/2025\/10\/BOL-111-2.jpg 1280w\" sizes=\"auto, (max-width: 1024px) 100vw, 1024px\" \/><\/a><\/figure>\n\n\n\n<figure class=\"wp-block-image size-large\"><a href=\"https:\/\/redsemlac.com\/semmexico\/wp-content\/uploads\/2025\/10\/BOL-111-3.jpg\"><img loading=\"lazy\" decoding=\"async\" width=\"1024\" height=\"682\" data-id=\"100078\" src=\"https:\/\/redsemlac.com\/semmexico\/wp-content\/uploads\/2025\/10\/BOL-111-3-1024x682.jpg\" alt=\"\" class=\"wp-image-100078\" srcset=\"https:\/\/redsemlac.com\/semmexico\/wp-content\/uploads\/2025\/10\/BOL-111-3-1024x682.jpg 1024w, https:\/\/redsemlac.com\/semmexico\/wp-content\/uploads\/2025\/10\/BOL-111-3-300x200.jpg 300w, https:\/\/redsemlac.com\/semmexico\/wp-content\/uploads\/2025\/10\/BOL-111-3-768x511.jpg 768w, https:\/\/redsemlac.com\/semmexico\/wp-content\/uploads\/2025\/10\/BOL-111-3-150x100.jpg 150w, https:\/\/redsemlac.com\/semmexico\/wp-content\/uploads\/2025\/10\/BOL-111-3-696x463.jpg 696w, https:\/\/redsemlac.com\/semmexico\/wp-content\/uploads\/2025\/10\/BOL-111-3-1068x711.jpg 1068w, https:\/\/redsemlac.com\/semmexico\/wp-content\/uploads\/2025\/10\/BOL-111-3.jpg 1280w\" sizes=\"auto, (max-width: 1024px) 100vw, 1024px\" \/><\/a><\/figure>\n<\/figure>\n","protected":false},"excerpt":{"rendered":"<p>SemM\u00e9xico, Ciudad de M\u00e9xico, 31 de octubre, 2025.-La senadora Amalia Garc\u00eda Medina, integrante del grupo parlamentario de Movimiento Ciudadano, asegur\u00f3 que M\u00e9xico tiene la oportunidad de convertirse en un referente latinoamericano en econom\u00eda circular y acci\u00f3n clim\u00e1tica con la participaci\u00f3n conjunta del Estado, el sector privado y la ciudadan\u00eda.&nbsp; Durante la inauguraci\u00f3n del Foro \u201cConstruyendo [&hellip;]<\/p>\n","protected":false},"author":3,"featured_media":100077,"comment_status":"open","ping_status":"open","sticky":false,"template":"","format":"standard","meta":{"_monsterinsights_skip_tracking":false,"footnotes":""},"categories":[50],"tags":[],"class_list":["post-100075","post","type-post","status-publish","format-standard","has-post-thumbnail","category-congreso"],"_links":{"self":[{"href":"https:\/\/redsemlac.com\/semmexico\/wp-json\/wp\/v2\/posts\/100075","targetHints":{"allow":["GET"]}}],"collection":[{"href":"https:\/\/redsemlac.com\/semmexico\/wp-json\/wp\/v2\/posts"}],"about":[{"href":"https:\/\/redsemlac.com\/semmexico\/wp-json\/wp\/v2\/types\/post"}],"author":[{"embeddable":true,"href":"https:\/\/redsemlac.com\/semmexico\/wp-json\/wp\/v2\/users\/3"}],"replies":[{"embeddable":true,"href":"https:\/\/redsemlac.com\/semmexico\/wp-json\/wp\/v2\/comments?post=100075"}],"version-history":[{"count":0,"href":"https:\/\/redsemlac.com\/semmexico\/wp-json\/wp\/v2\/posts\/100075\/revisions"}],"wp:featuredmedia":[{"embeddable":true,"href":"https:\/\/redsemlac.com\/semmexico\/wp-json\/wp\/v2\/media\/100077"}],"wp:attachment":[{"href":"https:\/\/redsemlac.com\/semmexico\/wp-json\/wp\/v2\/media?parent=100075"}],"wp:term":[{"taxonomy":"category","embeddable":true,"href":"https:\/\/redsemlac.com\/semmexico\/wp-json\/wp\/v2\/categories?post=100075"},{"taxonomy":"post_tag","embeddable":true,"href":"https:\/\/redsemlac.com\/semmexico\/wp-json\/wp\/v2\/tags?post=100075"}],"curies":[{"name":"wp","href":"https:\/\/api.w.org\/{rel}","templated":true}]}}