{"id":100072,"date":"2025-10-31T19:07:40","date_gmt":"2025-11-01T01:07:40","guid":{"rendered":"https:\/\/redsemlac.com\/semmexico\/?p=100072"},"modified":"2025-10-31T19:07:40","modified_gmt":"2025-11-01T01:07:40","slug":"avala-subcomision-de-presupuesto-recomendaciones-al-anexo-13-del-pef-2026","status":"publish","type":"post","link":"https:\/\/redsemlac.com\/semmexico\/avala-subcomision-de-presupuesto-recomendaciones-al-anexo-13-del-pef-2026\/","title":{"rendered":"Avala Subcomisi\u00f3n de Presupuesto recomendaciones al Anexo 13 del PEF 2026"},"content":{"rendered":"\n<ul class=\"wp-block-list\">\n<li>Se trata de \u201cErogaciones para la igualdad entre hombres y mujeres\u201d<\/li>\n\n\n\n<li>Tambi\u00e9n, las conclusiones de mesas de an\u00e1lisis de los programas presupuestarios que conforman dicho Anexo<\/li>\n<\/ul>\n\n\n\n<p class=\"wp-block-paragraph\">Redacci\u00f3n<\/p>\n\n\n\n<p class=\"wp-block-paragraph\">SemM\u00e9xico, Ciudad de M\u00e9xico, 31 de octubre, 2025.- La subcomisi\u00f3n de Presupuesto con Perspectiva de G\u00e9nero de la Comisi\u00f3n de Presupuesto y Cuenta P\u00fablica aprob\u00f3 las recomendaciones derivadas de las mesas de an\u00e1lisis de los programas presupuestos incluidos en el Anexo 13 del Proyecto de Presupuesto de Egresos de la Federaci\u00f3n (PPEF) 2026 \u201cErogaciones para la Igualdad entre Hombres y Mujeres\u201d<\/p>\n\n\n\n<p class=\"wp-block-paragraph\">La Comisi\u00f3n que coordina la diputada M\u00f3nica Ang\u00e9lica \u00c1lvarez Nemer (Morena) se\u00f1ala en el documento se se\u00f1ala que cada peso asignado debe generar resultados concretos, cerrar brechas y fortalecer los derechos de todos y todos.<\/p>\n\n\n\n<p class=\"wp-block-paragraph\">Por ello, manifiesta la disposici\u00f3n de la Subcomisi\u00f3n de establecer un di\u00e1logo permanente con las secretar\u00edas de Hacienda y Cr\u00e9dito P\u00fablico (SHCP) y de las Mujeres (SeMujeres) para coadyuvar en la mejora continua de este apartado del PPEF 2026.<\/p>\n\n\n\n<p class=\"wp-block-paragraph\">Sugiere a la Secretar\u00eda de Ciencia, Humanidades, Tecnolog\u00eda e Innovaci\u00f3n (SECIHTI) revisar el presupuesto del Sistema Nacional de Investigadoras e Investigadores (SNII), pues sus programas \u201cS190 Programa de Becas de Posgrado y Apoyos a la Calidad\u201d y \u201cS191 Sistema Nacional de Investigadoras e Investigadores\u201d son deficitarios, lo que genera incertidumbre y dificultad para planear nuevos apoyos.<\/p>\n\n\n\n<p class=\"wp-block-paragraph\">Por ello, solicita a la Secretar\u00eda de Hacienda que considere el presupuesto de los \u00faltimos ejercicios y modifique su actualizaci\u00f3n con las Unidades de Medida y Actualizaci\u00f3n (UMA), para que el SNII planifique nuevas acciones. Adem\u00e1s, plantea que se re\u00fana con la presidencia de Comisi\u00f3n de Presupuesto y Cuenta P\u00fablica para buscar soluciones a la situaci\u00f3n deficitaria del Sistema Nacional.<\/p>\n\n\n\n<p class=\"wp-block-paragraph\">Adem\u00e1s, pide revisar el presupuesto de las Unidades Responsables del programa \u201cS243 Beca Elisa Acu\u00f1a\u201d para incluir al Centro de Investigaci\u00f3n y de Estudios Avanzados del Instituto Polit\u00e9cnico Nacional y la Universidad Pedag\u00f3gica Nacional en el Programa para 2026, ya que su poblaci\u00f3n estudiantil es 80 por ciento femenina.<\/p>\n\n\n\n<p class=\"wp-block-paragraph\">Asimismo, analizar\u00e1 el recurso propuesto para el programa \u201cE030 Servicios de Educaci\u00f3n B\u00e1sica Comunitaria\u201d, del Consejo Nacional de Fomento Educativo, pues se prev\u00e9 una reducci\u00f3n de casi el 30 por ciento respecto a 2025.<\/p>\n\n\n\n<p class=\"wp-block-paragraph\">En cuanto al Programa Cultura F\u00edsica y Deporte, se\u00f1ala que \u00e9ste no fue considerado en el Anexo 13 del PPEF 2026, lo que genera incertidumbre y preocupaci\u00f3n sobre la continuidad de los apoyos y acciones con perspectiva de g\u00e9nero en el deporte. Por ello, solicita que la SHCP revise las razones por las que no se incluyeron.<\/p>\n\n\n\n<p class=\"wp-block-paragraph\">De igual forma, pide ampliar el recurso del Instituto Nacional de los Pueblos Ind\u00edgenas para atender a mujeres ind\u00edgenas y afromexicanas desplazadas, pues el apoyo actual es insuficiente. Adem\u00e1s, establecer presupuesto para int\u00e9rpretes y traductores, a fin de garantizar el acceso a la justicia de mujeres ind\u00edgenas.<\/p>\n\n\n\n<p class=\"wp-block-paragraph\">A la SHCP le solicita considerar lo asignado a la Secretar\u00eda de las Mujeres para elaborar un padr\u00f3n robusto de v\u00edctimas indirectas de feminicidio y la restituci\u00f3n de derechos, y que ambas dependencias tengan una comunicaci\u00f3n m\u00e1s asertiva sobre el presupuesto asignado al Programa Presupuestario de Refugios para Atenci\u00f3n a V\u00edctimas, el cual, se ha manejado, sufri\u00f3 decremento para 2026.<\/p>\n\n\n\n<p class=\"wp-block-paragraph\">En la misma reuni\u00f3n, la Subcomisi\u00f3n aprob\u00f3 las conclusiones derivadas de las mesas de an\u00e1lisis de los programas presupuestarios que conforman el Anexo 13 \u201cErogaciones para la Igualdad entre Mujeres y Hombres\u201d, realizadas por el Centro de Estudios para el logro de la Igualdad de G\u00e9nero<\/p>\n\n\n\n<p class=\"wp-block-paragraph\">Una vez avalados, los documentos se turnaron a la Presidencia de la Comisi\u00f3n de Presupuesto y Cuenta P\u00fablica.<\/p>\n\n\n\n<p class=\"wp-block-paragraph\">SEM\/sj<\/p>\n","protected":false},"excerpt":{"rendered":"<p>Redacci\u00f3n SemM\u00e9xico, Ciudad de M\u00e9xico, 31 de octubre, 2025.- La subcomisi\u00f3n de Presupuesto con Perspectiva de G\u00e9nero de la Comisi\u00f3n de Presupuesto y Cuenta P\u00fablica aprob\u00f3 las recomendaciones derivadas de las mesas de an\u00e1lisis de los programas presupuestos incluidos en el Anexo 13 del Proyecto de Presupuesto de Egresos de la Federaci\u00f3n (PPEF) 2026 \u201cErogaciones [&hellip;]<\/p>\n","protected":false},"author":3,"featured_media":100073,"comment_status":"open","ping_status":"open","sticky":false,"template":"","format":"standard","meta":{"_monsterinsights_skip_tracking":false,"footnotes":""},"categories":[50],"tags":[],"class_list":["post-100072","post","type-post","status-publish","format-standard","has-post-thumbnail","category-congreso"],"_links":{"self":[{"href":"https:\/\/redsemlac.com\/semmexico\/wp-json\/wp\/v2\/posts\/100072","targetHints":{"allow":["GET"]}}],"collection":[{"href":"https:\/\/redsemlac.com\/semmexico\/wp-json\/wp\/v2\/posts"}],"about":[{"href":"https:\/\/redsemlac.com\/semmexico\/wp-json\/wp\/v2\/types\/post"}],"author":[{"embeddable":true,"href":"https:\/\/redsemlac.com\/semmexico\/wp-json\/wp\/v2\/users\/3"}],"replies":[{"embeddable":true,"href":"https:\/\/redsemlac.com\/semmexico\/wp-json\/wp\/v2\/comments?post=100072"}],"version-history":[{"count":0,"href":"https:\/\/redsemlac.com\/semmexico\/wp-json\/wp\/v2\/posts\/100072\/revisions"}],"wp:featuredmedia":[{"embeddable":true,"href":"https:\/\/redsemlac.com\/semmexico\/wp-json\/wp\/v2\/media\/100073"}],"wp:attachment":[{"href":"https:\/\/redsemlac.com\/semmexico\/wp-json\/wp\/v2\/media?parent=100072"}],"wp:term":[{"taxonomy":"category","embeddable":true,"href":"https:\/\/redsemlac.com\/semmexico\/wp-json\/wp\/v2\/categories?post=100072"},{"taxonomy":"post_tag","embeddable":true,"href":"https:\/\/redsemlac.com\/semmexico\/wp-json\/wp\/v2\/tags?post=100072"}],"curies":[{"name":"wp","href":"https:\/\/api.w.org\/{rel}","templated":true}]}}