{"id":100068,"date":"2025-10-31T18:57:49","date_gmt":"2025-11-01T00:57:49","guid":{"rendered":"https:\/\/redsemlac.com\/semmexico\/?p=100068"},"modified":"2025-10-31T18:57:50","modified_gmt":"2025-11-01T00:57:50","slug":"rescate-de-27-adolescentes-en-altamar-podria-semejarse-a-trata-de-personas-tere-guerra","status":"publish","type":"post","link":"https:\/\/redsemlac.com\/semmexico\/rescate-de-27-adolescentes-en-altamar-podria-semejarse-a-trata-de-personas-tere-guerra\/","title":{"rendered":"Rescate de 27 adolescentes en altamar podr\u00eda semejarse a trata de personas: Tere Guerra"},"content":{"rendered":"\n<ul class=\"wp-block-list\">\n<li>Diputada destac\u00f3 que la legislaci\u00f3n vigente proh\u00edbe cualquier actividad laboral para menores de 14 a\u00f1os<\/li>\n\n\n\n<li>Propone que desde el Congreso se debe fortalecer la normativa, para prevenir y sancionar este tipo de pr\u00e1cticas<\/li>\n<\/ul>\n\n\n\n<p class=\"wp-block-paragraph\">Josemiguel Souza<\/p>\n\n\n\n<p class=\"wp-block-paragraph\">SemM\u00e9xico\/El Sol de M\u00e9xico, Culiac\u00e1n, 31 de octubre, 2025.- El rescate de 27 adolescentes y una joven de 18 a\u00f1os en altamar podr\u00eda tratarse de un posible caso relacionado con&nbsp;trata de personas&nbsp;o&nbsp;explotaci\u00f3n infantil, inform\u00f3 la presidenta de la Junta de Coordinaci\u00f3n Pol\u00edtica, Mar\u00eda Teresa Guerra Ochoa.<\/p>\n\n\n\n<p class=\"wp-block-paragraph\">De acuerdo con la&nbsp;Fiscal\u00eda General del Estado, los j\u00f3venes, originarios de la frontera con Chiapas, fueron puestos bajo resguardo de la&nbsp;Vice fiscal\u00eda Regional Zona Norte&nbsp;y del&nbsp;Sistema de Protecci\u00f3n Integral de Ni\u00f1as, Ni\u00f1os y Adolescentes (SIPINNA), mientras se determina su situaci\u00f3n jur\u00eddica y se esclarecen los motivos de su traslado v\u00eda mar\u00edtima. Hasta el momento no hay personas detenidas vinculadas al hecho.<\/p>\n\n\n\n<p class=\"wp-block-paragraph\">La diputada consider\u00f3 que las caracter\u00edsticas del caso podr\u00edan asemejarse a esquemas utilizados en delitos como&nbsp;trata de personas,&nbsp;explotaci\u00f3n laboral infantil&nbsp;o&nbsp;traslado irregular de menores con fines il\u00edcitos.<\/p>\n\n\n\n<p class=\"wp-block-paragraph\">\u201cPudiese semejarse a un tema de trata de personas y desde el Congreso se debe fortalecer la normativa, as\u00ed como impulsar acciones para prevenir y sancionar este tipo de pr\u00e1cticas\u201d, se\u00f1al\u00f3 Guerra Ochoa.<\/p>\n\n\n\n<p class=\"wp-block-paragraph\">La legisladora record\u00f3 que en Sinaloa existen antecedentes de menores trasladados para trabajo agr\u00edcola, pero destac\u00f3 que la legislaci\u00f3n vigente proh\u00edbe cualquier actividad laboral para menores de 14 a\u00f1os y regula estrictamente el trabajo de 14 a 16 a\u00f1os con permiso de padres y continuidad escolar.<\/p>\n\n\n\n<p class=\"wp-block-paragraph\">El uso de&nbsp;redes sociales para enganchar a j\u00f3venes&nbsp;y los traslados clandestinos son mecanismos hist\u00f3ricamente vinculados a la trata de personas, advirti\u00f3 Guerra Ochoa. La Fiscal\u00eda estatal mantiene abierta la investigaci\u00f3n y las y los adolescentes permanecen bajo&nbsp;protecci\u00f3n institucional, mientras autoridades federales y estatales trabajan para definir si fueron v\u00edctimas de alg\u00fan delito y asegurar su reintegraci\u00f3n familiar o social.<\/p>\n\n\n\n<figure class=\"wp-block-image size-large\"><a href=\"https:\/\/redsemlac.com\/semmexico\/wp-content\/uploads\/2025\/10\/rescate-2-.webp\"><img loading=\"lazy\" decoding=\"async\" width=\"1024\" height=\"576\" src=\"https:\/\/redsemlac.com\/semmexico\/wp-content\/uploads\/2025\/10\/rescate-2--1024x576.webp\" alt=\"\" class=\"wp-image-100070\" srcset=\"https:\/\/redsemlac.com\/semmexico\/wp-content\/uploads\/2025\/10\/rescate-2--1024x576.webp 1024w, https:\/\/redsemlac.com\/semmexico\/wp-content\/uploads\/2025\/10\/rescate-2--300x169.webp 300w, https:\/\/redsemlac.com\/semmexico\/wp-content\/uploads\/2025\/10\/rescate-2--768x432.webp 768w, https:\/\/redsemlac.com\/semmexico\/wp-content\/uploads\/2025\/10\/rescate-2--150x84.webp 150w, https:\/\/redsemlac.com\/semmexico\/wp-content\/uploads\/2025\/10\/rescate-2--696x392.webp 696w, https:\/\/redsemlac.com\/semmexico\/wp-content\/uploads\/2025\/10\/rescate-2--1068x601.webp 1068w, https:\/\/redsemlac.com\/semmexico\/wp-content\/uploads\/2025\/10\/rescate-2-.webp 1200w\" sizes=\"auto, (max-width: 1024px) 100vw, 1024px\" \/><\/a><\/figure>\n","protected":false},"excerpt":{"rendered":"<p>Josemiguel Souza SemM\u00e9xico\/El Sol de M\u00e9xico, Culiac\u00e1n, 31 de octubre, 2025.- El rescate de 27 adolescentes y una joven de 18 a\u00f1os en altamar podr\u00eda tratarse de un posible caso relacionado con&nbsp;trata de personas&nbsp;o&nbsp;explotaci\u00f3n infantil, inform\u00f3 la presidenta de la Junta de Coordinaci\u00f3n Pol\u00edtica, Mar\u00eda Teresa Guerra Ochoa. De acuerdo con la&nbsp;Fiscal\u00eda General del Estado, [&hellip;]<\/p>\n","protected":false},"author":3,"featured_media":100069,"comment_status":"open","ping_status":"open","sticky":false,"template":"","format":"standard","meta":{"_monsterinsights_skip_tracking":false,"footnotes":""},"categories":[48],"tags":[],"class_list":["post-100068","post","type-post","status-publish","format-standard","has-post-thumbnail","category-no-mas-impunidad-no-mas-impunidad"],"_links":{"self":[{"href":"https:\/\/redsemlac.com\/semmexico\/wp-json\/wp\/v2\/posts\/100068","targetHints":{"allow":["GET"]}}],"collection":[{"href":"https:\/\/redsemlac.com\/semmexico\/wp-json\/wp\/v2\/posts"}],"about":[{"href":"https:\/\/redsemlac.com\/semmexico\/wp-json\/wp\/v2\/types\/post"}],"author":[{"embeddable":true,"href":"https:\/\/redsemlac.com\/semmexico\/wp-json\/wp\/v2\/users\/3"}],"replies":[{"embeddable":true,"href":"https:\/\/redsemlac.com\/semmexico\/wp-json\/wp\/v2\/comments?post=100068"}],"version-history":[{"count":0,"href":"https:\/\/redsemlac.com\/semmexico\/wp-json\/wp\/v2\/posts\/100068\/revisions"}],"wp:featuredmedia":[{"embeddable":true,"href":"https:\/\/redsemlac.com\/semmexico\/wp-json\/wp\/v2\/media\/100069"}],"wp:attachment":[{"href":"https:\/\/redsemlac.com\/semmexico\/wp-json\/wp\/v2\/media?parent=100068"}],"wp:term":[{"taxonomy":"category","embeddable":true,"href":"https:\/\/redsemlac.com\/semmexico\/wp-json\/wp\/v2\/categories?post=100068"},{"taxonomy":"post_tag","embeddable":true,"href":"https:\/\/redsemlac.com\/semmexico\/wp-json\/wp\/v2\/tags?post=100068"}],"curies":[{"name":"wp","href":"https:\/\/api.w.org\/{rel}","templated":true}]}}