{"id":100064,"date":"2025-10-31T18:14:44","date_gmt":"2025-11-01T00:14:44","guid":{"rendered":"https:\/\/redsemlac.com\/semmexico\/?p=100064"},"modified":"2025-10-31T18:14:44","modified_gmt":"2025-11-01T00:14:44","slug":"caso-casa-de-las-mercedes-victima-denuncio-abuso-con-una-carta-al-dif","status":"publish","type":"post","link":"https:\/\/redsemlac.com\/semmexico\/caso-casa-de-las-mercedes-victima-denuncio-abuso-con-una-carta-al-dif\/","title":{"rendered":"Caso Casa de las Mercedes: v\u00edctima denunci\u00f3 abuso con una carta al DIF"},"content":{"rendered":"\n<ul class=\"wp-block-list\">\n<li>80 ni\u00f1as y adolescentes fueron reubicadas de las dos sedes que ten\u00eda la casa hogar<\/li>\n\n\n\n<li>Fiscal\u00eda detiene al probable responsable, hay otra denuncia por trata<\/li>\n<\/ul>\n\n\n\n<p class=\"wp-block-paragraph\">Karla Mora<\/p>\n\n\n\n<p class=\"wp-block-paragraph\">SemM\u00e9xico\/El Sol de M\u00e9xico, Ciudad de M\u00e9xico, 31 de octubre, 2025.- La&nbsp;adolescente de 17 a\u00f1os resguardada&nbsp;por el centro de asistencia social<a href=\"https:\/\/www.oem.com.mx\/la-prensa\/policiaca\/rescatan-a-mas-de-30-ninos-de-casa-hogar-en-la-cuauhtemoc-tras-denuncia-por-abuso-26547763\" target=\"_blank\" rel=\"noreferrer noopener\">&nbsp;Casa de las Mercedes<\/a>, quien presuntamente fue&nbsp;v\u00edctima de violaci\u00f3n en un domicilio&nbsp;en el que era obligada a realizar labores dom\u00e9sticas, denunci\u00f3 su caso a trav\u00e9s de una carta que&nbsp;entreg\u00f3 al DIF de la Ciudad de M\u00e9xico&nbsp;y fue esta dependencia la que realiz\u00f3 la&nbsp;denuncia&nbsp;correspondiente a la&nbsp;Fiscal\u00eda General de Justicia local, inform\u00f3 la fiscal Bertha Alcalde Luj\u00e1n.<\/p>\n\n\n\n<p class=\"wp-block-paragraph\">Derivado de las diligencias ministeriales, entrevistas y dict\u00e1menes periciales,&nbsp;la Fiscal\u00eda obtuvo y cumpliment\u00f3 una orden de aprehensi\u00f3n contra Aquiles \u201cN\u201d, por su probable responsabilidad en el delito de&nbsp;violaci\u00f3n agravada contra la denunciante.&nbsp;Una segunda denuncia que involucra al albergue&nbsp;est\u00e1 relacionada con el delito de trata de personas, a raz\u00f3n de que existieran casos de explotaci\u00f3n al llevar a las mujeres a diversos domicilios para hacer quehaceres dom\u00e9sticos.<\/p>\n\n\n\n<p class=\"wp-block-paragraph\">En d\u00edas recientes, se difundi\u00f3 que&nbsp;la menor v\u00edctima fue llevada por la directora del albergue, \u00c1ngela \u201cN\u201d, al domicilio de su madre,&nbsp;Claudia \u201cN\u201d, donde presuntamente&nbsp;la agredi\u00f3 sexualmente Aquiles \u201cN\u201d, en marzo de este a\u00f1o.<\/p>\n\n\n\n<p class=\"wp-block-paragraph\">En conferencia de prensa,&nbsp;la fiscal afirm\u00f3 que el 29 de octubre del 2025 a las 16:00 horas, se cumpliment\u00f3 una resoluci\u00f3n judicial para tomar medidas urgentes de protecci\u00f3n a las ni\u00f1as y adolescentes, resguardadas en las dos sedes de la Casa de las Mercedes.<\/p>\n\n\n\n<p class=\"wp-block-paragraph\">La medida consisti\u00f3 en la reubicaci\u00f3n de 80 ni\u00f1as y adolescentes, de las que 47 estaban en la sede Schultz y 33 en la sede Berriozabal. La funcionaria inform\u00f3 que psic\u00f3logas, trabajadoras sociales, abogadas, doctoras, pedagogas y cuidadoras atienden a las personas trasladadas.<\/p>\n\n\n\n<p class=\"wp-block-paragraph\">Araceli Dami\u00e1n Gonz\u00e1lez, titular de la Secretar\u00eda del Bienestar de la CDMX, se\u00f1al\u00f3 que tras el reporte de la v\u00edctima, el DIF realiz\u00f3 trabajos de supervisi\u00f3n en conjunto con el&nbsp;Comit\u00e9 de Supervisi\u00f3n, Vigilancia y Seguimiento&nbsp;a las Instituciones de Cuidados Alternativos de. Ni\u00f1as, Ni\u00f1os y Adolescentes. En las revisiones detectaron una serie de irregularidades y posibles actos delictivos, posiblemente ocurridos en espacios externos al albergue; pero por un amparo, no fue sino hasta el 29 de octubre que se cumpliment\u00f3 por completo el resguardo de las menores.<\/p>\n\n\n\n<p class=\"wp-block-paragraph\">\u201cDesde el momento en que se levantaron las denuncias, se tomaron medidas para salvaguardar la integridad de las v\u00edctimas y&nbsp;protegerlas&nbsp;durante la investigaci\u00f3n de los hechos\u201d, dijo.<\/p>\n\n\n\n<p class=\"wp-block-paragraph\">Clara Brugada, jefa de Gobierno local, declar\u00f3 que&nbsp;las instituciones capitalinas actuaron e hicieron todo lo que se deb\u00eda&nbsp;para el resguardo de las ni\u00f1as y adolescentes. Este fin de semana valorar\u00e1n en d\u00f3nde pueden estar las menores de edad pues, al ser 80 personas, requieren de una log\u00edstica que garantice su atenci\u00f3n.<\/p>\n\n\n\n<p class=\"wp-block-paragraph\">\u201cHay varias alternativas, todas se est\u00e1n valorando&nbsp;y pues tambi\u00e9n, incluso, no se descarta que en estas&nbsp;estancias de la Casa de las Mercedes, que los que est\u00e1n a cargo, no es que fueran due\u00f1os de ese lugar, sino que&nbsp;el patronato&nbsp;incluso est\u00e1 proponiendo que pues, como ellos est\u00e1n en investigaci\u00f3n,&nbsp;quedar\u00edan fuera, y puede quedar este lugar tambi\u00e9n para las menores\u201d, detall\u00f3.<\/p>\n\n\n\n<p class=\"wp-block-paragraph\">Cuestionada sobre la presencia de la alcaldesa de Cuauht\u00e9moc,&nbsp;Alessandra Rojo, en el albergue el d\u00eda del operativo, la mandataria asever\u00f3 que las instituciones de gobierno actuaron solas, pues nadie m\u00e1s solicit\u00f3 la intervenci\u00f3n. \u201cAqu\u00ed lo m\u00e1s importante es que no podemos permitir que en ning\u00fan lugar y menos en un espacio que est\u00e1 para proteger a ni\u00f1as, pueda haber abusos de este tipo\u201d, dijo.<\/p>\n\n\n\n<p class=\"wp-block-paragraph\">SEM-El Sol de M\u00e9xico\/km<\/p>\n\n\n\n<figure class=\"wp-block-image size-large\"><a href=\"https:\/\/redsemlac.com\/semmexico\/wp-content\/uploads\/2025\/10\/casa-de-las-mercedes-2-.webp\"><img loading=\"lazy\" decoding=\"async\" width=\"1024\" height=\"576\" src=\"https:\/\/redsemlac.com\/semmexico\/wp-content\/uploads\/2025\/10\/casa-de-las-mercedes-2--1024x576.webp\" alt=\"\" class=\"wp-image-100065\" srcset=\"https:\/\/redsemlac.com\/semmexico\/wp-content\/uploads\/2025\/10\/casa-de-las-mercedes-2--1024x576.webp 1024w, https:\/\/redsemlac.com\/semmexico\/wp-content\/uploads\/2025\/10\/casa-de-las-mercedes-2--300x169.webp 300w, https:\/\/redsemlac.com\/semmexico\/wp-content\/uploads\/2025\/10\/casa-de-las-mercedes-2--768x432.webp 768w, https:\/\/redsemlac.com\/semmexico\/wp-content\/uploads\/2025\/10\/casa-de-las-mercedes-2--150x84.webp 150w, https:\/\/redsemlac.com\/semmexico\/wp-content\/uploads\/2025\/10\/casa-de-las-mercedes-2--696x392.webp 696w, https:\/\/redsemlac.com\/semmexico\/wp-content\/uploads\/2025\/10\/casa-de-las-mercedes-2--1068x601.webp 1068w, https:\/\/redsemlac.com\/semmexico\/wp-content\/uploads\/2025\/10\/casa-de-las-mercedes-2-.webp 1200w\" sizes=\"auto, (max-width: 1024px) 100vw, 1024px\" \/><\/a><\/figure>\n","protected":false},"excerpt":{"rendered":"<p>Karla Mora SemM\u00e9xico\/El Sol de M\u00e9xico, Ciudad de M\u00e9xico, 31 de octubre, 2025.- La&nbsp;adolescente de 17 a\u00f1os resguardada&nbsp;por el centro de asistencia social&nbsp;Casa de las Mercedes, quien presuntamente fue&nbsp;v\u00edctima de violaci\u00f3n en un domicilio&nbsp;en el que era obligada a realizar labores dom\u00e9sticas, denunci\u00f3 su caso a trav\u00e9s de una carta que&nbsp;entreg\u00f3 al DIF de la [&hellip;]<\/p>\n","protected":false},"author":3,"featured_media":100066,"comment_status":"open","ping_status":"open","sticky":false,"template":"","format":"standard","meta":{"_monsterinsights_skip_tracking":false,"footnotes":""},"categories":[48],"tags":[],"class_list":["post-100064","post","type-post","status-publish","format-standard","has-post-thumbnail","category-no-mas-impunidad-no-mas-impunidad"],"_links":{"self":[{"href":"https:\/\/redsemlac.com\/semmexico\/wp-json\/wp\/v2\/posts\/100064","targetHints":{"allow":["GET"]}}],"collection":[{"href":"https:\/\/redsemlac.com\/semmexico\/wp-json\/wp\/v2\/posts"}],"about":[{"href":"https:\/\/redsemlac.com\/semmexico\/wp-json\/wp\/v2\/types\/post"}],"author":[{"embeddable":true,"href":"https:\/\/redsemlac.com\/semmexico\/wp-json\/wp\/v2\/users\/3"}],"replies":[{"embeddable":true,"href":"https:\/\/redsemlac.com\/semmexico\/wp-json\/wp\/v2\/comments?post=100064"}],"version-history":[{"count":0,"href":"https:\/\/redsemlac.com\/semmexico\/wp-json\/wp\/v2\/posts\/100064\/revisions"}],"wp:featuredmedia":[{"embeddable":true,"href":"https:\/\/redsemlac.com\/semmexico\/wp-json\/wp\/v2\/media\/100066"}],"wp:attachment":[{"href":"https:\/\/redsemlac.com\/semmexico\/wp-json\/wp\/v2\/media?parent=100064"}],"wp:term":[{"taxonomy":"category","embeddable":true,"href":"https:\/\/redsemlac.com\/semmexico\/wp-json\/wp\/v2\/categories?post=100064"},{"taxonomy":"post_tag","embeddable":true,"href":"https:\/\/redsemlac.com\/semmexico\/wp-json\/wp\/v2\/tags?post=100064"}],"curies":[{"name":"wp","href":"https:\/\/api.w.org\/{rel}","templated":true}]}}