{"id":83,"count":628,"description":"","link":"https:\/\/redsemlac.com\/semmexico\/category\/opinion\/columnistas\/moises-sanchez-limon\/","name":"Mois\u00e9s S\u00e1nchez Lim\u00f3n","slug":"moises-sanchez-limon","taxonomy":"category","parent":36,"meta":[],"_links":{"self":[{"href":"https:\/\/redsemlac.com\/semmexico\/wp-json\/wp\/v2\/categories\/83","targetHints":{"allow":["GET"]}}],"collection":[{"href":"https:\/\/redsemlac.com\/semmexico\/wp-json\/wp\/v2\/categories"}],"about":[{"href":"https:\/\/redsemlac.com\/semmexico\/wp-json\/wp\/v2\/taxonomies\/category"}],"up":[{"embeddable":true,"href":"https:\/\/redsemlac.com\/semmexico\/wp-json\/wp\/v2\/categories\/36"}],"wp:post_type":[{"href":"https:\/\/redsemlac.com\/semmexico\/wp-json\/wp\/v2\/posts?categories=83"}],"curies":[{"name":"wp","href":"https:\/\/api.w.org\/{rel}","templated":true}]}}