{"id":813,"date":"2026-08-22T20:32:31","date_gmt":"2026-08-22T20:32:31","guid":{"rendered":"https:\/\/redsemlac.com\/?p=813"},"modified":"2026-08-22T20:32:31","modified_gmt":"2026-08-22T20:32:31","slug":"caribe-mujeres-siguen-relegadas-en-las-noticias","status":"publish","type":"post","link":"https:\/\/redsemlac.com\/index.php\/2026\/08\/22\/caribe-mujeres-siguen-relegadas-en-las-noticias\/","title":{"rendered":"Caribe: Mujeres siguen relegadas en las noticias"},"content":{"rendered":"<p>La Habana, agosto, (SEMlac). \u2013Un sistema patriarcal y androc\u00e9ntrico atraviesa las sociedades antillanas y sostiene la persistente subrepresentaci\u00f3n de las mujeres en las noticias.<\/p>\n<p>Rutinas editoriales que recurren una y otra vez a las mismas fuentes conocidas, la sobrecarga de cuidados que limita la disponibilidad p\u00fablica de las mujeres para figurar como expertas, las resistencias al liderazgo femenino dentro de las propias redacciones, los ataques digitales coordinados que buscan silenciarlas y una violencia de g\u00e9nero casi ausente de la agenda informativa son algunos de los engranajes de ese sistema.<\/p>\n<p>As\u00ed lo confirma el <a href=\"https:\/\/whomakesthenews-org.translate.goog\/gmmp-2025-final-reports\/?_x_tr_sl=en&amp;_x_tr_tl=es&amp;_x_tr_hl=es&amp;_x_tr_pto=tc\">Monitoreo Global de Medios (GMMP) 2025:<\/a> mientras a nivel mundial las mujeres representan 26 por ciento de las personas que aparecen, son escuchadas o mencionadas en las noticias de medios tradicionales y 29 por ciento en sitios de noticias digitales, en cuatro <a href=\"https:\/\/whomakesthenews.org\/wp-content\/uploads\/2026\/01\/GMMP30-RegionalReport-Caribbean.pdf\">pa\u00edses antillanos<\/a> \u2014Cuba, Hait\u00ed, Puerto Rico y Rep\u00fablica Dominicana\u2014 esos promedios descienden a 23 y 26 por ciento, respectivamente.<\/p>\n<p>Los resultados fueron presentados por el coordinador regional del proyecto para el Caribe, Maximiliano Due\u00f1as, en el Foro en Torno a las Mujeres en las Noticias Antillanas, realizado el 8 de agosto en la Universidad Aut\u00f3noma de Santo Domingo (UASD), en Rep\u00fablica Dominicana.<\/p>\n<p>Due\u00f1as explic\u00f3 que esa brecha no constituye un caso aislado. A nivel mundial, el progreso hacia la paridad permanece estancado desde hace m\u00e1s de una d\u00e9cada y ning\u00fan tipo de medio alcanza 50 por ciento de presencia femenina.<\/p>\n<figure id=\"attachment_816\" aria-describedby=\"caption-attachment-816\" style=\"width: 1253px\" class=\"wp-caption alignnone\"><img loading=\"lazy\" decoding=\"async\" class=\"size-full wp-image-816\" src=\"https:\/\/redsemlac.com\/wp-content\/uploads\/2026\/08\/max.jpg\" alt=\"Maximiliano Due\u00f1as, coordinador regional del GMMPpara el Caribe, explic\u00f3 que el progreso hacia la paridad est\u00e1estancado desde hace m\u00e1s de una d\u00e9cada y que ning\u00fan tipo de medioalcanza el 50 por ciento de presencia femenina. \" width=\"1253\" height=\"984\" srcset=\"https:\/\/redsemlac.com\/wp-content\/uploads\/2026\/08\/max.jpg 1253w, https:\/\/redsemlac.com\/wp-content\/uploads\/2026\/08\/max-300x236.jpg 300w, https:\/\/redsemlac.com\/wp-content\/uploads\/2026\/08\/max-1024x804.jpg 1024w, https:\/\/redsemlac.com\/wp-content\/uploads\/2026\/08\/max-768x603.jpg 768w, https:\/\/redsemlac.com\/wp-content\/uploads\/2026\/08\/max-535x420.jpg 535w, https:\/\/redsemlac.com\/wp-content\/uploads\/2026\/08\/max-150x118.jpg 150w, https:\/\/redsemlac.com\/wp-content\/uploads\/2026\/08\/max-696x547.jpg 696w, https:\/\/redsemlac.com\/wp-content\/uploads\/2026\/08\/max-1068x839.jpg 1068w\" sizes=\"auto, (max-width: 1253px) 100vw, 1253px\" \/><figcaption id=\"caption-attachment-816\" class=\"wp-caption-text\">Maximiliano Due\u00f1as, coordinador regional del GMMPpara el Caribe, explic\u00f3 que el progreso hacia la paridad est\u00e1estancado desde hace m\u00e1s de una d\u00e9cada y que ning\u00fan tipo de medioalcanza el 50 por ciento de presencia femenina. Foto: Espacinsular<\/figcaption><\/figure>\n<p>Alert\u00f3, adem\u00e1s, que el sexo de quien informa no basta por s\u00ed solo para transformar los estereotipos estructurales de las redacciones.<\/p>\n<p>Lo que marca la diferencia es que periodistas, editoras y editores \u2014sean hombres o mujeres\u2014 asuman una perspectiva de g\u00e9nero, es decir, la capacidad de identificar y cuestionar esos estereotipos en el trabajo cotidiano, en lugar de reproducirlos, sostuvo.<\/p>\n<h3><strong>Las cifras confirman estancamiento <\/strong><\/h3>\n<p><a href=\"https:\/\/whomakesthenews.org\/wp-content\/uploads\/2026\/02\/GMMP2025-InformeNacional-Cuba.pdf\">Seg\u00fan los datos presentados<\/a> por la coordinadora nacional en Cuba del GMMP, Lisandra Fari\u00f1as, las mujeres son 19 por ciento de las personas-sujeto en medios tradicionales y 17 por ciento en internet, por debajo de los promedios mundial y caribe\u00f1o, pese a que son mayor\u00eda entre las periodistas de la prensa escrita e internet.<\/p>\n<p>Ninguno de los 11 medios cubanos monitoreados cubri\u00f3 un caso de violencia basada en g\u00e9nero el d\u00eda del estudio &#8211;realizado el 6 de mayo de 2025&#8211;, ni incluy\u00f3 voces de personas en situaci\u00f3n de discapacidad.<\/p>\n<figure id=\"attachment_817\" aria-describedby=\"caption-attachment-817\" style=\"width: 1101px\" class=\"wp-caption alignnone\"><img loading=\"lazy\" decoding=\"async\" class=\"size-full wp-image-817\" src=\"https:\/\/redsemlac.com\/wp-content\/uploads\/2026\/08\/solange.jpg\" alt=\"Solange De La Cruz Matos, coordinadora nacionaldel GMMP en Rep\u00fablica Dominicana, vincul\u00f3 la ca\u00edda en la presencia de mujeres como sujeto de noticia a la disminuci\u00f3n de mujeres en las propias redacciones.\" width=\"1101\" height=\"976\" srcset=\"https:\/\/redsemlac.com\/wp-content\/uploads\/2026\/08\/solange.jpg 1101w, https:\/\/redsemlac.com\/wp-content\/uploads\/2026\/08\/solange-300x266.jpg 300w, https:\/\/redsemlac.com\/wp-content\/uploads\/2026\/08\/solange-1024x908.jpg 1024w, https:\/\/redsemlac.com\/wp-content\/uploads\/2026\/08\/solange-768x681.jpg 768w, https:\/\/redsemlac.com\/wp-content\/uploads\/2026\/08\/solange-474x420.jpg 474w, https:\/\/redsemlac.com\/wp-content\/uploads\/2026\/08\/solange-150x133.jpg 150w, https:\/\/redsemlac.com\/wp-content\/uploads\/2026\/08\/solange-696x617.jpg 696w, https:\/\/redsemlac.com\/wp-content\/uploads\/2026\/08\/solange-1068x947.jpg 1068w\" sizes=\"auto, (max-width: 1101px) 100vw, 1101px\" \/><figcaption id=\"caption-attachment-817\" class=\"wp-caption-text\">Solange De La Cruz Matos, coordinadora nacionaldel GMMP en Rep\u00fablica Dominicana, vincul\u00f3 la ca\u00edda en la presencia de mujeres como sujeto de noticia a la disminuci\u00f3n de mujeres en las propias redacciones. Foto: Espacinsular<\/figcaption><\/figure>\n<p>Los datos del resto de los pa\u00edses antillanosmuestran matices de una misma tendencia. En Rep\u00fablica Dominicana, las mujeres representan apenas 19 por ciento de las personas-sujeto de noticia en prensa y televisi\u00f3n, y 24 por ciento en sitios de noticias digitales. <a href=\"https:\/\/whomakesthenews.org\/wp-content\/uploads\/2026\/02\/GMMP2025-InformeNacional-RepublicaDominicana.pdf\">Las cifras muestran, adem\u00e1s, una ca\u00edda sostenida frente a los monitoreos de 2015 y 2020<\/a>, que la coordinadora nacional del GMMP, Solange De La Cruz Matos, vincul\u00f3 con la disminuci\u00f3n de mujeres en las propias redacciones.<\/p>\n<p>En tanto, Hait\u00ed registr\u00f3 la subrepresentaci\u00f3n m\u00e1s severa: 14 por ciento de mujeres como sujeto de noticias en medios tradicionales y 20 por ciento en internet, de acuerdo con la coordinadora nacional J\u00e9ruscha Vasti Michel. El monitoreo en esta naci\u00f3n evidenci\u00f3 una agenda de pol\u00edtica y gobernanza cubierta en 90 por ciento por hombres, en un contexto marcado por la violencia de pandillas y las amenazas contra periodistas.<\/p>\n<figure id=\"attachment_818\" aria-describedby=\"caption-attachment-818\" style=\"width: 800px\" class=\"wp-caption alignnone\"><img loading=\"lazy\" decoding=\"async\" class=\"size-full wp-image-818\" src=\"https:\/\/redsemlac.com\/wp-content\/uploads\/2026\/08\/Jeruscha.jpg\" alt=\"J\u00e9ruscha Vasti Michel, coordinadora nacional delGMMP en Hait\u00ed, expuso que la agenda de pol\u00edtica y gobernanza en supa\u00eds est\u00e1 cubierta 90 por ciento por hombres, en un contextomarcado por la violencia de pandillas y las amenazas contraperiodistas. \" width=\"800\" height=\"693\" srcset=\"https:\/\/redsemlac.com\/wp-content\/uploads\/2026\/08\/Jeruscha.jpg 800w, https:\/\/redsemlac.com\/wp-content\/uploads\/2026\/08\/Jeruscha-300x260.jpg 300w, https:\/\/redsemlac.com\/wp-content\/uploads\/2026\/08\/Jeruscha-768x665.jpg 768w, https:\/\/redsemlac.com\/wp-content\/uploads\/2026\/08\/Jeruscha-485x420.jpg 485w, https:\/\/redsemlac.com\/wp-content\/uploads\/2026\/08\/Jeruscha-150x130.jpg 150w, https:\/\/redsemlac.com\/wp-content\/uploads\/2026\/08\/Jeruscha-696x603.jpg 696w\" sizes=\"auto, (max-width: 800px) 100vw, 800px\" \/><figcaption id=\"caption-attachment-818\" class=\"wp-caption-text\">J\u00e9ruscha Vasti Michel, coordinadora nacional delGMMP en Hait\u00ed, expuso que la agenda de pol\u00edtica y gobernanza en supa\u00eds est\u00e1 cubierta 90 por ciento por hombres, en un contextomarcado por la violencia de pandillas y las amenazas contraperiodistas. Foto: Espacinsular<\/figcaption><\/figure>\n<p>Puerto Rico, cuyo monitoreo estuvo coordinado por Lourdes Lugo Ortiz, fue <a href=\"https:\/\/whomakesthenews.org\/wp-content\/uploads\/2026\/08\/GMMP2025-InformeNacional-PuertoRico.pdf\">el pa\u00eds que m\u00e1s se acerc\u00f3 a la paridad<\/a>, con 38 por ciento de mujeres como sujeto de noticia en medios tradicionales y 44 por ciento en plataformas digitales, aunque persisten brechas.<\/p>\n<p>Sin embargo, las personas transg\u00e9nero o no binarias son casi inexistentes en las noticias y, entre las personas negras identificadas, apenas 37 por ciento son mujeres, de acuerdo con el informe del pa\u00eds boricua.<\/p>\n<p>En un mensaje enviado al foro, la directora global del GMMP, Sara Macharia, situ\u00f3 estas cifras en una tendencia evidenciada a lo largo de las tres d\u00e9cadas y siete jornadas de monitoreo: la calidad de la cobertura noticiosa con enfoque de g\u00e9nero sigue siendo deficiente en el mundo entero. Solo entre tres y cuatro por ciento de las noticias cuestiona claramente los estereotipos de g\u00e9nero.<\/p>\n<p>Macharia comparti\u00f3 varios aprendizajes centrales: que los desaf\u00edos son sist\u00e9micos, profundamente arraigados y resistentes al cambio en todo el planeta, y que la marginaci\u00f3n de las mujeres en las noticias contribuye activamente a la actual crisis de los derechos de las mujeres en el mundo.<\/p>\n<p>\u201cDefender los derechos a la comunicaci\u00f3n es defender la posibilidad de defender todo lo dem\u00e1s\u201d, afirm\u00f3 la directora global del GMMP, quien advirti\u00f3 adem\u00e1s que el panorama informativo actual es predominantemente digital, con viejos y nuevos desaf\u00edos amplificados por tecnolog\u00edas emergentes, como la inteligencia artificial.<\/p>\n<h3><strong>Aparecer no es siempre tener voz<\/strong><\/h3>\n<p>El diagn\u00f3stico de fondo, compartido por periodistas y comunicadoras de los cuatro pa\u00edses presentes en el foro, es que los medios y las redes digitales no son espejos neutros de la realidad, sino actores que deciden qu\u00e9 historias se cuentan y cu\u00e1les se silencian.<\/p>\n<p><img loading=\"lazy\" decoding=\"async\" class=\"alignnone size-full wp-image-819\" src=\"https:\/\/redsemlac.com\/wp-content\/uploads\/2026\/08\/caribe-noticias.jpg\" alt=\"\" width=\"1375\" height=\"768\" srcset=\"https:\/\/redsemlac.com\/wp-content\/uploads\/2026\/08\/caribe-noticias.jpg 1375w, https:\/\/redsemlac.com\/wp-content\/uploads\/2026\/08\/caribe-noticias-300x168.jpg 300w, https:\/\/redsemlac.com\/wp-content\/uploads\/2026\/08\/caribe-noticias-1024x572.jpg 1024w, https:\/\/redsemlac.com\/wp-content\/uploads\/2026\/08\/caribe-noticias-768x429.jpg 768w, https:\/\/redsemlac.com\/wp-content\/uploads\/2026\/08\/caribe-noticias-752x420.jpg 752w, https:\/\/redsemlac.com\/wp-content\/uploads\/2026\/08\/caribe-noticias-150x84.jpg 150w, https:\/\/redsemlac.com\/wp-content\/uploads\/2026\/08\/caribe-noticias-696x389.jpg 696w, https:\/\/redsemlac.com\/wp-content\/uploads\/2026\/08\/caribe-noticias-1068x597.jpg 1068w\" sizes=\"auto, (max-width: 1375px) 100vw, 1375px\" \/><\/p>\n<p>\u201cSi las noticias deben reflejar la realidad, \u00bfc\u00f3mo es posible que alimenten la ilusi\u00f3n de que las mujeres son solo el 26 por ciento de la poblaci\u00f3n mundial?\u201d, fue una de las preguntas planteadas en el debate.<\/p>\n<p>Durante el intercambio, trascendi\u00f3 que ser fuente de una noticia no equivale necesariamente a tener voz autorizada en ella: una mujer puede figurar como v\u00edctima, testigo o persona afectada, mientras que ser convocada como economista, cient\u00edfica o analista para explicar un problema de inter\u00e9s p\u00fablico contin\u00faa siendo la excepci\u00f3n. A ello se a\u00f1ade que el rol de ellas visibilizado con m\u00e1s frecuencia por los medios es el de madre o cuidadora, en detrimento de otras funciones sociales y profesionales.<\/p>\n<p>En ninguno de los cuatro pa\u00edses se desaf\u00edan de forma sistem\u00e1tica los estereotipos de g\u00e9nero en la cobertura medi\u00e1tica, seg\u00fan los resultados de los informes presentados. Peor a\u00fan, la violencia basada en g\u00e9nero es un punto ciego com\u00fan, con distintos grados de invisibilizaci\u00f3n.<\/p>\n<p>Esta exclusi\u00f3n se profundiza, adem\u00e1s, cuando se cruza con otras formas de discriminaci\u00f3n por color de piel, clase social, territorio, discapacidad, edad, condici\u00f3n migratoria u orientaci\u00f3n sexual e identidad de g\u00e9nero, como ocurre con las mujeres de barrios populares, las mujeres negras o las trabajadoras informales.<\/p>\n<h3><strong>Que ellas tambi\u00e9ncuenten las historias<\/strong><\/h3>\n<p>Frente a este panorama, periodistas, acad\u00e9micos, docentes, representantes de instituciones y monitores coincidieron en que urgen acciones para revertir la subrepresentaci\u00f3n de las mujeres en las noticias.<\/p>\n<p>Entre las propuestas figura la creaci\u00f3n de una Red Antillana de Mujeres Expertas, un directorio regional organizado por especialidades y pa\u00edses que conectar\u00e1 de forma permanente a universidades, organizaciones profesionales, mujeres expertas y redacciones.<\/p>\n<p>Asimismo, se plante\u00f3 incorporar la perspectiva de g\u00e9nero como criterio transversal en las pol\u00edticas editoriales de los medios, con revisi\u00f3n peri\u00f3dica de qui\u00e9nes aparecen como fuentes, protagonistas y especialistas, adem\u00e1s de gu\u00edas editoriales que ayuden a evitar enfoques sexistas o estereotipados.<\/p>\n<p>Para Isaura Cotes, del Instituto de Investigaci\u00f3n y Estudios de G\u00e9nero y Familia de la UASD (IEGF-UASD), es fundamental la formaci\u00f3n continua en enfoque de g\u00e9nero e interseccionalidad, no solo entre periodistas, sino tambi\u00e9n entre quienes editan, deciden agendas y dirigen redacciones.<\/p>\n<figure id=\"attachment_820\" aria-describedby=\"caption-attachment-820\" style=\"width: 1600px\" class=\"wp-caption alignnone\"><img loading=\"lazy\" decoding=\"async\" class=\"size-full wp-image-820\" src=\"https:\/\/redsemlac.com\/wp-content\/uploads\/2026\/08\/foto-grupal.jpg\" alt=\"Periodistas, acad\u00e9micas, monitoras y representantes de organizaciones presentes en el foro coincidieron enque los medios no son espejos neutros de la realidad, sino actores quedeciden qu\u00e9 historias se cuentan y cu\u00e1les se silencian.\" width=\"1600\" height=\"640\" srcset=\"https:\/\/redsemlac.com\/wp-content\/uploads\/2026\/08\/foto-grupal.jpg 1600w, https:\/\/redsemlac.com\/wp-content\/uploads\/2026\/08\/foto-grupal-300x120.jpg 300w, https:\/\/redsemlac.com\/wp-content\/uploads\/2026\/08\/foto-grupal-1024x410.jpg 1024w, https:\/\/redsemlac.com\/wp-content\/uploads\/2026\/08\/foto-grupal-768x307.jpg 768w, https:\/\/redsemlac.com\/wp-content\/uploads\/2026\/08\/foto-grupal-1536x614.jpg 1536w, https:\/\/redsemlac.com\/wp-content\/uploads\/2026\/08\/foto-grupal-1050x420.jpg 1050w, https:\/\/redsemlac.com\/wp-content\/uploads\/2026\/08\/foto-grupal-150x60.jpg 150w, https:\/\/redsemlac.com\/wp-content\/uploads\/2026\/08\/foto-grupal-696x278.jpg 696w, https:\/\/redsemlac.com\/wp-content\/uploads\/2026\/08\/foto-grupal-1068x427.jpg 1068w\" sizes=\"auto, (max-width: 1600px) 100vw, 1600px\" \/><figcaption id=\"caption-attachment-820\" class=\"wp-caption-text\">Periodistas, acad\u00e9micas, monitoras y representantes de organizaciones presentes en el foro coincidieron enque los medios no son espejos neutros de la realidad, sino actores quedeciden qu\u00e9 historias se cuentan y cu\u00e1les se silencian. Foto: Espacinsular<\/figcaption><\/figure>\n<p>Es necesario impulsar, desde las escuelas de comunicaci\u00f3n y en todos los niveles educativos \u2014partiendo del ciclo b\u00e1sico\u2014, una formaci\u00f3n en derechos humanos, dignidad e igualdad de g\u00e9nero, para que ni\u00f1as y adolescentes de la regi\u00f3n crezcan con referentes de mujeres en posiciones de autoridad y conocimiento, sostuvo.<\/p>\n<p>Otras acciones propuestas incluyen desarrollar programas de formaci\u00f3n en vocer\u00eda y comunicaci\u00f3n p\u00fablica para mujeres expertas; impulsar su presencia en cargos de direcci\u00f3n editorial; exigir y acompa\u00f1ar la incorporaci\u00f3n sistem\u00e1tica de la violencia basada en g\u00e9nero en la agenda informativa, con un enfoque de derechos humanos y no de sensacionalismo, y fortalecer redes de apoyo y solidaridad digital que permitan a comunicadoras y periodistas de la regi\u00f3n enfrentar las distintas formas de violencia y hostigamiento en l\u00ednea.<\/p>\n<p>El Foro en Torno a las Mujeres en las Noticias Antillanasfue organizado por Espacio de Comunicaci\u00f3n Insular (Espacinsular), el IEGF-UASD y la Asociaci\u00f3n Mundial para la Comunicaci\u00f3n Cristiana (WACC).<\/p>\n","protected":false},"excerpt":{"rendered":"<p>Un sistema patriarcal y androc\u00e9ntrico atraviesa las sociedades antillanas y sostiene la persistente subrepresentaci\u00f3n de las mujeres en las noticias.<\/p>\n","protected":false},"author":9,"featured_media":815,"comment_status":"open","ping_status":"open","sticky":false,"template":"","format":"standard","meta":{"footnotes":""},"categories":[26],"tags":[88,109,37,138,213],"class_list":["post-813","post","type-post","status-publish","format-standard","has-post-thumbnail","category-comunicacion","tag-america-latina-y-el-caribe","tag-brechas-de-genero","tag-cuba","tag-medios-de-comunicacion","tag-monitoreo-global-de-medios"],"yoast_head":"<!-- This site is optimized with the Yoast SEO plugin v28.3 - https:\/\/yoast.com\/product\/yoast-seo-wordpress\/ -->\n<title>Caribe: Mujeres siguen relegadas en las noticias - RedSemLac<\/title>\n<meta name=\"robots\" content=\"index, follow, max-snippet:-1, max-image-preview:large, max-video-preview:-1\" \/>\n<link rel=\"canonical\" href=\"https:\/\/redsemlac.com\/index.php\/2026\/08\/22\/caribe-mujeres-siguen-relegadas-en-las-noticias\/\" \/>\n<meta property=\"og:locale\" content=\"es_MX\" \/>\n<meta property=\"og:type\" content=\"article\" \/>\n<meta property=\"og:title\" content=\"Caribe: Mujeres siguen relegadas en las noticias - RedSemLac\" \/>\n<meta property=\"og:description\" content=\"Un sistema patriarcal y androc\u00e9ntrico atraviesa las sociedades antillanas y sostiene la persistente subrepresentaci\u00f3n de las mujeres en las noticias.\" \/>\n<meta property=\"og:url\" content=\"https:\/\/redsemlac.com\/index.php\/2026\/08\/22\/caribe-mujeres-siguen-relegadas-en-las-noticias\/\" \/>\n<meta property=\"og:site_name\" content=\"RedSemLac\" \/>\n<meta property=\"article:published_time\" content=\"2026-08-22T20:32:31+00:00\" \/>\n<meta property=\"og:image\" content=\"https:\/\/redsemlac.com\/wp-content\/uploads\/2026\/08\/foro-sara-edit.jpg\" \/>\n\t<meta property=\"og:image:width\" content=\"617\" \/>\n\t<meta property=\"og:image:height\" content=\"407\" \/>\n\t<meta property=\"og:image:type\" content=\"image\/jpeg\" \/>\n<meta name=\"author\" content=\"De la Redacci\u00f3n\" \/>\n<meta name=\"twitter:card\" content=\"summary_large_image\" \/>\n<meta name=\"twitter:label1\" content=\"Escrito por\" \/>\n\t<meta name=\"twitter:data1\" content=\"De la Redacci\u00f3n\" \/>\n\t<meta name=\"twitter:label2\" content=\"Tiempo de lectura\" \/>\n\t<meta name=\"twitter:data2\" content=\"8 minutos\" \/>\n<script type=\"application\/ld+json\" class=\"yoast-schema-graph\">{\"@context\":\"https:\\\/\\\/schema.org\",\"@graph\":[{\"@type\":\"Article\",\"@id\":\"https:\\\/\\\/redsemlac.com\\\/index.php\\\/2026\\\/08\\\/22\\\/caribe-mujeres-siguen-relegadas-en-las-noticias\\\/#article\",\"isPartOf\":{\"@id\":\"https:\\\/\\\/redsemlac.com\\\/index.php\\\/2026\\\/08\\\/22\\\/caribe-mujeres-siguen-relegadas-en-las-noticias\\\/\"},\"author\":{\"name\":\"De la Redacci\u00f3n\",\"@id\":\"https:\\\/\\\/redsemlac.com\\\/#\\\/schema\\\/person\\\/994ca3ea8d2ab8126053866e823f341d\"},\"headline\":\"Caribe: Mujeres siguen relegadas en las noticias\",\"datePublished\":\"2026-08-22T20:32:31+00:00\",\"mainEntityOfPage\":{\"@id\":\"https:\\\/\\\/redsemlac.com\\\/index.php\\\/2026\\\/08\\\/22\\\/caribe-mujeres-siguen-relegadas-en-las-noticias\\\/\"},\"wordCount\":1607,\"commentCount\":0,\"publisher\":{\"@id\":\"https:\\\/\\\/redsemlac.com\\\/#organization\"},\"image\":{\"@id\":\"https:\\\/\\\/redsemlac.com\\\/index.php\\\/2026\\\/08\\\/22\\\/caribe-mujeres-siguen-relegadas-en-las-noticias\\\/#primaryimage\"},\"thumbnailUrl\":\"https:\\\/\\\/redsemlac.com\\\/wp-content\\\/uploads\\\/2026\\\/08\\\/foro-sara-edit.jpg\",\"keywords\":[\"Am\u00e9rica Latina y el Caribe\",\"Brechas de g\u00e9nero\",\"Cuba\",\"Medios de comunicaci\u00f3n\",\"Monitoreo Global de Medios\"],\"articleSection\":[\"Comunicaci\u00f3n\"],\"inLanguage\":\"es\",\"potentialAction\":[{\"@type\":\"CommentAction\",\"name\":\"Comment\",\"target\":[\"https:\\\/\\\/redsemlac.com\\\/index.php\\\/2026\\\/08\\\/22\\\/caribe-mujeres-siguen-relegadas-en-las-noticias\\\/#respond\"]}]},{\"@type\":\"WebPage\",\"@id\":\"https:\\\/\\\/redsemlac.com\\\/index.php\\\/2026\\\/08\\\/22\\\/caribe-mujeres-siguen-relegadas-en-las-noticias\\\/\",\"url\":\"https:\\\/\\\/redsemlac.com\\\/index.php\\\/2026\\\/08\\\/22\\\/caribe-mujeres-siguen-relegadas-en-las-noticias\\\/\",\"name\":\"Caribe: Mujeres siguen relegadas en las noticias - RedSemLac\",\"isPartOf\":{\"@id\":\"https:\\\/\\\/redsemlac.com\\\/#website\"},\"primaryImageOfPage\":{\"@id\":\"https:\\\/\\\/redsemlac.com\\\/index.php\\\/2026\\\/08\\\/22\\\/caribe-mujeres-siguen-relegadas-en-las-noticias\\\/#primaryimage\"},\"image\":{\"@id\":\"https:\\\/\\\/redsemlac.com\\\/index.php\\\/2026\\\/08\\\/22\\\/caribe-mujeres-siguen-relegadas-en-las-noticias\\\/#primaryimage\"},\"thumbnailUrl\":\"https:\\\/\\\/redsemlac.com\\\/wp-content\\\/uploads\\\/2026\\\/08\\\/foro-sara-edit.jpg\",\"datePublished\":\"2026-08-22T20:32:31+00:00\",\"breadcrumb\":{\"@id\":\"https:\\\/\\\/redsemlac.com\\\/index.php\\\/2026\\\/08\\\/22\\\/caribe-mujeres-siguen-relegadas-en-las-noticias\\\/#breadcrumb\"},\"inLanguage\":\"es\",\"potentialAction\":[{\"@type\":\"ReadAction\",\"target\":[\"https:\\\/\\\/redsemlac.com\\\/index.php\\\/2026\\\/08\\\/22\\\/caribe-mujeres-siguen-relegadas-en-las-noticias\\\/\"]}]},{\"@type\":\"ImageObject\",\"inLanguage\":\"es\",\"@id\":\"https:\\\/\\\/redsemlac.com\\\/index.php\\\/2026\\\/08\\\/22\\\/caribe-mujeres-siguen-relegadas-en-las-noticias\\\/#primaryimage\",\"url\":\"https:\\\/\\\/redsemlac.com\\\/wp-content\\\/uploads\\\/2026\\\/08\\\/foro-sara-edit.jpg\",\"contentUrl\":\"https:\\\/\\\/redsemlac.com\\\/wp-content\\\/uploads\\\/2026\\\/08\\\/foro-sara-edit.jpg\",\"width\":617,\"height\":407,\"caption\":\"La directora global del GMMP, Sara Macharia,advirti\u00f3 en un mensaje enviado al Foro que la marginaci\u00f3n de las mujeres en las noticias contribuye activamente a la actual crisis de los derechos de las mujeres en el mundo. Foto: Espacinsular\"},{\"@type\":\"BreadcrumbList\",\"@id\":\"https:\\\/\\\/redsemlac.com\\\/index.php\\\/2026\\\/08\\\/22\\\/caribe-mujeres-siguen-relegadas-en-las-noticias\\\/#breadcrumb\",\"itemListElement\":[{\"@type\":\"ListItem\",\"position\":1,\"name\":\"Inicio\",\"item\":\"https:\\\/\\\/redsemlac.com\\\/\"},{\"@type\":\"ListItem\",\"position\":2,\"name\":\"Caribe: Mujeres siguen relegadas en las noticias\"}]},{\"@type\":\"WebSite\",\"@id\":\"https:\\\/\\\/redsemlac.com\\\/#website\",\"url\":\"https:\\\/\\\/redsemlac.com\\\/\",\"name\":\"RedSemLac\",\"description\":\"\",\"publisher\":{\"@id\":\"https:\\\/\\\/redsemlac.com\\\/#organization\"},\"potentialAction\":[{\"@type\":\"SearchAction\",\"target\":{\"@type\":\"EntryPoint\",\"urlTemplate\":\"https:\\\/\\\/redsemlac.com\\\/?s={search_term_string}\"},\"query-input\":{\"@type\":\"PropertyValueSpecification\",\"valueRequired\":true,\"valueName\":\"search_term_string\"}}],\"inLanguage\":\"es\"},{\"@type\":\"Organization\",\"@id\":\"https:\\\/\\\/redsemlac.com\\\/#organization\",\"name\":\"RedSemLac\",\"url\":\"https:\\\/\\\/redsemlac.com\\\/\",\"logo\":{\"@type\":\"ImageObject\",\"inLanguage\":\"es\",\"@id\":\"https:\\\/\\\/redsemlac.com\\\/#\\\/schema\\\/logo\\\/image\\\/\",\"url\":\"https:\\\/\\\/redsemlac.com\\\/wp-content\\\/uploads\\\/2026\\\/07\\\/logo_redsemlac.png\",\"contentUrl\":\"https:\\\/\\\/redsemlac.com\\\/wp-content\\\/uploads\\\/2026\\\/07\\\/logo_redsemlac.png\",\"width\":170,\"height\":105,\"caption\":\"RedSemLac\"},\"image\":{\"@id\":\"https:\\\/\\\/redsemlac.com\\\/#\\\/schema\\\/logo\\\/image\\\/\"}},{\"@type\":\"Person\",\"@id\":\"https:\\\/\\\/redsemlac.com\\\/#\\\/schema\\\/person\\\/994ca3ea8d2ab8126053866e823f341d\",\"name\":\"De la Redacci\u00f3n\",\"image\":{\"@type\":\"ImageObject\",\"inLanguage\":\"es\",\"@id\":\"https:\\\/\\\/secure.gravatar.com\\\/avatar\\\/d54bd60ba359403a6c6b6b81a6e2d398dac7df8a15b7d2fc399ea35e44220e22?s=96&d=mm&r=g\",\"url\":\"https:\\\/\\\/secure.gravatar.com\\\/avatar\\\/d54bd60ba359403a6c6b6b81a6e2d398dac7df8a15b7d2fc399ea35e44220e22?s=96&d=mm&r=g\",\"contentUrl\":\"https:\\\/\\\/secure.gravatar.com\\\/avatar\\\/d54bd60ba359403a6c6b6b81a6e2d398dac7df8a15b7d2fc399ea35e44220e22?s=96&d=mm&r=g\",\"caption\":\"De la Redacci\u00f3n\"},\"sameAs\":[\"https:\\\/\\\/redsemlac.com\"],\"url\":\"https:\\\/\\\/redsemlac.com\\\/index.php\\\/author\\\/redaccion\\\/\"}]}<\/script>\n<!-- \/ Yoast SEO plugin. -->","yoast_head_json":{"title":"Caribe: Mujeres siguen relegadas en las noticias - RedSemLac","robots":{"index":"index","follow":"follow","max-snippet":"max-snippet:-1","max-image-preview":"max-image-preview:large","max-video-preview":"max-video-preview:-1"},"canonical":"https:\/\/redsemlac.com\/index.php\/2026\/08\/22\/caribe-mujeres-siguen-relegadas-en-las-noticias\/","og_locale":"es_MX","og_type":"article","og_title":"Caribe: Mujeres siguen relegadas en las noticias - RedSemLac","og_description":"Un sistema patriarcal y androc\u00e9ntrico atraviesa las sociedades antillanas y sostiene la persistente subrepresentaci\u00f3n de las mujeres en las noticias.","og_url":"https:\/\/redsemlac.com\/index.php\/2026\/08\/22\/caribe-mujeres-siguen-relegadas-en-las-noticias\/","og_site_name":"RedSemLac","article_published_time":"2026-08-22T20:32:31+00:00","og_image":[{"width":617,"height":407,"url":"https:\/\/redsemlac.com\/wp-content\/uploads\/2026\/08\/foro-sara-edit.jpg","type":"image\/jpeg"}],"author":"De la Redacci\u00f3n","twitter_card":"summary_large_image","twitter_misc":{"Escrito por":"De la Redacci\u00f3n","Tiempo de lectura":"8 minutos"},"schema":{"@context":"https:\/\/schema.org","@graph":[{"@type":"Article","@id":"https:\/\/redsemlac.com\/index.php\/2026\/08\/22\/caribe-mujeres-siguen-relegadas-en-las-noticias\/#article","isPartOf":{"@id":"https:\/\/redsemlac.com\/index.php\/2026\/08\/22\/caribe-mujeres-siguen-relegadas-en-las-noticias\/"},"author":{"name":"De la Redacci\u00f3n","@id":"https:\/\/redsemlac.com\/#\/schema\/person\/994ca3ea8d2ab8126053866e823f341d"},"headline":"Caribe: Mujeres siguen relegadas en las noticias","datePublished":"2026-08-22T20:32:31+00:00","mainEntityOfPage":{"@id":"https:\/\/redsemlac.com\/index.php\/2026\/08\/22\/caribe-mujeres-siguen-relegadas-en-las-noticias\/"},"wordCount":1607,"commentCount":0,"publisher":{"@id":"https:\/\/redsemlac.com\/#organization"},"image":{"@id":"https:\/\/redsemlac.com\/index.php\/2026\/08\/22\/caribe-mujeres-siguen-relegadas-en-las-noticias\/#primaryimage"},"thumbnailUrl":"https:\/\/redsemlac.com\/wp-content\/uploads\/2026\/08\/foro-sara-edit.jpg","keywords":["Am\u00e9rica Latina y el Caribe","Brechas de g\u00e9nero","Cuba","Medios de comunicaci\u00f3n","Monitoreo Global de Medios"],"articleSection":["Comunicaci\u00f3n"],"inLanguage":"es","potentialAction":[{"@type":"CommentAction","name":"Comment","target":["https:\/\/redsemlac.com\/index.php\/2026\/08\/22\/caribe-mujeres-siguen-relegadas-en-las-noticias\/#respond"]}]},{"@type":"WebPage","@id":"https:\/\/redsemlac.com\/index.php\/2026\/08\/22\/caribe-mujeres-siguen-relegadas-en-las-noticias\/","url":"https:\/\/redsemlac.com\/index.php\/2026\/08\/22\/caribe-mujeres-siguen-relegadas-en-las-noticias\/","name":"Caribe: Mujeres siguen relegadas en las noticias - RedSemLac","isPartOf":{"@id":"https:\/\/redsemlac.com\/#website"},"primaryImageOfPage":{"@id":"https:\/\/redsemlac.com\/index.php\/2026\/08\/22\/caribe-mujeres-siguen-relegadas-en-las-noticias\/#primaryimage"},"image":{"@id":"https:\/\/redsemlac.com\/index.php\/2026\/08\/22\/caribe-mujeres-siguen-relegadas-en-las-noticias\/#primaryimage"},"thumbnailUrl":"https:\/\/redsemlac.com\/wp-content\/uploads\/2026\/08\/foro-sara-edit.jpg","datePublished":"2026-08-22T20:32:31+00:00","breadcrumb":{"@id":"https:\/\/redsemlac.com\/index.php\/2026\/08\/22\/caribe-mujeres-siguen-relegadas-en-las-noticias\/#breadcrumb"},"inLanguage":"es","potentialAction":[{"@type":"ReadAction","target":["https:\/\/redsemlac.com\/index.php\/2026\/08\/22\/caribe-mujeres-siguen-relegadas-en-las-noticias\/"]}]},{"@type":"ImageObject","inLanguage":"es","@id":"https:\/\/redsemlac.com\/index.php\/2026\/08\/22\/caribe-mujeres-siguen-relegadas-en-las-noticias\/#primaryimage","url":"https:\/\/redsemlac.com\/wp-content\/uploads\/2026\/08\/foro-sara-edit.jpg","contentUrl":"https:\/\/redsemlac.com\/wp-content\/uploads\/2026\/08\/foro-sara-edit.jpg","width":617,"height":407,"caption":"La directora global del GMMP, Sara Macharia,advirti\u00f3 en un mensaje enviado al Foro que la marginaci\u00f3n de las mujeres en las noticias contribuye activamente a la actual crisis de los derechos de las mujeres en el mundo. Foto: Espacinsular"},{"@type":"BreadcrumbList","@id":"https:\/\/redsemlac.com\/index.php\/2026\/08\/22\/caribe-mujeres-siguen-relegadas-en-las-noticias\/#breadcrumb","itemListElement":[{"@type":"ListItem","position":1,"name":"Inicio","item":"https:\/\/redsemlac.com\/"},{"@type":"ListItem","position":2,"name":"Caribe: Mujeres siguen relegadas en las noticias"}]},{"@type":"WebSite","@id":"https:\/\/redsemlac.com\/#website","url":"https:\/\/redsemlac.com\/","name":"RedSemLac","description":"","publisher":{"@id":"https:\/\/redsemlac.com\/#organization"},"potentialAction":[{"@type":"SearchAction","target":{"@type":"EntryPoint","urlTemplate":"https:\/\/redsemlac.com\/?s={search_term_string}"},"query-input":{"@type":"PropertyValueSpecification","valueRequired":true,"valueName":"search_term_string"}}],"inLanguage":"es"},{"@type":"Organization","@id":"https:\/\/redsemlac.com\/#organization","name":"RedSemLac","url":"https:\/\/redsemlac.com\/","logo":{"@type":"ImageObject","inLanguage":"es","@id":"https:\/\/redsemlac.com\/#\/schema\/logo\/image\/","url":"https:\/\/redsemlac.com\/wp-content\/uploads\/2026\/07\/logo_redsemlac.png","contentUrl":"https:\/\/redsemlac.com\/wp-content\/uploads\/2026\/07\/logo_redsemlac.png","width":170,"height":105,"caption":"RedSemLac"},"image":{"@id":"https:\/\/redsemlac.com\/#\/schema\/logo\/image\/"}},{"@type":"Person","@id":"https:\/\/redsemlac.com\/#\/schema\/person\/994ca3ea8d2ab8126053866e823f341d","name":"De la Redacci\u00f3n","image":{"@type":"ImageObject","inLanguage":"es","@id":"https:\/\/secure.gravatar.com\/avatar\/d54bd60ba359403a6c6b6b81a6e2d398dac7df8a15b7d2fc399ea35e44220e22?s=96&d=mm&r=g","url":"https:\/\/secure.gravatar.com\/avatar\/d54bd60ba359403a6c6b6b81a6e2d398dac7df8a15b7d2fc399ea35e44220e22?s=96&d=mm&r=g","contentUrl":"https:\/\/secure.gravatar.com\/avatar\/d54bd60ba359403a6c6b6b81a6e2d398dac7df8a15b7d2fc399ea35e44220e22?s=96&d=mm&r=g","caption":"De la Redacci\u00f3n"},"sameAs":["https:\/\/redsemlac.com"],"url":"https:\/\/redsemlac.com\/index.php\/author\/redaccion\/"}]}},"_links":{"self":[{"href":"https:\/\/redsemlac.com\/index.php\/wp-json\/wp\/v2\/posts\/813","targetHints":{"allow":["GET"]}}],"collection":[{"href":"https:\/\/redsemlac.com\/index.php\/wp-json\/wp\/v2\/posts"}],"about":[{"href":"https:\/\/redsemlac.com\/index.php\/wp-json\/wp\/v2\/types\/post"}],"author":[{"embeddable":true,"href":"https:\/\/redsemlac.com\/index.php\/wp-json\/wp\/v2\/users\/9"}],"replies":[{"embeddable":true,"href":"https:\/\/redsemlac.com\/index.php\/wp-json\/wp\/v2\/comments?post=813"}],"version-history":[{"count":1,"href":"https:\/\/redsemlac.com\/index.php\/wp-json\/wp\/v2\/posts\/813\/revisions"}],"predecessor-version":[{"id":821,"href":"https:\/\/redsemlac.com\/index.php\/wp-json\/wp\/v2\/posts\/813\/revisions\/821"}],"wp:featuredmedia":[{"embeddable":true,"href":"https:\/\/redsemlac.com\/index.php\/wp-json\/wp\/v2\/media\/815"}],"wp:attachment":[{"href":"https:\/\/redsemlac.com\/index.php\/wp-json\/wp\/v2\/media?parent=813"}],"wp:term":[{"taxonomy":"category","embeddable":true,"href":"https:\/\/redsemlac.com\/index.php\/wp-json\/wp\/v2\/categories?post=813"},{"taxonomy":"post_tag","embeddable":true,"href":"https:\/\/redsemlac.com\/index.php\/wp-json\/wp\/v2\/tags?post=813"}],"curies":[{"name":"wp","href":"https:\/\/api.w.org\/{rel}","templated":true}]}}